{"id":64501,"date":"2026-03-07T13:27:07","date_gmt":"2026-03-07T13:27:07","guid":{"rendered":"https:\/\/bihavadis.com\/?p=64501"},"modified":"2026-03-07T13:27:07","modified_gmt":"2026-03-07T13:27:07","slug":"icisleri-bakani-ciftci-baskan-altayi-ziyaret-etti","status":"publish","type":"post","link":"https:\/\/bihavadis.com\/index.php\/2026\/03\/07\/icisleri-bakani-ciftci-baskan-altayi-ziyaret-etti\/","title":{"rendered":"\u0130\u00e7i\u015fleri Bakan\u0131 \u00c7ift\u00e7i Ba\u015fkan Altay&#8217;\u0131 Ziyaret Etti"},"content":{"rendered":"<p><strong>\u0130\u00e7i\u015fleri Bakan\u0131 Mustafa \u00c7ift\u00e7i, Konya B\u00fcy\u00fck\u015fehir Belediye Ba\u015fkan\u0131 U\u011fur \u0130brahim Altay\u2019\u0131 ziyaret etti. Bakan \u00c7ift\u00e7i Ta\u015f Bina\u2019daki Konya Dijital Tan\u0131t\u0131m Merkezi ile Siyer Sergisi\u2019ni de inceleyerek bilgi ald\u0131.\u00a0<\/strong><\/p>\n<hr\/>\n<p>\u00c7e\u015fitli programlara kat\u0131lmak \u00fczere Konya\u2019ya gelen \u0130\u00e7i\u015fleri Bakan\u0131 Mustafa \u00c7ift\u00e7i, Konya B\u00fcy\u00fck\u015fehir Belediye Ba\u015fkan\u0131 U\u011fur \u0130brahim Altay\u2019\u0131 ziyaret etti.<\/p>\n<p>B\u00fcy\u00fck\u015fehir Belediyesi Ta\u015f Bina\u2019da ger\u00e7ekle\u015fen ziyaretten duydu\u011fu memnuniyeti dile getiren Ba\u015fkan Altay, Bakan \u00c7ift\u00e7i\u2019yi Konya\u2019da a\u011f\u0131rlamaktan b\u00fcy\u00fck memnuniyet duyduklar\u0131 belirterek, ziyaretleri dolay\u0131s\u0131yla te\u015fekk\u00fcrlerini iletti.<\/p>\n<p>\u0130\u00e7i\u015fleri Bakan\u0131 Mustafa \u00c7ift\u00e7i de memleketi Konya\u2019da bulunmaktan duydu\u011fu memnuniyeti ifade ederek Ba\u015fkan Altay\u2019a te\u015fekk\u00fcr etti.<\/p>\n<p>B\u00fcy\u00fck\u015fehir Ta\u015f Bina\u2019daki Konya Dijital Tan\u0131t\u0131m Merkezi ile Siyer Sergisi\u2019ni de inceleyen Bakan \u00c7ift\u00e7i, Ba\u015fkan Altay\u2019dan bilgi ald\u0131.<\/p>\n<p>\u00a0<\/p>\n<p>\u00a0<\/p>\n<p>Kaynak: (BYZHA) Beyaz Haber Ajans\u0131<\/p>\n","protected":false},"excerpt":{"rendered":"<p>\u0130\u00e7i\u015fleri Bakan\u0131 Mustafa \u00c7ift\u00e7i, Konya B\u00fcy\u00fck\u015fehir Belediye Ba\u015fkan\u0131 U\u011fur \u0130brahim Altay\u2019\u0131 ziyaret etti.<\/p>\n","protected":false},"author":1,"featured_media":64502,"comment_status":"open","ping_status":"open","sticky":false,"template":"","format":"standard","meta":{"footnotes":""},"categories":[4],"tags":[436,516,3273,426],"class_list":["post-64501","post","type-post","status-publish","format-standard","has-post-thumbnail","hentry","category-gundem","tag-bakan","tag-baskan","tag-ciftci","tag-konya"],"_links":{"self":[{"href":"https:\/\/bihavadis.com\/index.php\/wp-json\/wp\/v2\/posts\/64501","targetHints":{"allow":["GET"]}}],"collection":[{"href":"https:\/\/bihavadis.com\/index.php\/wp-json\/wp\/v2\/posts"}],"about":[{"href":"https:\/\/bihavadis.com\/index.php\/wp-json\/wp\/v2\/types\/post"}],"author":[{"embeddable":true,"href":"https:\/\/bihavadis.com\/index.php\/wp-json\/wp\/v2\/users\/1"}],"replies":[{"embeddable":true,"href":"https:\/\/bihavadis.com\/index.php\/wp-json\/wp\/v2\/comments?post=64501"}],"version-history":[{"count":1,"href":"https:\/\/bihavadis.com\/index.php\/wp-json\/wp\/v2\/posts\/64501\/revisions"}],"predecessor-version":[{"id":64503,"href":"https:\/\/bihavadis.com\/index.php\/wp-json\/wp\/v2\/posts\/64501\/revisions\/64503"}],"wp:featuredmedia":[{"embeddable":true,"href":"https:\/\/bihavadis.com\/index.php\/wp-json\/wp\/v2\/media\/64502"}],"wp:attachment":[{"href":"https:\/\/bihavadis.com\/index.php\/wp-json\/wp\/v2\/media?parent=64501"}],"wp:term":[{"taxonomy":"category","embeddable":true,"href":"https:\/\/bihavadis.com\/index.php\/wp-json\/wp\/v2\/categories?post=64501"},{"taxonomy":"post_tag","embeddable":true,"href":"https:\/\/bihavadis.com\/index.php\/wp-json\/wp\/v2\/tags?post=64501"}],"curies":[{"name":"wp","href":"https:\/\/api.w.org\/{rel}","templated":true}]}}