{"id":64545,"date":"2026-03-07T14:00:07","date_gmt":"2026-03-07T14:00:07","guid":{"rendered":"https:\/\/bihavadis.com\/?p=64545"},"modified":"2026-03-07T14:00:07","modified_gmt":"2026-03-07T14:00:07","slug":"yatirim-ortamini-iyilestirme-kurulu-toplantisinda-5g-yetkilendirmesi-konusuldu","status":"publish","type":"post","link":"https:\/\/bihavadis.com\/index.php\/2026\/03\/07\/yatirim-ortamini-iyilestirme-kurulu-toplantisinda-5g-yetkilendirmesi-konusuldu\/","title":{"rendered":"Yat\u0131r\u0131m Ortam\u0131n\u0131 \u0130yile\u015ftirme Kurulu Toplant\u0131s\u0131&#8217;nda 5G yetkilendirmesi konu\u015fuldu"},"content":{"rendered":"<p>Yat\u0131r\u0131m Ortam\u0131n\u0131 \u0130yile\u015ftirme Koordinasyon Kurulu Toplant\u0131s\u0131 (YO\u0130KK) ger\u00e7ekle\u015ftirildi.<\/p>\n<p>Cumhurba\u015fkan\u0131 Yard\u0131mc\u0131s\u0131 Cevdet Y\u0131lmaz, Cumhurba\u015fkanl\u0131\u011f\u0131 K\u00fclliyesi&#8217;nde \u201cYat\u0131r\u0131m Ortam\u0131n\u0131 \u0130yile\u015ftirme Koordinasyon Kurulu Toplant\u0131s\u0131\u201dna ba\u015fkanl\u0131k etti.<\/p>\n<p>Cevdet Y\u0131lmaz, yapt\u0131\u011f\u0131 bilgilendirmede \u015fubat ay\u0131 itibar\u0131yla 9 eylemin tamamland\u0131\u011f\u0131n\u0131 belirterek \u015fu a\u00e7\u0131klamada bulundu:<\/p>\n<p>KOB\u0130 tan\u0131m\u0131 g\u00fcncellendi. Net sat\u0131\u015f has\u0131lat\u0131 500 milyon TL\u2019den 1 milyar TL\u2019ye y\u00fckseltildi.\u202813 ilde 16 sanayi alan\u0131 tespit edildi ve yat\u0131r\u0131m alan\u0131 olarak ilan edildi.\u2028R\u00fczgar ve g\u00fcne\u015f enerjisi d\u0131\u015f\u0131nda lisanss\u0131z enerji tesisi kapasite tahsisinden muaf tutuldu.<\/p>\n<p><strong>&#8220;YO\u0130KK YILIN \u0130LK TOPLANTISINI, GEN\u0130\u015e KATILIMIYLA GER\u00c7EKLE\u015eT\u0130RD\u0130K&#8221;<\/strong><\/p>\n<p>Cevdet Y\u0131lmaz toplant\u0131n\u0131n ard\u0131ndan yay\u0131nlad\u0131\u011f\u0131 mesaj\u0131nda <b><em>&#8220;Toplant\u0131m\u0131z\u0131n ve al\u0131nan kararlar\u0131n hay\u0131rlara vesile olmas\u0131n\u0131 diliyor; kurul \u00e7al\u0131\u015fmalar\u0131na katk\u0131 veren t\u00fcm payda\u015flar\u0131m\u0131za te\u015fekk\u00fcr ediyorum.&#8221;<\/em><\/b> diyerek, \u015fu ifadeleri kulland\u0131:<\/p>\n<p>Yat\u0131r\u0131m Ortam\u0131n\u0131 \u0130yile\u015ftirme Koordinasyon Kurulu (YO\u0130KK) olarak 2026 y\u0131l\u0131n\u0131n ilk toplant\u0131s\u0131n\u0131, ilgili bakanlar\u0131m\u0131z, kurumlar\u0131m\u0131z ve \u00f6zel sekt\u00f6r temsilcilerimizin geni\u015f kat\u0131l\u0131m\u0131yla ger\u00e7ekle\u015ftirdik.<\/p>\n<p><strong>TOPLANTI BA\u015eLIKLARI<\/strong><\/p>\n<p>Bug\u00fcnk\u00fc toplant\u0131m\u0131zda; 10 Temmuz 2025\u2019te a\u00e7\u0131klanan YO\u0130KK Eylem Plan\u0131\u2019nda yer alan 39 eyleme ili\u015fkin kaydedilen geli\u015fmeleri, 5G yetkilendirmesi, fiber altyap\u0131n\u0131n g\u00fc\u00e7lendirilmesi, KOB\u0130 tan\u0131m\u0131n\u0131n g\u00fcncellenmesi ve dijitalle\u015fmeye y\u00f6nelik hukuki d\u00fczenlemeler ba\u015fta olmak \u00fczere yat\u0131r\u0131m s\u00fcre\u00e7lerini h\u0131zland\u0131ran ad\u0131mlar\u0131, sanayinin finansmana eri\u015fimini kolayla\u015ft\u0131ran uygulamalar\u0131, ihracat finansman\u0131 desteklerini ve yerel kalk\u0131nma hamlelerini, yenilenebilir enerji yat\u0131r\u0131mlar\u0131nda izin s\u00fcre\u00e7lerinin iyile\u015ftirilmesi, ye\u015fil d\u00f6n\u00fc\u015f\u00fcm ve T\u00fcrkiye Ye\u015fil Taksonomisi \u00e7al\u0131\u015fmalar\u0131n\u0131 de\u011ferlendirdik.<\/p>\n<p><img decoding=\"async\" src=\"https:\/\/bihavadis.com\/wp-content\/uploads\/2026\/03\/yatirim-ortamini-iyilestirme-kurulu-toplantisinda-5g-yetkilendirmesi-konusuldu-0-pFAwX86Y.jpg\"\/><\/p>\n<p><strong>&#8220;\u0130K\u0130Z D\u00d6N\u00dc\u015e\u00dcM\u00dc HIZLANDIRAN ADIMLARI KARARLILIKLA S\u00dcRD\u00dcRECE\u011e\u0130Z&#8221;<\/strong><\/p>\n<p>Kamu-\u00f6zel sekt\u00f6r isti\u015faresinin en \u00f6nemli platformlar\u0131ndan biri olan YO\u0130KK kapsam\u0131nda, yat\u0131r\u0131m s\u00fcre\u00e7lerini sadele\u015ftiren, \u00fcretimi ve ihracat\u0131 g\u00fc\u00e7lendiren, ikiz d\u00f6n\u00fc\u015f\u00fcm\u00fc h\u0131zland\u0131ran ad\u0131mlar\u0131 kararl\u0131l\u0131kla s\u00fcrd\u00fcrece\u011fiz.<\/p>\n<div> <span><strong>Kaynak:<\/strong> Ensonhaber Haber Merkezi<\/span> <\/div>\n","protected":false},"excerpt":{"rendered":"<p>Yat\u0131r\u0131m Ortam\u0131n\u0131 \u0130yile\u015ftirme Koordinasyon Kurulu Toplant\u0131s\u0131 (YO\u0130KK) ger\u00e7ekle\u015ftirildi. Cumhurba\u015fkan\u0131 Yard\u0131mc\u0131s\u0131 Cevdet Y\u0131lmaz, Cumhurba\u015fkanl\u0131\u011f\u0131 K\u00fclliyesi&#8217;nde \u201cYat\u0131r\u0131m Ortam\u0131n\u0131 \u0130yile\u015ftirme Koordinasyon Kurulu Toplant\u0131s\u0131\u201dna ba\u015fkanl\u0131k etti. Cevdet Y\u0131lmaz &#8230;<\/p>\n","protected":false},"author":1,"featured_media":64546,"comment_status":"open","ping_status":"open","sticky":false,"template":"","format":"standard","meta":{"footnotes":""},"categories":[8],"tags":[1058,216,7448],"class_list":["post-64545","post","type-post","status-publish","format-standard","has-post-thumbnail","hentry","category-ekonomi","tag-toplanti","tag-yatirim","tag-yoikk"],"_links":{"self":[{"href":"https:\/\/bihavadis.com\/index.php\/wp-json\/wp\/v2\/posts\/64545","targetHints":{"allow":["GET"]}}],"collection":[{"href":"https:\/\/bihavadis.com\/index.php\/wp-json\/wp\/v2\/posts"}],"about":[{"href":"https:\/\/bihavadis.com\/index.php\/wp-json\/wp\/v2\/types\/post"}],"author":[{"embeddable":true,"href":"https:\/\/bihavadis.com\/index.php\/wp-json\/wp\/v2\/users\/1"}],"replies":[{"embeddable":true,"href":"https:\/\/bihavadis.com\/index.php\/wp-json\/wp\/v2\/comments?post=64545"}],"version-history":[{"count":1,"href":"https:\/\/bihavadis.com\/index.php\/wp-json\/wp\/v2\/posts\/64545\/revisions"}],"predecessor-version":[{"id":64548,"href":"https:\/\/bihavadis.com\/index.php\/wp-json\/wp\/v2\/posts\/64545\/revisions\/64548"}],"wp:featuredmedia":[{"embeddable":true,"href":"https:\/\/bihavadis.com\/index.php\/wp-json\/wp\/v2\/media\/64546"}],"wp:attachment":[{"href":"https:\/\/bihavadis.com\/index.php\/wp-json\/wp\/v2\/media?parent=64545"}],"wp:term":[{"taxonomy":"category","embeddable":true,"href":"https:\/\/bihavadis.com\/index.php\/wp-json\/wp\/v2\/categories?post=64545"},{"taxonomy":"post_tag","embeddable":true,"href":"https:\/\/bihavadis.com\/index.php\/wp-json\/wp\/v2\/tags?post=64545"}],"curies":[{"name":"wp","href":"https:\/\/api.w.org\/{rel}","templated":true}]}}