{"id":64611,"date":"2026-03-07T14:42:08","date_gmt":"2026-03-07T14:42:08","guid":{"rendered":"https:\/\/bihavadis.com\/?p=64611"},"modified":"2026-03-07T14:42:08","modified_gmt":"2026-03-07T14:42:08","slug":"vincenzo-montelladan-baris-alper-yilmaz-ve-semih-kilicsoya-ovguler","status":"publish","type":"post","link":"https:\/\/bihavadis.com\/index.php\/2026\/03\/07\/vincenzo-montelladan-baris-alper-yilmaz-ve-semih-kilicsoya-ovguler\/","title":{"rendered":"Vincenzo Montella&#8217;dan Bar\u0131\u015f Alper Y\u0131lmaz ve Semih K\u0131l\u0131\u00e7soy&#8217;a \u00f6vg\u00fcler"},"content":{"rendered":"<p>A Milli Futbol Tak\u0131m\u0131 Teknik Direkt\u00f6r\u00fc Vincenzo Montella, \u0130talyan bas\u0131n\u0131na a\u00e7\u0131klamalarda bulundu.<\/p>\n<p>TuttoSport&#8217;a konu\u015fan deneyimli \u00e7al\u0131\u015ft\u0131r\u0131c\u0131, <em><b>&#8220;D\u00fcnya Kupas\u0131&#8217;na kat\u0131lmak istiyoruz. \u015eu an oda\u011f\u0131m\u0131z play-off&#8217;lar. Turnuvada yer almak i\u00e7in elimizden geleni yapaca\u011f\u0131z&#8221; <\/b><\/em>dedi.<\/p>\n<p><strong>&#8220;T\u00dcRK FUTBOLUNUN GEL\u0130\u015e\u0130M\u0130NE G\u00dcVEN\u0130YORUM&#8221;<\/strong><\/p>\n<p>T\u00fcrk futbolu hakk\u0131nda de\u011ferlendirmede bulunan \u0130talyan teknik direkt\u00f6r,<em><b> &#8220;Gen\u00e7 futbolculara \u00f6nem veriliyor. T\u00fcrk futbolunun geli\u015fimine g\u00fcveniyorum.&#8221; <\/b><\/em>\u015feklinde konu\u015ftu.<\/p>\n<p><img decoding=\"async\" src=\"https:\/\/bihavadis.com\/wp-content\/uploads\/2026\/03\/vincenzo-montelladan-baris-alper-yilmaz-ve-semih-kilicsoya-ovguler-0-4JAV3j2L.jpg\"\/><\/p>\n<p><strong>BARI\u015e VE SEM\u0130H&#8217;E \u00d6VG\u00dcLER<\/strong><\/p>\n<p>Bar\u0131\u015f Alper Y\u0131lmaz ve Semih K\u0131l\u0131\u00e7soy&#8217;a ayr\u0131 bir parantez a\u00e7an Montella,<em><b> &#8220;Bar\u0131\u015f&#8217;\u0131n fiziksel olarak inan\u0131lmaz bir g\u00fcc\u00fc var, Semih ise takip edilmesi gereken bir isim.&#8221; <\/b><\/em>ifadelerini kulland\u0131.<\/p>\n<p><strong>&#8220;DAHA \u0130Y\u0130YE G\u0130DECE\u011e\u0130NE EM\u0130N\u0130M&#8221;<\/strong><\/p>\n<p>Kenan Y\u0131ld\u0131z&#8217;\u0131n olgunluk seviyesine ula\u015ft\u0131\u011f\u0131n\u0131 belirten \u0130talyan \u00e7al\u0131\u015ft\u0131r\u0131c\u0131, <em><b>&#8220;Juventus iyi i\u015fler yapt\u0131\u011f\u0131nda, onun da daha iyiye gidece\u011fine eminim.&#8221; <\/b><\/em>\u015feklinde konu\u015ftu.<\/p>\n<p><img decoding=\"async\" src=\"https:\/\/bihavadis.com\/wp-content\/uploads\/2026\/03\/vincenzo-montelladan-baris-alper-yilmaz-ve-semih-kilicsoya-ovguler-1-KdHvuklT.jpg\"\/><\/p>\n<p><strong>&#8220;FUTBOL HER ZAMAN \u0130HT\u0130MALLERE A\u00c7IKTIR&#8221;<\/strong><\/p>\n<p>Juventus &#8211; Galatasaray ma\u00e7\u0131na de\u011finen deneyimli teknik direkt\u00f6r, <em><b>&#8220;Futbol her zaman ihtimallere a\u00e7\u0131kt\u0131r. Galatasaray avantajl\u0131 ama ma\u00e7\u0131n i\u00e7inde kalmas\u0131 gerekir.&#8221;<\/b><\/em> dedi.<\/p>\n<p><strong>&#8220;DUYGUSAL B\u0130R L\u0130DER&#8221;<\/strong><\/p>\n<p>Victor Osimhen&#8217;in tak\u0131m i\u00e7i liderli\u011fine de vurgu yapan Montella, <b>&#8220;Duygusal bir lider. Tak\u0131m\u0131n \u00e7ehresini de\u011fi\u015ftiren bir oyuncu.&#8221; <\/b>ifadelerini kulland\u0131.<\/p>\n<p><img decoding=\"async\" src=\"https:\/\/bihavadis.com\/wp-content\/uploads\/2026\/03\/vincenzo-montelladan-baris-alper-yilmaz-ve-semih-kilicsoya-ovguler-2-a5CmB8Mj.jpg\"\/> <\/p>\n<div> <span><strong>Kaynak:<\/strong> Ensonhaber Haber Merkezi<\/span> <\/div>\n","protected":false},"excerpt":{"rendered":"<p>A Milli Futbol Tak\u0131m\u0131 Teknik Direkt\u00f6r\u00fc Vincenzo Montella, \u0130talyan bas\u0131n\u0131na a\u00e7\u0131klamalarda bulundu. TuttoSport&#8217;a konu\u015fan deneyimli \u00e7al\u0131\u015ft\u0131r\u0131c\u0131, &#8220;D\u00fcnya Kupas\u0131&#8217;na kat\u0131lmak istiyoruz. \u015eu an oda\u011f\u0131m\u0131z play-off&#8217;lar. Turnuvada yer almak i\u00e7in elimizden geleni &#8230;<\/p>\n","protected":false},"author":1,"featured_media":64612,"comment_status":"open","ping_status":"open","sticky":false,"template":"","format":"standard","meta":{"footnotes":""},"categories":[14],"tags":[365],"class_list":["post-64611","post","type-post","status-publish","format-standard","has-post-thumbnail","hentry","category-spor","tag-futbol"],"_links":{"self":[{"href":"https:\/\/bihavadis.com\/index.php\/wp-json\/wp\/v2\/posts\/64611","targetHints":{"allow":["GET"]}}],"collection":[{"href":"https:\/\/bihavadis.com\/index.php\/wp-json\/wp\/v2\/posts"}],"about":[{"href":"https:\/\/bihavadis.com\/index.php\/wp-json\/wp\/v2\/types\/post"}],"author":[{"embeddable":true,"href":"https:\/\/bihavadis.com\/index.php\/wp-json\/wp\/v2\/users\/1"}],"replies":[{"embeddable":true,"href":"https:\/\/bihavadis.com\/index.php\/wp-json\/wp\/v2\/comments?post=64611"}],"version-history":[{"count":1,"href":"https:\/\/bihavadis.com\/index.php\/wp-json\/wp\/v2\/posts\/64611\/revisions"}],"predecessor-version":[{"id":64616,"href":"https:\/\/bihavadis.com\/index.php\/wp-json\/wp\/v2\/posts\/64611\/revisions\/64616"}],"wp:featuredmedia":[{"embeddable":true,"href":"https:\/\/bihavadis.com\/index.php\/wp-json\/wp\/v2\/media\/64612"}],"wp:attachment":[{"href":"https:\/\/bihavadis.com\/index.php\/wp-json\/wp\/v2\/media?parent=64611"}],"wp:term":[{"taxonomy":"category","embeddable":true,"href":"https:\/\/bihavadis.com\/index.php\/wp-json\/wp\/v2\/categories?post=64611"},{"taxonomy":"post_tag","embeddable":true,"href":"https:\/\/bihavadis.com\/index.php\/wp-json\/wp\/v2\/tags?post=64611"}],"curies":[{"name":"wp","href":"https:\/\/api.w.org\/{rel}","templated":true}]}}