{"id":64617,"date":"2026-03-07T14:45:08","date_gmt":"2026-03-07T14:45:08","guid":{"rendered":"https:\/\/bihavadis.com\/?p=64617"},"modified":"2026-03-07T14:45:08","modified_gmt":"2026-03-07T14:45:08","slug":"hulya-kocyigit-akdamar-adasini-ziyaret-etti","status":"publish","type":"post","link":"https:\/\/bihavadis.com\/index.php\/2026\/03\/07\/hulya-kocyigit-akdamar-adasini-ziyaret-etti\/","title":{"rendered":"H\u00fclya Ko\u00e7yi\u011fit Akdamar Adas\u0131&#8217;n\u0131 Ziyaret Etti"},"content":{"rendered":"<p>Ye\u015fil\u00e7am&#8217;\u0131n usta oyuncusu H\u00fclya Ko\u00e7yi\u011fit, Van&#8217;da Akdamar Adas\u0131&#8217;n\u0131 ziyaret etti.<\/p>\n<p>Ko\u00e7yi\u011fit, Van Valili\u011fi ve Van B\u00fcy\u00fck\u015fehir Belediyesince yar\u0131n d\u00fczenlenecek &#8220;Sinema ve Aile&#8221; konulu s\u00f6yle\u015fiye kat\u0131lmak \u00fczere Van&#8217;a geldi.<\/p>\n<p>Program\u0131 kapsam\u0131nda Van B\u00fcy\u00fck\u015fehir Belediyesi Genel Sekreter Yard\u0131mc\u0131s\u0131 Vekili Selma Bi\u00e7ek ve beraberindekilerle Geva\u015f il\u00e7esine giden Ko\u00e7yi\u011fit, tekne ile Akdamar Adas\u0131&#8217;na ge\u00e7ti.<\/p>\n<p>Yolculuk s\u0131ras\u0131nda bir s\u00fcreli\u011fine teknenin d\u00fcmenine ge\u00e7en Ko\u00e7yi\u011fit, aday\u0131 ziyaret edenlerin ilgisiyle kar\u015f\u0131la\u015ft\u0131.<\/p>\n<p>Yan\u0131na gelen hayranlar\u0131yla sohbet eden, foto\u011fraf \u00e7ektiren Ko\u00e7yi\u011fit, daha sonra adadaki Akdamar Kilisesi&#8217;ni ziyaret etti.<\/p>\n<p>Kilise hakk\u0131nda g\u00f6revlilerden bilgi alan Ko\u00e7yi\u011fit, bas\u0131n mensuplar\u0131na, Akdamar Adas\u0131&#8217;na ilk kez geldi\u011fini ve hayran kald\u0131\u011f\u0131n\u0131 s\u00f6yledi.<\/p>\n<p>Van&#8217;da bulunmaktan duydu\u011fu memnuniyeti dile getiren Ko\u00e7yi\u011fit, \u015funlar\u0131 kaydetti: <\/p>\n<p>&#8220;Muhte\u015fem Van manzaras\u0131n\u0131 seyrediyorum. Ger\u00e7ekten iyi ki geldim diyorum, \u00e7ok mutluyum. Yakla\u015f\u0131k 8-10 y\u0131l \u00f6nce gelmi\u015ftim. G\u00f6l kenar\u0131nda Van kahvalt\u0131s\u0131 yapm\u0131\u015ft\u0131k, tad\u0131 halen dama\u011f\u0131mda. \u0130n\u015fallah bu sefer de nasip olur. T\u00fcrkiye insan\u0131 denince ilk akla gelen ailemizdir. Ailenin de\u011ferini unutturmamak, aile olmay\u0131 ba\u015farabilmek i\u00e7in kad\u0131n, erkek, ebeveyn olarak \u00fczerimize d\u00fc\u015fen g\u00f6revleri hat\u0131rlamam\u0131z gerekiyor. \u0130n\u015fallah Vanl\u0131larla ger\u00e7ekle\u015ftirece\u011fimiz s\u00f6yle\u015fide bu konular\u0131 sinema kariyerimden \u00f6rneklerle payla\u015faca\u011f\u0131m.&#8221;<\/p>\n<p>Do\u011fu ve G\u00fcneydo\u011fu Anadolu B\u00f6lgesi&#8217;nde bir\u00e7ok \u015fehirde film \u00e7ekti\u011fini ancak Van&#8217;da \u00e7ekim yapma f\u0131rsat\u0131 bulamad\u0131\u011f\u0131n\u0131 anlatan Ko\u00e7yi\u011fit, Van&#8217;\u0131n do\u011fas\u0131yla mutlaka g\u00f6r\u00fclmesi gereken bir \u015fehir oldu\u011funu vurgulad\u0131.<\/p>\n<p>Akdamar Adas\u0131&#8217;n\u0131 ziyaret edenlerin yo\u011fun ilgisiyle kar\u015f\u0131la\u015ft\u0131\u011f\u0131n\u0131 ifade eden Ko\u00e7yi\u011fit, &#8220;Eskiden turizm denince deniz ve g\u00fcne\u015f akla gelirdi. G\u00fcn\u00fcm\u00fczde k\u00fclt\u00fcr turizmi \u00f6ne \u00e7\u0131k\u0131yor. Tarihini bilmeyen bir toplum gelece\u011fini kuramaz. Anadolu topraklar\u0131 k\u00fclt\u00fcrel zenginli\u011fiyle bizleri daha da g\u00fc\u00e7lendiriyor.&#8221; diye konu\u015ftu.<\/p>\n","protected":false},"excerpt":{"rendered":"<p>Ye\u015fil\u00e7am&#8217;\u0131n usta oyuncusu H\u00fclya Ko\u00e7yi\u011fit, Van&#8217;da Akdamar Adas\u0131&#8217;n\u0131 ziyaret etti ve s\u00f6yle\u015fiye kat\u0131lacak.<\/p>\n","protected":false},"author":1,"featured_media":64618,"comment_status":"open","ping_status":"open","sticky":false,"template":"","format":"standard","meta":{"footnotes":""},"categories":[9,4,13],"tags":[7453,4945,1979],"class_list":["post-64617","post","type-post","status-publish","format-standard","has-post-thumbnail","hentry","category-genel","category-gundem","category-son-dakika","tag-akdamar","tag-kocyigit","tag-van"],"_links":{"self":[{"href":"https:\/\/bihavadis.com\/index.php\/wp-json\/wp\/v2\/posts\/64617","targetHints":{"allow":["GET"]}}],"collection":[{"href":"https:\/\/bihavadis.com\/index.php\/wp-json\/wp\/v2\/posts"}],"about":[{"href":"https:\/\/bihavadis.com\/index.php\/wp-json\/wp\/v2\/types\/post"}],"author":[{"embeddable":true,"href":"https:\/\/bihavadis.com\/index.php\/wp-json\/wp\/v2\/users\/1"}],"replies":[{"embeddable":true,"href":"https:\/\/bihavadis.com\/index.php\/wp-json\/wp\/v2\/comments?post=64617"}],"version-history":[{"count":1,"href":"https:\/\/bihavadis.com\/index.php\/wp-json\/wp\/v2\/posts\/64617\/revisions"}],"predecessor-version":[{"id":64619,"href":"https:\/\/bihavadis.com\/index.php\/wp-json\/wp\/v2\/posts\/64617\/revisions\/64619"}],"wp:featuredmedia":[{"embeddable":true,"href":"https:\/\/bihavadis.com\/index.php\/wp-json\/wp\/v2\/media\/64618"}],"wp:attachment":[{"href":"https:\/\/bihavadis.com\/index.php\/wp-json\/wp\/v2\/media?parent=64617"}],"wp:term":[{"taxonomy":"category","embeddable":true,"href":"https:\/\/bihavadis.com\/index.php\/wp-json\/wp\/v2\/categories?post=64617"},{"taxonomy":"post_tag","embeddable":true,"href":"https:\/\/bihavadis.com\/index.php\/wp-json\/wp\/v2\/tags?post=64617"}],"curies":[{"name":"wp","href":"https:\/\/api.w.org\/{rel}","templated":true}]}}