{"id":64668,"date":"2026-03-07T15:24:09","date_gmt":"2026-03-07T15:24:09","guid":{"rendered":"https:\/\/bihavadis.com\/?p=64668"},"modified":"2026-03-07T15:24:09","modified_gmt":"2026-03-07T15:24:09","slug":"cumhurbaskani-erdogandan-onemli-aciklamalar-6","status":"publish","type":"post","link":"https:\/\/bihavadis.com\/index.php\/2026\/03\/07\/cumhurbaskani-erdogandan-onemli-aciklamalar-6\/","title":{"rendered":"Cumhurba\u015fkan\u0131 Erdo\u011fan&#8217;dan \u00f6nemli a\u00e7\u0131klamalar"},"content":{"rendered":"<p>Cumhurba\u015fkan\u0131 Recep Tayyip Erdo\u011fan&#8217;dan \u00f6nemli a\u00e7\u0131klamalar&#8230;<\/p>\n<p>Cumhurba\u015fkan\u0131 Recep Tayyip Erdo\u011fan, HAVELSAN Teknoloji Kamp\u00fcs\u00fc&#8217;nde, HAVELSAN Sancar \u0130nsans\u0131z Deniz Arac\u0131 Hizmete Alma, Tesisler Temel Atma ve A\u00e7\u0131l\u0131\u015f T\u00f6reni&#8217;nde konu\u015fuyor.<\/p>\n<p>\u0130\u015fte Cumhurba\u015fkan\u0131 Erdo\u011fan&#8217;\u0131n a\u00e7\u0131klamalar\u0131ndan \u00f6ne \u00e7\u0131kansat\u0131rba\u015flar\u0131:<\/p>\n<p>&#8220;T\u00fcrk Silahl\u0131 Kuvvetlerimizin de\u011ferli mensuplar\u0131, HAVELSAN\u2019\u0131m\u0131z\u0131n de\u011ferli y\u00f6neticileri ve \u00e7al\u0131\u015fanlar\u0131, T\u00fcrk Silahl\u0131 Kuvvetlerinin de\u011ferli temsilcileri, k\u0131ymetli misafirler; sizleri en kalbi duygular\u0131mla, h\u00fcrmetle, muhabbetle selaml\u0131yorum.<\/p>\n<p>\u00d6ncelikle her birinizin Ramazan-\u0131 \u015eerif\u2019ini ayr\u0131 ayr\u0131 tebrik ediyorum. Bu m\u00fcbarek g\u00fcnlerin \u00fclkemiz, milletimiz ve t\u00fcm insanl\u0131k i\u00e7in hay\u0131rlara vesile olmas\u0131n\u0131 temenni ediyorum.<\/p>\n<p>Sizlerin \u015fahs\u0131nda HAVELSAN\u2019\u0131m\u0131z\u0131n, savunma sanayi sekt\u00f6r\u00fcm\u00fcz\u00fcn ve T\u00fcrk Silahl\u0131 Kuvvetlerimizin t\u00fcm mensuplar\u0131na buradan selamlar\u0131m\u0131, sevgilerimi g\u00f6nderiyorum.<\/p>\n<p><strong>&#8220;T\u00dcM \u015eEH\u0130TLER\u0130M\u0130ZE ALLAH&#8217;TAN RAHMET D\u0130L\u0130YORUM&#8221;<\/strong><\/p>\n<p>Ay y\u0131ld\u0131zl\u0131 al bayra\u011f\u0131m\u0131z\u0131n g\u00f6kte gururla dalgalanmas\u0131 i\u00e7in; devletimizin bekas\u0131, milletimizin yar\u0131nlar\u0131, vatan\u0131m\u0131z\u0131n ba\u011f\u0131ms\u0131zl\u0131\u011f\u0131 i\u00e7in canlar\u0131n\u0131 feda eden t\u00fcm \u015fehitlerimize Allah\u2019tan rahmet niyaz ediyorum.<\/p>\n<p>Ayn\u0131 \u015fekilde bin y\u0131ld\u0131r kendimize yurt k\u0131ld\u0131\u011f\u0131m\u0131z, etraf\u0131m\u0131za bar\u0131\u015f ve g\u00fcven yayd\u0131\u011f\u0131m\u0131z bu topraklar i\u00e7in bedel \u00f6deyen t\u00fcm gazilerimize \u015fahs\u0131m ve milletim ad\u0131na \u015f\u00fckranlar\u0131m\u0131 sunuyorum.<\/p>\n<p>Son olarak; savunma sanayinde gecesini g\u00fcnd\u00fcz\u00fcne katarak bug\u00fcnlere gelmemizi sa\u011flayan t\u00fcm m\u00fchendislerimize, teknisyenlerimize, yaz\u0131l\u0131mc\u0131lar\u0131m\u0131za, akademisyenlerimize ve tabii ki sahada kahramanca g\u00f6rev yapan T\u00fcrk Silahl\u0131 Kuvvetlerimizin mensuplar\u0131na g\u00f6n\u00fclden tebrik ediyorum.<\/p>\n<p><strong>&#8220;3 B\u0130N 500&#8217;\u00dc A\u015eKIN F\u0130RMAMINI BA\u015eARILARINDAN DOLAYI KUTLUYORUM&#8221;<\/strong><\/p>\n<p>Bu \u00e7al\u0131\u015fmalar\u0131 etkin bir koordinasyon i\u00e7inde y\u00fcr\u00fcten Savunma Sanayii Ba\u015fkanl\u0131\u011f\u0131m\u0131z\u0131 ve sekt\u00f6rdeki 3 bin 500&#8217;\u00fc a\u015fk\u0131n firmam\u0131z\u0131 ba\u015far\u0131lar\u0131ndan \u00f6t\u00fcr\u00fc y\u00fcrekten kutluyorum. Rabbim aya\u011f\u0131n\u0131za ta\u015f de\u011fdirmesin. Sizlerin bu eme\u011fini, bu gayretini daha g\u00fc\u00e7l\u00fc bir gelece\u011fin, daha m\u00fcreffeh yar\u0131nlar\u0131n teminat\u0131 eylesin diyorum.<\/p>\n<p>De\u011ferli arkada\u015flar; bug\u00fcn T\u00fcrkiye&#8217;nin m\u00fchendislik akl\u0131na, savunma alan\u0131ndaki imkan ve kabiliyetlerine, yerli ve milli teknolojiyle \u015fekillenen istikbal y\u00fcr\u00fcy\u00fc\u015f\u00fcne bir kez daha \u015fahitlik edece\u011fiz.<\/p>\n<p>Birazdan in\u015fallah SANCAR Silahl\u0131 \u0130nsans\u0131z Deniz Arac\u0131m\u0131z\u0131 hizmete alacak, Sim\u00fclat\u00f6r \u00dcretim ve Entegrasyon Tesisi&#8217;nin temellerini atacak, KAAN Teknoloji Tesisi ile Deniz Sava\u015f Y\u00f6netim Sistem Merkezi&#8217;nin de a\u00e7\u0131l\u0131\u015f\u0131n\u0131 yapaca\u011f\u0131z.<\/p>\n<p><strong>&#8220;\u0130NSANS\u0130Z KAB\u0130L\u0130YETLER\u0130M\u0130Z\u0130 G\u00dc\u00c7LEND\u0130R\u0130YORUZ&#8221;<\/strong><\/p>\n<p>Envanterimize kataca\u011f\u0131m\u0131z SANCAR S\u0130DA ile denizlerdeki insans\u0131z kabiliyetlerimizi g\u00fc\u00e7lendiriyor; g\u00fcvenli\u011fimizi, etkinli\u011fimizi ve g\u00f6zetim kapasitemizi art\u0131r\u0131yoruz. Sim\u00fclat\u00f6r \u00dcretim ve Entegrasyon Tesisi ile e\u011fitim, haz\u0131rl\u0131k ve s\u00fcrd\u00fcr\u00fclebilir operasyon altyap\u0131m\u0131z\u0131 b\u00fcy\u00fct\u00fcyor, insan kayna\u011f\u0131m\u0131z\u0131 daha nitelikli hale getiriyoruz.<\/p>\n<p>Bu kompleks tamamland\u0131\u011f\u0131nda sim\u00fclasyon teknolojilerinde Avrupa&#8217;n\u0131n en b\u00fcy\u00fck \u00fcretim ve entegrasyon tesisi olacak.KAAN Teknoloji Tesisi ve Deniz Sava\u015f Y\u00f6netim Sistem Merkezi ile hava ve deniz platformlar\u0131m\u0131z\u0131n kritik teknoloji omurgas\u0131n\u0131 in\u015fallah daha da sa\u011flamla\u015ft\u0131r\u0131yoruz.\u00a0<\/p>\n<p>AYRINTILAR GEL\u0130YOR&#8230;<\/p>\n<div> <span><strong>Kaynak:<\/strong> Ensonhaber Haber Merkezi<\/span> <\/div>\n","protected":false},"excerpt":{"rendered":"<p>Cumhurba\u015fkan\u0131 Recep Tayyip Erdo\u011fan&#8217;dan \u00f6nemli a\u00e7\u0131klamalar&#8230; Cumhurba\u015fkan\u0131 Recep Tayyip Erdo\u011fan, HAVELSAN Teknoloji Kamp\u00fcs\u00fc&#8217;nde, HAVELSAN Sancar \u0130nsans\u0131z Deniz Arac\u0131 Hizmete Alma, Tesisler Temel Atma ve A\u00e7\u0131l\u0131\u015f T\u00f6reni&#8217;nde konu\u015fuyor. \u0130\u015fte Cumhurba\u015fkan\u0131 &#8230;<\/p>\n","protected":false},"author":1,"featured_media":64669,"comment_status":"open","ping_status":"open","sticky":false,"template":"","format":"standard","meta":{"footnotes":""},"categories":[9,13],"tags":[850,706,191,1055,517],"class_list":["post-64668","post","type-post","status-publish","format-standard","has-post-thumbnail","hentry","category-genel","category-son-dakika","tag-deniz","tag-insan","tag-teknoloji","tag-tesisi","tag-turk"],"_links":{"self":[{"href":"https:\/\/bihavadis.com\/index.php\/wp-json\/wp\/v2\/posts\/64668","targetHints":{"allow":["GET"]}}],"collection":[{"href":"https:\/\/bihavadis.com\/index.php\/wp-json\/wp\/v2\/posts"}],"about":[{"href":"https:\/\/bihavadis.com\/index.php\/wp-json\/wp\/v2\/types\/post"}],"author":[{"embeddable":true,"href":"https:\/\/bihavadis.com\/index.php\/wp-json\/wp\/v2\/users\/1"}],"replies":[{"embeddable":true,"href":"https:\/\/bihavadis.com\/index.php\/wp-json\/wp\/v2\/comments?post=64668"}],"version-history":[{"count":1,"href":"https:\/\/bihavadis.com\/index.php\/wp-json\/wp\/v2\/posts\/64668\/revisions"}],"predecessor-version":[{"id":64670,"href":"https:\/\/bihavadis.com\/index.php\/wp-json\/wp\/v2\/posts\/64668\/revisions\/64670"}],"wp:featuredmedia":[{"embeddable":true,"href":"https:\/\/bihavadis.com\/index.php\/wp-json\/wp\/v2\/media\/64669"}],"wp:attachment":[{"href":"https:\/\/bihavadis.com\/index.php\/wp-json\/wp\/v2\/media?parent=64668"}],"wp:term":[{"taxonomy":"category","embeddable":true,"href":"https:\/\/bihavadis.com\/index.php\/wp-json\/wp\/v2\/categories?post=64668"},{"taxonomy":"post_tag","embeddable":true,"href":"https:\/\/bihavadis.com\/index.php\/wp-json\/wp\/v2\/tags?post=64668"}],"curies":[{"name":"wp","href":"https:\/\/api.w.org\/{rel}","templated":true}]}}