{"id":6467,"date":"2026-01-30T15:57:07","date_gmt":"2026-01-30T15:57:07","guid":{"rendered":"https:\/\/bihavadis.com\/?p=6467"},"modified":"2026-01-30T15:57:07","modified_gmt":"2026-01-30T15:57:07","slug":"narin-guran-cinayetine-iliskin-dava-yeniden-goruldu","status":"publish","type":"post","link":"https:\/\/bihavadis.com\/index.php\/2026\/01\/30\/narin-guran-cinayetine-iliskin-dava-yeniden-goruldu\/","title":{"rendered":"Narin G\u00fcran cinayetine ili\u015fkin dava yeniden g\u00f6r\u00fcld\u00fc"},"content":{"rendered":"<p>Bir d\u00f6nem kamuoyunda b\u00fcy\u00fck yank\u0131 uyand\u0131ran olay&#8230;<\/p>\n<p>Diyarbak\u0131r&#8217;\u0131n Ba\u011flar il\u00e7esi k\u0131rsal Tav\u015fantepe Mahallesi&#8217;nde 21 A\u011fustos 2024&#8217;te kaybolduktan sonra arama \u00e7al\u0131\u015fmalar\u0131n\u0131n 19&#8217;uncu g\u00fcn\u00fcnde dere yata\u011f\u0131nda \u00e7uvalda, \u00fczeri 30, 25 ve 20 kilo a\u011f\u0131rl\u0131\u011f\u0131ndaki 3 ta\u015fla kapat\u0131l\u0131p, \u00e7al\u0131l\u0131klarla gizlenmi\u015f halde cans\u0131z bedeni bulunan Narin G\u00fcran&#8217;\u0131n \u00f6l\u00fcm\u00fcne ili\u015fkin 4 ki\u015fi hakk\u0131nda Diyarbak\u0131r 8&#8217;inci A\u011f\u0131r Ceza Mahkemesi&#8217;nde dava a\u00e7\u0131ld\u0131.<\/p>\n<p><strong>ANNE VE AMCA DAH\u0130L 4 K\u0130\u015e\u0130 HAKKINDA M\u00dcEBBET TALEB\u0130 <\/strong><\/p>\n<p>Arac\u0131nda Narin&#8217;e ait DNA ve k\u0131l \u00f6rne\u011fi bulunan amcas\u0131 Salim G\u00fcran, annesi Y\u00fcksel G\u00fcran ve a\u011fabeyi Enes G\u00fcran ile g\u00f6zalt\u0131na al\u0131nd\u0131ktan sonra cesedi dere yata\u011f\u0131na ta\u015f\u0131d\u0131\u011f\u0131n\u0131 itiraf eden kom\u015fular\u0131 Nevzat Bahtiyar hakk\u0131nda &#8216;\u0130\u015ftirak halinde \u00e7ocu\u011fa kar\u015f\u0131 kasten \u00f6ld\u00fcrme&#8217; su\u00e7undan a\u011f\u0131rla\u015ft\u0131r\u0131lm\u0131\u015f m\u00fcebbet hapis cezas\u0131 istendi.<\/p>\n<p><img decoding=\"async\" src=\"https:\/\/bihavadis.com\/wp-content\/uploads\/2026\/01\/narin-guran-cinayetine-iliskin-dava-yeniden-goruldu-0-HS1MXSEz.jpg\"\/><\/p>\n<p><strong>DOSYA YARGITAY&#8217;A TA\u015eINDI<\/strong><\/p>\n<p>28 Aral\u0131k 2024&#8217;te g\u00f6r\u00fclen davan\u0131n 2&#8217;nci duru\u015fmas\u0131nda Salim G\u00fcran, Enes G\u00fcran ve Y\u00fcksel G\u00fcran&#8217;a &#8216;\u0130\u015ftirak halinde \u00e7ocu\u011fa kar\u015f\u0131 kasten \u00f6ld\u00fcrme&#8217; su\u00e7undan a\u011f\u0131rla\u015ft\u0131r\u0131lm\u0131\u015f m\u00fcebbet, Nevzat Bahtiyar&#8217;a ise &#8216;Su\u00e7 delillerini yok etme, gizleme veya de\u011fi\u015ftirme&#8217; su\u00e7undan 4 y\u0131l 6 ay hapis cezas\u0131 verildi.<\/p>\n<p>B\u00f6lge Adliye Mahkemesi 1. Ceza Dairesi&#8217;nin 4 san\u0131k hakk\u0131nda verilen hapis cezalar\u0131n\u0131 oy \u00e7oklu\u011fuyla onamas\u0131n\u0131n ard\u0131ndan dosya Yarg\u0131tay&#8217;a gitti. Yarg\u0131tay 1&#8217;inci Ceza Dairesi, Narin G\u00fcran&#8217;\u0131n \u00f6ld\u00fcr\u00fclmesine ili\u015fkin davada Salim G\u00fcran, Y\u00fcksel G\u00fcran ve Enes G\u00fcran hakk\u0131nda verilen a\u011f\u0131rla\u015ft\u0131r\u0131lm\u0131\u015f m\u00fcebbet hapis cezalar\u0131n\u0131 onad\u0131.<\/p>\n<p>San\u0131k Nevzat Bahtiyar&#8217;\u0131n ise eylemlerinin nitelikli kasten \u00f6ld\u00fcrmeye yard\u0131m kapsam\u0131nda de\u011ferlendirilmesi gerekti\u011fi belirterek, verilen cezay\u0131 oy birli\u011fi ile bozarak dosyay\u0131 8&#8217;inci A\u011f\u0131r Ceza Mahkemesi&#8217;ne g\u00f6nderdi.<\/p>\n<p><img decoding=\"async\" src=\"https:\/\/bihavadis.com\/wp-content\/uploads\/2026\/01\/narin-guran-cinayetine-iliskin-dava-yeniden-goruldu-1-Q2WxNb3J.jpg\"\/><\/p>\n<p><strong>&#8216;SU\u00c7LUYU KAYIRMA&#8217; SU\u00c7UNDAN DAVA<\/strong><\/p>\n<p>Narin G\u00fcran cinayeti ile ilgili su\u00e7a s\u00fcr\u00fcklenen 3 \u00e7ocu\u011fun bulundu\u011fu toplam 15 ki\u015fi hakk\u0131nda da &#8216;Su\u00e7luyu kay\u0131rma&#8217; su\u00e7undan 2 ayr\u0131 iddianame d\u00fczenlendi.<\/p>\n<p>\u0130ddianameler, Diyarbak\u0131r 17&#8217;nci Asliye Ceza Mahkemesi ile Diyarbak\u0131r 2&#8217;nci \u00c7ocuk Mahkemesi\u2019nde kabul edilerek birle\u015ftirildi.<\/p>\n<p>Mahkeme, tutuklu san\u0131klar B.G., F.G. ve M.G. hakk\u0131nda 3 y\u0131l 6 ay, M.S.A., M.\u015e.K. ve M.K. hakk\u0131nda 3 y\u0131l hapis cezas\u0131 vererek, ilk \u00fc\u00e7 san\u0131\u011f\u0131n tutuklulu\u011funun devam\u0131na, di\u011fer \u00fc\u00e7 san\u0131\u011f\u0131n tahliyesine karar verdi.<\/p>\n<p>Tutuksuz san\u0131klar H.G., \u015e.K., \u0130.H.G., B.G., K.G. ve \u00d6.F.G. 3 ile 3 y\u0131l 6 ay hapis cezas\u0131na \u00e7arpt\u0131r\u0131l\u0131rken, su\u00e7a s\u00fcr\u00fcklenen \u00e7ocuklardan R.A. (16) 1 y\u0131l 3 ay, M.G. (16) ve \u0130.K.&#8217;ye (17) 1 y\u0131l 8 ay hapis cezas\u0131 vererek h\u00fckm\u00fcn a\u00e7\u0131klanmas\u0131n\u0131n geri b\u0131rak\u0131lmas\u0131na ve denetim uygulanmas\u0131na h\u00fckmetti.<\/p>\n<p><img decoding=\"async\" src=\"https:\/\/bihavadis.com\/wp-content\/uploads\/2026\/01\/narin-guran-cinayetine-iliskin-dava-yeniden-goruldu-2-rDLexDsZ.jpg\"\/><\/p>\n<p><strong>TUTUKLU 3 SANIK TAHL\u0130YE ED\u0130LD\u0130<\/strong><\/p>\n<p>\u0130stinaf incelemesini yapan B\u00f6lge Adliye Mahkemesi 7\u2019nci Ceza Dairesi, &#8216;Su\u00e7luyu kay\u0131rma&#8217; su\u00e7unun olu\u015fup olu\u015fmad\u0131\u011f\u0131n\u0131n, Narin G\u00fcran&#8217;\u0131n \u00f6ld\u00fcr\u00fclmesine ili\u015fkin ana davan\u0131n sonucuna ba\u011fl\u0131 oldu\u011funu, bu dosyan\u0131n halen Yarg\u0131tay a\u015famas\u0131nda bulunmas\u0131 nedeniyle 2 dosya aras\u0131nda bekletici mesele ili\u015fkisi bulundu\u011funu ve h\u00fck\u00fcmlerin bu a\u015famada kesinle\u015femeyece\u011fini belirtti.<\/p>\n<p>\u0130stinaf karar\u0131nda ayr\u0131ca tutuklu san\u0131klar\u0131n cezaevinde kald\u0131klar\u0131 s\u00fcrenin h\u00fckmedilen ceza miktar\u0131na yakla\u015fmas\u0131n\u0131n infaza d\u00f6n\u00fc\u015fme riski do\u011furdu\u011fu vurgulanarak B.G., F.G. ve M.G.&#8217;nin yurt d\u0131\u015f\u0131 \u00e7\u0131k\u0131\u015f yasa\u011f\u0131 ve adli kontrol \u015fart\u0131yla tahliyesine karar verildi. Bu kararla dosyada tutuklu san\u0131k kalmad\u0131.<\/p>\n<p><strong>DAVA YEN\u0130DEN G\u00d6R\u00dcLMEYE BA\u015eLADI<\/strong><\/p>\n<p>Di\u011fer yandan dosyada &#8216;kat\u0131lan&#8217; olarak yer alan Aile ve Sosyal Hizmetler Bakanl\u0131\u011f\u0131 ile Saadet \u00d6\u011fretmen \u00c7ocuk \u0130stismar\u0131 ile M\u00fccadele Derne\u011fi (UC\u0130M) taraf\u0131ndan yap\u0131lan istinaf ba\u015fvurular\u0131 reddedildi.<\/p>\n<p>B\u00f6lge Adliye Mahkemesi 7&#8217;nci Ceza Dairesi&#8217;nin san\u0131klar hakk\u0131nda verilen mahkumiyet h\u00fck\u00fcmlerini bozmas\u0131n\u0131n ard\u0131ndan 15 ki\u015fi yeniden yarg\u0131lanmaya ba\u015flad\u0131.<\/p>\n<p>Diyarbak\u0131r 17&#8217;nci Asliye Ceza Mahkemesi&#8217;nde yeniden g\u00f6r\u00fclmeye ba\u015flayan davan\u0131n duru\u015fmas\u0131na; baz\u0131 san\u0131klar kat\u0131l\u0131rken, avukatlar da salonda haz\u0131r bulundu. UC\u0130M avukatlar\u0131 ise duru\u015fmaya al\u0131nmad\u0131.<\/p>\n<p><img decoding=\"async\" src=\"https:\/\/bihavadis.com\/wp-content\/uploads\/2026\/01\/narin-guran-cinayetine-iliskin-dava-yeniden-goruldu-3-1RKIGIcI.jpg\"\/><\/p>\n<p><strong>DURU\u015eMA 11 HAZ\u0130RAN&#8217;A ERTELEND\u0130<\/strong><\/p>\n<p>Mahkeme, ana dava ile birle\u015fme hususunda 8&#8217;inci A\u011f\u0131r Ceza Mahkemesi&#8217;ne muvafakat verip vermedi\u011fi hususunun sorulmas\u0131na karar vererek, duru\u015fmay\u0131 11 Haziran&#8217;a erteledi.<\/p>\n<p>G\u00fcran ailesinin avukatlar\u0131ndan Mahir Akbilek, <em><b>&#8220;B\u00f6lge Adliye Mahkemesi 7\u2019nci Ceza Dairesi, kald\u0131rma karar\u0131nda ana davayla birle\u015ftirilmesi gerekti\u011fini \u00f6ne s\u00fcr\u00fcyordu. Bug\u00fcn yap\u0131lan duru\u015fma ile Diyarbak\u0131r 17&#8217;nci Asliye Ceza Mahkemesi, bu bozma sebebini Diyarbak\u0131r 8&#8217;inci A\u011f\u0131r Ceza Mahkemesi&#8217;ne sormaya, dolay\u0131s\u0131yla birle\u015ftirme olacaksa buna muvafakat etti\u011fini bildirmeye y\u00f6nelik i\u015flem tesis etti&#8221;<\/b><\/em> dedi.<\/p>\n<p><img decoding=\"async\" src=\"https:\/\/bihavadis.com\/wp-content\/uploads\/2026\/01\/narin-guran-cinayetine-iliskin-dava-yeniden-goruldu-4-VtByhaUm.jpg\"\/><\/p>\n<p><img decoding=\"async\" src=\"https:\/\/bihavadis.com\/wp-content\/uploads\/2026\/01\/narin-guran-cinayetine-iliskin-dava-yeniden-goruldu-5-RIrde2Re.jpg\"\/><\/p>\n<p><img decoding=\"async\" src=\"https:\/\/bihavadis.com\/wp-content\/uploads\/2026\/01\/narin-guran-cinayetine-iliskin-dava-yeniden-goruldu-6-fbth2Z7b.jpg\"\/><\/p>\n","protected":false},"excerpt":{"rendered":"<p>Diyarbak\u0131r&#8217;da kaybolduktan 19 g\u00fcn sonra cans\u0131z bedeni bulunan 8 ya\u015f\u0131ndaki Narin G\u00fcran cinayetine ili\u015fkin dava, Diyarbak\u0131r B\u00f6lge Adliye Mahkemesi 7&#8217;nci Ceza Dairesi&#8217;nin &#8216;Su\u00e7luyu Kay\u0131rma&#8217; su\u00e7undan yarg\u0131lanan 15 san\u0131k hakk\u0131nda verilen mahkumiyet h\u00fck\u00fcmlerini bozmas\u0131n\u0131n ard\u0131ndan yeniden g\u00f6r\u00fcld\u00fc.<\/p>\n","protected":false},"author":1,"featured_media":6468,"comment_status":"open","ping_status":"open","sticky":false,"template":"","format":"standard","meta":{"footnotes":""},"categories":[9,13],"tags":[258,425,1522,890,1523],"class_list":["post-6467","post","type-post","status-publish","format-standard","has-post-thumbnail","hentry","category-genel","category-son-dakika","tag-ceza","tag-dava","tag-guran","tag-hakkinda","tag-sanik"],"_links":{"self":[{"href":"https:\/\/bihavadis.com\/index.php\/wp-json\/wp\/v2\/posts\/6467","targetHints":{"allow":["GET"]}}],"collection":[{"href":"https:\/\/bihavadis.com\/index.php\/wp-json\/wp\/v2\/posts"}],"about":[{"href":"https:\/\/bihavadis.com\/index.php\/wp-json\/wp\/v2\/types\/post"}],"author":[{"embeddable":true,"href":"https:\/\/bihavadis.com\/index.php\/wp-json\/wp\/v2\/users\/1"}],"replies":[{"embeddable":true,"href":"https:\/\/bihavadis.com\/index.php\/wp-json\/wp\/v2\/comments?post=6467"}],"version-history":[{"count":1,"href":"https:\/\/bihavadis.com\/index.php\/wp-json\/wp\/v2\/posts\/6467\/revisions"}],"predecessor-version":[{"id":6476,"href":"https:\/\/bihavadis.com\/index.php\/wp-json\/wp\/v2\/posts\/6467\/revisions\/6476"}],"wp:featuredmedia":[{"embeddable":true,"href":"https:\/\/bihavadis.com\/index.php\/wp-json\/wp\/v2\/media\/6468"}],"wp:attachment":[{"href":"https:\/\/bihavadis.com\/index.php\/wp-json\/wp\/v2\/media?parent=6467"}],"wp:term":[{"taxonomy":"category","embeddable":true,"href":"https:\/\/bihavadis.com\/index.php\/wp-json\/wp\/v2\/categories?post=6467"},{"taxonomy":"post_tag","embeddable":true,"href":"https:\/\/bihavadis.com\/index.php\/wp-json\/wp\/v2\/tags?post=6467"}],"curies":[{"name":"wp","href":"https:\/\/api.w.org\/{rel}","templated":true}]}}