{"id":64695,"date":"2026-03-07T15:39:08","date_gmt":"2026-03-07T15:39:08","guid":{"rendered":"https:\/\/bihavadis.com\/?p=64695"},"modified":"2026-03-07T15:39:08","modified_gmt":"2026-03-07T15:39:08","slug":"kastamonuda-deprem-anma-programi","status":"publish","type":"post","link":"https:\/\/bihavadis.com\/index.php\/2026\/03\/07\/kastamonuda-deprem-anma-programi\/","title":{"rendered":"Kastamonu&#8217;da Deprem Anma Program\u0131"},"content":{"rendered":"<p> Kastamonu&#8217;da, Kahramanmara\u015f merkezli 6 \u015eubat depremlerinde hayat\u0131n\u0131 kaybedenler i\u00e7in anma program\u0131 d\u00fczenlendi.<\/p>\n<p>Valilik taraf\u0131ndan Halk E\u011fitim Merkezi Salonu&#8217;nda ger\u00e7ekle\u015ftirilen program, sayg\u0131 duru\u015fu ve \u0130stiklal Mar\u015f\u0131&#8217;n\u0131n okunmas\u0131yla ba\u015flad\u0131. Ard\u0131ndan \u0130l M\u00fcft\u00fcs\u00fc Bekir Derin taraf\u0131ndan hayat\u0131n\u0131 kaybedenler i\u00e7in dua edilerek, Kur&#8217;an-\u0131 Kerim okundu.<\/p>\n<p>Programda ayr\u0131ca \u0130l Afet ve Acil Durum M\u00fcd\u00fcrl\u00fc\u011f\u00fc (AFAD) ile kentsel arama kurtarma ekiplerine sertifika ve arma takdim edildi.<\/p>\n<p>Vali Meftun Dall\u0131, burada yapt\u0131\u011f\u0131 konu\u015fmada, afetlere haz\u0131rl\u0131kl\u0131 olman\u0131n \u00f6nemine dikkati \u00e7ekti.<\/p>\n<p>Arama kurtarma ekiplerinin \u00fcstlendi\u011fi g\u00f6revin hayati \u00f6nem ta\u015f\u0131d\u0131\u011f\u0131n\u0131 vurgulayan Dall\u0131, 6 \u015eubat depremlerinde hayat\u0131n\u0131 kaybedenleri bir kez daha rahmetle and\u0131klar\u0131n\u0131 dile getirdi.<\/p>\n<p>Dall\u0131, deprem s\u00fcrecinde arama kurtarma ekiplerinin insan \u00fcst\u00fc bir gayretle \u00f6nemli bir fedakarl\u0131k \u00f6rne\u011fi ortaya koyduklar\u0131n\u0131 belirterek, &#8220;Bu arkada\u015flar\u0131m\u0131z, olay yerine giderek, bedenleriyle ve canlar\u0131 pahas\u0131na m\u00fccadele etmeyi g\u00f6ze al\u0131p bu e\u011fitimi ald\u0131lar. Bug\u00fcn sertifikalar\u0131n\u0131 alarak, olas\u0131 bir afette ilk m\u00fcdahaleyi yapabilecek ve sonras\u0131nda s\u00fcreci y\u00fcr\u00fctebilecek donan\u0131ma sahip oldular. Bu iradeyi ve fedakarl\u0131\u011f\u0131 g\u00f6sterdikleri i\u00e7in kendilerine te\u015fekk\u00fcr ediyorum.&#8221; diye konu\u015ftu.<\/p>\n<p>AFAD \u0130l M\u00fcd\u00fcr\u00fc Suat T\u00fcfek\u00e7i ise 6 \u015eubat depremlerinin T\u00fcrkiye tarihinde derin izler b\u0131rakt\u0131\u011f\u0131n\u0131 aktard\u0131.<\/p>\n<p>6 \u015eubat sabah\u0131 sadece \u015fehirlerin de\u011fil, hayatlar\u0131n ve umutlar\u0131n da sars\u0131ld\u0131\u011f\u0131n\u0131 anlatan T\u00fcfek\u00e7i, \u015funlar\u0131 kaydetti: <\/p>\n<p>&#8220;On binlerce vatanda\u015f\u0131m\u0131z\u0131 kaybettik, milyonlarca insan\u0131m\u0131z do\u011frudan etkilendi. Depremin hemen ard\u0131ndan 35 bini a\u015fk\u0131n arama kurtarma personeli, 140 binden fazla g\u00fcvenlik personeli b\u00f6lgeye sevk edildi. 93 \u00fclkeden 11 binden fazla arama kurtarma \u00e7al\u0131\u015fan\u0131 bizlere destek olmak i\u00e7in \u00fclkemize geldi. Toplamda 23 afet grubunda, ulusal d\u00fczeyde 650 binden fazla personel gece g\u00fcnd\u00fcz g\u00f6rev yapt\u0131. Bug\u00fcne kadar ger\u00e7ekle\u015ftirilen 10 konut kura ve anahtar teslim t\u00f6reni ile 433 bin 667&#8217;si konut, 21 bin 690&#8217;\u0131 i\u015f yeri olmak \u00fczere yakla\u015f\u0131k 455 bin kal\u0131c\u0131 ba\u011f\u0131ms\u0131z b\u00f6l\u00fcm hak sahiplerine teslim edildi. Asr\u0131n felaketinin ard\u0131ndan devlet ve millet olarak tek y\u00fcrek olduk.&#8221;<\/p>\n<p>Programa, AK Parti Kastamonu Milletvekili Fatma Serap Ekmekci, Belediye Ba\u015fkan Vekili Hasan Fehmi Ta\u015f, \u0130l Emniyet M\u00fcd\u00fcr\u00fc Tamer Ta\u015f ve di\u011fer ilgililer kat\u0131ld\u0131.<\/p>\n","protected":false},"excerpt":{"rendered":"<p>Kastamonu&#8217;da depremlerde kaybedilenleri anmak i\u00e7in d\u00fczenlenen programda dua ve sertifika takdimi yap\u0131ld\u0131.<\/p>\n","protected":false},"author":1,"featured_media":64696,"comment_status":"open","ping_status":"open","sticky":false,"template":"","format":"standard","meta":{"footnotes":""},"categories":[9,4,13],"tags":[1470,60],"class_list":["post-64695","post","type-post","status-publish","format-standard","has-post-thumbnail","hentry","category-genel","category-gundem","category-son-dakika","tag-arama-kurtarma","tag-deprem"],"_links":{"self":[{"href":"https:\/\/bihavadis.com\/index.php\/wp-json\/wp\/v2\/posts\/64695","targetHints":{"allow":["GET"]}}],"collection":[{"href":"https:\/\/bihavadis.com\/index.php\/wp-json\/wp\/v2\/posts"}],"about":[{"href":"https:\/\/bihavadis.com\/index.php\/wp-json\/wp\/v2\/types\/post"}],"author":[{"embeddable":true,"href":"https:\/\/bihavadis.com\/index.php\/wp-json\/wp\/v2\/users\/1"}],"replies":[{"embeddable":true,"href":"https:\/\/bihavadis.com\/index.php\/wp-json\/wp\/v2\/comments?post=64695"}],"version-history":[{"count":1,"href":"https:\/\/bihavadis.com\/index.php\/wp-json\/wp\/v2\/posts\/64695\/revisions"}],"predecessor-version":[{"id":64697,"href":"https:\/\/bihavadis.com\/index.php\/wp-json\/wp\/v2\/posts\/64695\/revisions\/64697"}],"wp:featuredmedia":[{"embeddable":true,"href":"https:\/\/bihavadis.com\/index.php\/wp-json\/wp\/v2\/media\/64696"}],"wp:attachment":[{"href":"https:\/\/bihavadis.com\/index.php\/wp-json\/wp\/v2\/media?parent=64695"}],"wp:term":[{"taxonomy":"category","embeddable":true,"href":"https:\/\/bihavadis.com\/index.php\/wp-json\/wp\/v2\/categories?post=64695"},{"taxonomy":"post_tag","embeddable":true,"href":"https:\/\/bihavadis.com\/index.php\/wp-json\/wp\/v2\/tags?post=64695"}],"curies":[{"name":"wp","href":"https:\/\/api.w.org\/{rel}","templated":true}]}}