{"id":64737,"date":"2026-03-07T16:03:13","date_gmt":"2026-03-07T16:03:13","guid":{"rendered":"https:\/\/bihavadis.com\/?p=64737"},"modified":"2026-03-07T16:03:13","modified_gmt":"2026-03-07T16:03:13","slug":"mersinde-deprem-anisina-sergi","status":"publish","type":"post","link":"https:\/\/bihavadis.com\/index.php\/2026\/03\/07\/mersinde-deprem-anisina-sergi\/","title":{"rendered":"Mersin&#8217;de Deprem An\u0131s\u0131na Sergi"},"content":{"rendered":"<p> Mersin&#8217;de, Kahramanmara\u015f merkezli depremlerin \u00fc\u00e7\u00fcnc\u00fc y\u0131l\u0131 dolay\u0131s\u0131yla &#8220;Zaman\u0131n K\u0131r\u0131ld\u0131\u011f\u0131 An: 6 \u015eUBAT&#8221; grafik tasar\u0131m sergisinin a\u00e7\u0131l\u0131\u015f\u0131 yap\u0131ld\u0131.<\/p>\n<p>Mersin B\u00fcy\u00fck\u015fehir Belediyesi Etkinlik Merkezi&#8217;nde a\u00e7\u0131lan sergide Mersin \u00dcniversitesi (ME\u00dc) Sosyal Bilimler Meslek Y\u00fcksekokulu Doktor \u00d6\u011fretim G\u00f6revlisi Hac\u0131 Mehmet Acar taraf\u0131ndan haz\u0131rlanan 16 eser yer al\u0131yor.<\/p>\n<p>Acar, yapt\u0131\u011f\u0131 a\u00e7\u0131klamada, sergide yer alan eserlerde depremlerin ard\u0131ndan ortaya \u00e7\u0131kan duygulara, izlere ve k\u0131r\u0131lmalara odakland\u0131\u011f\u0131n\u0131 belirtti.<\/p>\n<p>\u00c7al\u0131\u015fmalar\u0131 dijital \u00fcretim ve el eme\u011fiyle haz\u0131rlad\u0131\u011f\u0131n\u0131 dile getiren Acar, \u015f\u00f6yle devam etti: <\/p>\n<p>&#8220;Sergi, depremi do\u011frudan anlatmak yerine, zaman\u0131n durdu\u011fu hissini, bellekte kalan anlar\u0131 ve de\u011fi\u015fen \u015fehirleri d\u00fc\u015f\u00fcnmeye davet etmektedir. Sergide yer alan 16 \u00f6zg\u00fcn \u00e7al\u0131\u015fma, depremden etkilenen \u015fehirlerin isimleri \u00fczerinden kurguland\u0131. Harfler ve kelimeler, yaln\u0131zca okunacak metinler olarak de\u011fil y\u0131k\u0131m\u0131, b\u00f6l\u00fcnen zaman\u0131 ve par\u00e7alanan kent belle\u011fini hissettiren g\u00f6rsel \u00f6\u011feler olarak ele al\u0131nd\u0131. K\u0131r\u0131lan, \u00e7atlayan ve da\u011f\u0131lan tipografik formlar, depremin hem \u015fehirler hem de bireylerin zihninde b\u0131rakt\u0131\u011f\u0131 izlere g\u00f6nderme yap\u0131yor.&#8221;<\/p>\n<p>Acar, sergiyi, 6 \u015eubat 2023 depremlerinde hayat\u0131n\u0131 kaybeden t\u00fcm vatanda\u015flar\u0131n an\u0131s\u0131na ithaf etti\u011fini belirterek, &#8220;Zaman\u0131n K\u0131r\u0131ld\u0131\u011f\u0131 An: 6 \u015eUBAT&#8221; grafik tasar\u0131m sergisi, grafik tasar\u0131m\u0131n\u0131n yaln\u0131zca estetik bir \u00fcretim alan\u0131 olmad\u0131\u011f\u0131n\u0131 ayn\u0131 zamanda ya\u015fananlar\u0131 g\u00f6r\u00fcn\u00fcr k\u0131lan, kay\u0131plar\u0131 sayg\u0131yla anan ve deprem ger\u00e7e\u011fine dikkati \u00e7eken bir anlat\u0131m dili sundu\u011funu ortaya koyuyor.&#8221; diye konu\u015ftu.<\/p>\n<p>Akademisyenler, sanatseverler ve \u00e7ok say\u0131da \u00f6\u011frencinin de kat\u0131ld\u0131\u011f\u0131 sergi, yar\u0131n kentteki bir al\u0131\u015fveri\u015f merkezinde de be\u011feniye sunulacak.<\/p>\n","protected":false},"excerpt":{"rendered":"<p>Mersin&#8217;de &#8216;Zaman\u0131n K\u0131r\u0131ld\u0131\u011f\u0131 An: 6 \u015eUBAT&#8217; sergisi, depremin izlerini g\u00f6rsel sanatla ifade ediyor.<\/p>\n","protected":false},"author":1,"featured_media":64738,"comment_status":"open","ping_status":"open","sticky":false,"template":"","format":"standard","meta":{"footnotes":""},"categories":[9,4,13],"tags":[60],"class_list":["post-64737","post","type-post","status-publish","format-standard","has-post-thumbnail","hentry","category-genel","category-gundem","category-son-dakika","tag-deprem"],"_links":{"self":[{"href":"https:\/\/bihavadis.com\/index.php\/wp-json\/wp\/v2\/posts\/64737","targetHints":{"allow":["GET"]}}],"collection":[{"href":"https:\/\/bihavadis.com\/index.php\/wp-json\/wp\/v2\/posts"}],"about":[{"href":"https:\/\/bihavadis.com\/index.php\/wp-json\/wp\/v2\/types\/post"}],"author":[{"embeddable":true,"href":"https:\/\/bihavadis.com\/index.php\/wp-json\/wp\/v2\/users\/1"}],"replies":[{"embeddable":true,"href":"https:\/\/bihavadis.com\/index.php\/wp-json\/wp\/v2\/comments?post=64737"}],"version-history":[{"count":1,"href":"https:\/\/bihavadis.com\/index.php\/wp-json\/wp\/v2\/posts\/64737\/revisions"}],"predecessor-version":[{"id":64739,"href":"https:\/\/bihavadis.com\/index.php\/wp-json\/wp\/v2\/posts\/64737\/revisions\/64739"}],"wp:featuredmedia":[{"embeddable":true,"href":"https:\/\/bihavadis.com\/index.php\/wp-json\/wp\/v2\/media\/64738"}],"wp:attachment":[{"href":"https:\/\/bihavadis.com\/index.php\/wp-json\/wp\/v2\/media?parent=64737"}],"wp:term":[{"taxonomy":"category","embeddable":true,"href":"https:\/\/bihavadis.com\/index.php\/wp-json\/wp\/v2\/categories?post=64737"},{"taxonomy":"post_tag","embeddable":true,"href":"https:\/\/bihavadis.com\/index.php\/wp-json\/wp\/v2\/tags?post=64737"}],"curies":[{"name":"wp","href":"https:\/\/api.w.org\/{rel}","templated":true}]}}