{"id":64760,"date":"2026-03-07T16:18:07","date_gmt":"2026-03-07T16:18:07","guid":{"rendered":"https:\/\/bihavadis.com\/?p=64760"},"modified":"2026-03-07T16:18:07","modified_gmt":"2026-03-07T16:18:07","slug":"sivasspor-1-ligde-kalan-11-haftada-33-puana-talip","status":"publish","type":"post","link":"https:\/\/bihavadis.com\/index.php\/2026\/03\/07\/sivasspor-1-ligde-kalan-11-haftada-33-puana-talip\/","title":{"rendered":"Sivasspor, 1. Lig&#8217;de kalan 11 haftada 33 puana talip"},"content":{"rendered":"<p>1. Lig ekiplerinden Sivasspor&#8217;un ba\u015fkan\u0131 Burak \u00d6z\u00e7oban, ligde kalan t\u00fcm haftalarda galibiyet hedeflediklerini s\u00f6yledi.<\/p>\n<p>\u00d6z\u00e7oban, 4 Eyl\u00fcl Stadyumu&#8217;nda d\u00fczenledi\u011fi bas\u0131n toplant\u0131s\u0131nda, k\u0131rm\u0131z\u0131-beyazl\u0131 ekibin son 7 ma\u00e7\u0131nda 2 galibiyet, 4 beraberlik ve 1 ma\u011flubiyet elde etti\u011fini an\u0131msatt\u0131.<\/p>\n<p><strong>&#8220;\u00d6N\u00dcM\u00dcZDE 11 MA\u00c7 VE 33 PUAN VAR&#8221;<\/strong><\/p>\n<p>Berabere kald\u0131klar\u0131 Adana Demirspor ma\u00e7\u0131nda \u015fanss\u0131zl\u0131klar ya\u015fad\u0131klar\u0131n\u0131 belirten \u00d6z\u00e7oban, <em><b>&#8220;Daha sonras\u0131nda birlik ve beraberli\u011fi sa\u011flay\u0131p Sakaryaspor ma\u00e7\u0131nda iyi bir sonu\u00e7 elde ettik. \u00d6n\u00fcm\u00fczde 11 ma\u00e7 ve 33 puan var. Biz bu 33 puan\u0131n hepsine talibiz. \u0130\u015f nerede biter onu kestirmek \u00f6zellikle bu ligde zor ama Sivasspor olarak \u00fczerimize d\u00fc\u015fen her \u015feyi yapaca\u011f\u0131z.&#8221; <\/b><\/em>dedi.<\/p>\n<p><img decoding=\"async\" src=\"https:\/\/bihavadis.com\/wp-content\/uploads\/2026\/03\/sivasspor-1-ligde-kalan-11-haftada-33-puana-talip-0-enzuQiXI.jpg\"\/><\/p>\n<p><strong>&#8220;S\u0130VASSPOR \u015eU ANDA L\u0130G\u0130N EN DE\u011eERL\u0130 \u0130K\u0130NC\u0130 TAKIMI SEV\u0130YES\u0130NDE&#8221;<\/strong><\/p>\n<p>Teknik direkt\u00f6r \u0130smet Ta\u015fdemir ile uzun vadeli bir birliktelik ya\u015famak istediklerini ifade eden \u00d6z\u00e7oban, \u015funlar\u0131 kaydetti:<\/p>\n<p>\u0130smet hocam\u0131za g\u00f6revinin ge\u00e7ici bir s\u00fcre olmad\u0131\u011f\u0131n\u0131, gelecek sezonda da tak\u0131m\u0131n ba\u015f\u0131nda g\u00f6rmek istedi\u011fimizi s\u00f6yledik. Zaten kendisi de o \u015fekilde geldi. Sivasspor \u015fu anda ligin en de\u011ferli ikinci tak\u0131m\u0131 seviyesinde. Tak\u0131m\u0131m\u0131z k\u00f6t\u00fc bir tak\u0131m de\u011fil, tabii eksiklikleri olanlar var. Bu ligde yenemeyece\u011fimiz bir tak\u0131m yok, \u00e7ok \u015fanss\u0131z bir \u015fekilde puanlar kaybettik ve \u00e7ok \u00fcz\u00fcld\u00fck. Biz sonunda hak etti\u011fimiz yere gelece\u011fimizi d\u00fc\u015f\u00fcn\u00fcyoruz ama yine de planlamalar seneye de devam edecektir.<\/p>\n<p>\u0130smi Sivasspor olan bir kul\u00fcb\u00fcn her zaman sportif ba\u015far\u0131ya ihtiyac\u0131 oldu\u011funu dile getiren \u00d6z\u00e7oban, mali anlamda ge\u00e7mi\u015f d\u00f6neme g\u00f6re daha rahat bir tablonun \u00f6nlerinde oldu\u011funu vurgulad\u0131.<\/p>\n<p>\u00d6z\u00e7oban, kul\u00fcbe kal\u0131c\u0131 gelirler sa\u011flamak i\u00e7in baz\u0131 d\u00fc\u015f\u00fcncelerinin oldu\u011funu belirterek, bu noktada \u015fehrin b\u00fcy\u00fcklerinin verece\u011fi deste\u011fin \u00f6nemine dikkati \u00e7ekti.<\/p>\n<p><img decoding=\"async\" src=\"https:\/\/bihavadis.com\/wp-content\/uploads\/2026\/03\/sivasspor-1-ligde-kalan-11-haftada-33-puana-talip-1-bd9PMpvC.jpg\"\/><\/p>\n<p><strong>&#8220;HAZ\u0130RAN AYINI G\u00d6RMEM\u0130Z LAZIM&#8221;<\/strong><\/p>\n<p>Sivasspor Kul\u00fcb\u00fcn\u00fcn haziran ay\u0131nda genel kurula gidece\u011fini hat\u0131rlatan \u00d6z\u00e7oban, <em><b>&#8220;\u015eu andaki tek hedefimiz kul\u00fcb\u00fcn mali yap\u0131s\u0131n\u0131 toparlay\u0131p hazirana haz\u0131r bir halde girebilmek. Tak\u0131m\u0131 da puan ve cetvel olarak en \u00fcst s\u0131rada bitirebilmek. Haziran ay\u0131n\u0131 g\u00f6rmemiz laz\u0131m.&#8221;<\/b><\/em> diye konu\u015ftu.<\/p>\n<p><strong>&#8220;\u00c7OK KOM\u0130K RAKAMLARLA OYNAMI\u015e VE ZATEN KAYBETM\u0130\u015e&#8221;<\/strong><\/p>\n<p><em><b>&#8220;\u015eike ve bahis&#8221; <\/b><\/em>ile ilgili bir soru \u00fczerine \u00d6z\u00e7oban, <em><b>&#8220;Bu s\u00fcre\u00e7 biz de Ali \u015ea\u015fal Vural ile ba\u015flad\u0131, daha sonra hocam\u0131z ve teknik heyetin de oldu. Onlarla yollar\u0131m\u0131z\u0131 ay\u0131rd\u0131k. Y\u00f6netici arkada\u015f\u0131m\u0131zla ilgili de konuyu inceledik, y\u00f6netici olmadan hobi i\u00e7in yapt\u0131\u011f\u0131 \u00e7ok komik rakamlarla oynam\u0131\u015f ve zaten kaybetmi\u015f. Bu tip i\u015fler ba\u015f\u0131m\u0131za geldi, maalesef bu s\u0131k\u0131nt\u0131lar\u0131 ya\u015fad\u0131k.&#8221;<\/b><\/em> ifadesini kulland\u0131.<\/p>\n<p><img decoding=\"async\" src=\"https:\/\/bihavadis.com\/wp-content\/uploads\/2026\/03\/sivasspor-1-ligde-kalan-11-haftada-33-puana-talip-2-rWFM4WsJ.jpg\"\/><\/p>\n<p><strong>&#8220;5 PUANIMIZ OLSA BA\u015eKA B\u0130R \u015eEY KONU\u015eUYORUZ&#8221;<\/strong><\/p>\n<p>\u00d6z\u00e7oban, yeni d\u00f6nemde adayl\u0131\u011f\u0131yla ilgili soru \u00fczerine y\u00f6netim olarak \u015fu anda tek dertlerinin emanete sahip \u00e7\u0131kmak oldu\u011funu s\u00f6yledi.<\/p>\n<p>Ligde tak\u0131mlar aras\u0131ndaki puanlar\u0131n \u00e7ok yak\u0131n oldu\u011funu vurgulayan \u00d6z\u00e7oban, <em><b>&#8220;\u00d6yle bir ligdeyiz ki 5 puan\u0131m\u0131z olmasa ba\u015fka bir \u015fey konu\u015fuyoruz, 5 puan\u0131m\u0131z olsa ba\u015fka bir \u015fey konu\u015fuyoruz. Bize g\u00f6re tahminimizce 3-4 hafta sonra bu lig yeniden bile ba\u015flar.&#8221;<\/b><\/em> dedi.<\/p>\n<p><strong>&#8220;MANAJ S\u0130VASSPOR&#8217;A HOCA OLMAK \u0130ST\u0130YOR&#8221;<\/strong><\/p>\n<p>Golc\u00fc oyuncu Rey Manaj ile ilgili bir soru \u00fczerine ise \u00d6z\u00e7oban, \u015funlar\u0131 kaydetti:<\/p>\n<p>Rey Manaj gelmeden \u00f6nce beni arad\u0131 ve &#8216;Sivasspor&#8217;u \u00e7ok seviyorum, oras\u0131 benim ailem, gelmek istiyorum.&#8217; dedi. Ona y\u00fcksek paralar veremeyece\u011fimizi s\u00f6yledim ve s\u00fcrekli g\u00f6r\u00fc\u015ft\u00fck. Rey Manaj&#8217;a \u015fartlar\u0131m\u0131z\u0131 s\u00f6yledi\u011fimde &#8216;Bu benim i\u00e7in bir proje, Sivasspor&#8217;da futbolu b\u0131rakmak istiyorum. Rej Manaj, ileride Sivasspor&#8217;da hoca olmak istiyorum.&#8217; dedi. Rey Manaj Sivas a\u015f\u0131\u011f\u0131 bir arkada\u015f\u0131m\u0131z. Biz ona verdi\u011fimiz b\u00fct\u00fcn s\u00f6zleri tuttuk, o da \u015fu anda bize verdi\u011fi s\u00f6zleri tuttu. \u00c7al\u0131\u015f\u0131yor ve arkada\u015flar\u0131na yard\u0131m ediyor.<\/p>\n<div> <span><strong>Kaynak:<\/strong> Ensonhaber Haber Merkezi<\/span> <\/div>\n","protected":false},"excerpt":{"rendered":"<p>1. Lig ekiplerinden Sivasspor&#8217;un ba\u015fkan\u0131 Burak \u00d6z\u00e7oban, ligde kalan t\u00fcm haftalarda galibiyet hedeflediklerini s\u00f6yledi. \u00d6z\u00e7oban, 4 Eyl\u00fcl Stadyumu&#8217;nda d\u00fczenledi\u011fi bas\u0131n toplant\u0131s\u0131nda, k\u0131rm\u0131z\u0131-beyazl\u0131 ekibin son 7 ma\u00e7\u0131nda 2 galibiyet, 4 beraberlik ve 1 &#8230;<\/p>\n","protected":false},"author":1,"featured_media":64761,"comment_status":"open","ping_status":"open","sticky":false,"template":"","format":"standard","meta":{"footnotes":""},"categories":[14],"tags":[597,364,4005,3397,300],"class_list":["post-64760","post","type-post","status-publish","format-standard","has-post-thumbnail","hentry","category-spor","tag-lig","tag-mac","tag-manaj","tag-sivasspor","tag-takimi"],"_links":{"self":[{"href":"https:\/\/bihavadis.com\/index.php\/wp-json\/wp\/v2\/posts\/64760","targetHints":{"allow":["GET"]}}],"collection":[{"href":"https:\/\/bihavadis.com\/index.php\/wp-json\/wp\/v2\/posts"}],"about":[{"href":"https:\/\/bihavadis.com\/index.php\/wp-json\/wp\/v2\/types\/post"}],"author":[{"embeddable":true,"href":"https:\/\/bihavadis.com\/index.php\/wp-json\/wp\/v2\/users\/1"}],"replies":[{"embeddable":true,"href":"https:\/\/bihavadis.com\/index.php\/wp-json\/wp\/v2\/comments?post=64760"}],"version-history":[{"count":1,"href":"https:\/\/bihavadis.com\/index.php\/wp-json\/wp\/v2\/posts\/64760\/revisions"}],"predecessor-version":[{"id":64765,"href":"https:\/\/bihavadis.com\/index.php\/wp-json\/wp\/v2\/posts\/64760\/revisions\/64765"}],"wp:featuredmedia":[{"embeddable":true,"href":"https:\/\/bihavadis.com\/index.php\/wp-json\/wp\/v2\/media\/64761"}],"wp:attachment":[{"href":"https:\/\/bihavadis.com\/index.php\/wp-json\/wp\/v2\/media?parent=64760"}],"wp:term":[{"taxonomy":"category","embeddable":true,"href":"https:\/\/bihavadis.com\/index.php\/wp-json\/wp\/v2\/categories?post=64760"},{"taxonomy":"post_tag","embeddable":true,"href":"https:\/\/bihavadis.com\/index.php\/wp-json\/wp\/v2\/tags?post=64760"}],"curies":[{"name":"wp","href":"https:\/\/api.w.org\/{rel}","templated":true}]}}