{"id":64777,"date":"2026-03-07T16:27:07","date_gmt":"2026-03-07T16:27:07","guid":{"rendered":"https:\/\/bihavadis.com\/?p=64777"},"modified":"2026-03-07T16:27:07","modified_gmt":"2026-03-07T16:27:07","slug":"ispanyada-musk-sanchez-gerilimi-buyuyor-basbakan-yardimcisi-da-verdi-veristirdi","status":"publish","type":"post","link":"https:\/\/bihavadis.com\/index.php\/2026\/03\/07\/ispanyada-musk-sanchez-gerilimi-buyuyor-basbakan-yardimcisi-da-verdi-veristirdi\/","title":{"rendered":"\u0130spanya&#8217;da Musk\u2013Sanchez gerilimi b\u00fcy\u00fcyor: Ba\u015fbakan Yard\u0131mc\u0131s\u0131 da verdi veri\u015ftirdi"},"content":{"rendered":"<p> \u0130spanya&#8217;da sosyal medya d\u00fczenlemeleri nedeniyle X ile h\u00fck\u00fcmet aras\u0131nda ba\u015flayan tart\u0131\u015fma yeni bir boyut kazand\u0131. Ba\u015fbakan Yard\u0131mc\u0131s\u0131 Yolanda Diaz, Elon Musk&#8217;\u0131n sahibi oldu\u011fu platformdan ayr\u0131ld\u0131\u011f\u0131n\u0131 duyurarak sert a\u00e7\u0131klamalarda bulundu.<\/p>\n<p>Diaz, X hesab\u0131ndan yapt\u0131\u011f\u0131 veda payla\u015f\u0131m\u0131nda, platformu &#8220;nefret dolu bir a\u011f&#8221; olarak tan\u0131mlad\u0131 ve \u015fu ifadeleri kulland\u0131: &#8220;X&#8217;ten ayr\u0131ld\u0131m. O a\u011f nefret dolu bir yer. Biz Elon Musk&#8217;\u0131n ya da Trump&#8217;\u0131n tebaas\u0131 de\u011filiz.&#8221;<\/p>\n<p><b>SANCHEZ\u2013MUSK GER\u0130L\u0130M\u0130N\u0130N DEVAMI<\/b><\/p>\n<p>Yolanda Diaz&#8217;\u0131n \u00e7\u0131k\u0131\u015f\u0131, \u0130spanya Ba\u015fbakan\u0131 Pedro Sanchez ile Elon Musk aras\u0131nda bir s\u00fcredir devam eden sosyal medya yasas\u0131 tart\u0131\u015fmas\u0131n\u0131n devam\u0131 olarak de\u011ferlendirildi. Sanchez, dijital platformlarda nefret s\u00f6ylemi, dezenformasyon ve siyasi manip\u00fclasyonla daha sert m\u00fccadele edilmesini savunup, 16 ya\u015f\u0131ndan k\u00fc\u00e7\u00fcklere sosyal medyan\u0131n yasaklanaca\u011f\u0131n\u0131 duyurunca Musk taraf\u0131ndan &#8220;tiran&#8221; ve &#8220;\u0130spanyol halk\u0131na ihanet eden biri&#8221; olarak nitelendirildi. Sanchezise bu s\u00f6zlere Don Ki\u015fot g\u00f6ndermesi yaparak &#8220;Tekno oligarklar\u0131n havlamas\u0131na ald\u0131rma Sancho, bu bizim yol kat etti\u011fimizin i\u015faretidir&#8221; diye cevap vermi\u015fti. <\/p>\n<p><b>&#8220;TEKNOLOJ\u0130 DEVLER\u0130 S\u0130YASET\u0130N \u00dcST\u00dcNDE DE\u011e\u0130L&#8221;<\/b><\/p>\n<p>Diaz&#8217;\u0131n &#8220;tebaa de\u011filiz&#8221; vurgusu, \u0130spanya h\u00fck\u00fcmetinin teknoloji devlerine kar\u015f\u0131 ald\u0131\u011f\u0131 tavr\u0131n en a\u00e7\u0131k ifadelerinden biri olarak yorumland\u0131. H\u00fck\u00fcmet yetkilileri, k\u00fcresel teknoloji \u015firketlerinin demokratik kurumlar\u0131n ve ulusal yasalar\u0131n \u00fczerinde konumlanamayaca\u011f\u0131n\u0131 savunuyor.<\/p>\n<p>Siyasi kulislerde, Yolanda D\u00edaz&#8217;\u0131n X&#8217;ten ayr\u0131lma karar\u0131n\u0131n sembolik ama g\u00fc\u00e7l\u00fc bir mesaj oldu\u011fu, Musk&#8217;a kar\u015f\u0131 y\u00fcr\u00fct\u00fclen politik duru\u015fu peki\u015ftirdi\u011fi ifade ediliyor.<\/p>\n<p><b>AVRUPA&#8217;DA DALGA DALGA YAYILAB\u0130L\u0130R<\/b><\/p>\n<p>Uzmanlar, \u0130spanya&#8217;da ya\u015fanan bu geli\u015fmenin Avrupa genelinde benzer ad\u0131mlar\u0131 tetikleyebilece\u011fini, \u00f6zellikle sol ve merkez sol h\u00fck\u00fcmetlerin X ve benzeri platformlara kar\u015f\u0131 daha mesafeli bir tutum benimseyebilece\u011fini de\u011ferlendiriyor.<\/p>\n<p>Musk cephesinden Yolanda D\u00edaz&#8217;\u0131n a\u00e7\u0131klamalar\u0131na ili\u015fkin hen\u00fcz do\u011frudan bir yan\u0131t gelmedi.<\/p>\n","protected":false},"excerpt":{"rendered":"<p>\u0130spanya ile Elon Musk aras\u0131nda sosyal medya d\u00fczenlemeleri nedeniyle ba\u015flayan gerilim, yeni bir boyut kazand\u0131. \u0130spanya Ba\u015fbakan Yard\u0131mc\u0131s\u0131 Yolanda Diaz &#8221;Bu a\u011f nefret dolu bir yer&#8221; diyerek X&#8217;ten ayr\u0131ld\u0131\u011f\u0131n\u0131 a\u00e7\u0131klad\u0131 ve sert s\u00f6zlerle Musk&#8217;a y\u00fcklendi. Sanchez&#8217;in sa\u011f kolu, &#8221;X&#8217;ten ayr\u0131ld\u0131m. O a\u011f nefret dolu bir yer. Biz Elon Musk&#8217;\u0131n ya da Trump&#8217;\u0131n tebaas\u0131 de\u011filiz.&#8221; dedi.<\/p>\n","protected":false},"author":1,"featured_media":64778,"comment_status":"open","ping_status":"open","sticky":false,"template":"","format":"standard","meta":{"footnotes":""},"categories":[12],"tags":[2282,531],"class_list":["post-64777","post","type-post","status-publish","format-standard","has-post-thumbnail","hentry","category-siyaset","tag-musk","tag-yol"],"_links":{"self":[{"href":"https:\/\/bihavadis.com\/index.php\/wp-json\/wp\/v2\/posts\/64777","targetHints":{"allow":["GET"]}}],"collection":[{"href":"https:\/\/bihavadis.com\/index.php\/wp-json\/wp\/v2\/posts"}],"about":[{"href":"https:\/\/bihavadis.com\/index.php\/wp-json\/wp\/v2\/types\/post"}],"author":[{"embeddable":true,"href":"https:\/\/bihavadis.com\/index.php\/wp-json\/wp\/v2\/users\/1"}],"replies":[{"embeddable":true,"href":"https:\/\/bihavadis.com\/index.php\/wp-json\/wp\/v2\/comments?post=64777"}],"version-history":[{"count":1,"href":"https:\/\/bihavadis.com\/index.php\/wp-json\/wp\/v2\/posts\/64777\/revisions"}],"predecessor-version":[{"id":64779,"href":"https:\/\/bihavadis.com\/index.php\/wp-json\/wp\/v2\/posts\/64777\/revisions\/64779"}],"wp:featuredmedia":[{"embeddable":true,"href":"https:\/\/bihavadis.com\/index.php\/wp-json\/wp\/v2\/media\/64778"}],"wp:attachment":[{"href":"https:\/\/bihavadis.com\/index.php\/wp-json\/wp\/v2\/media?parent=64777"}],"wp:term":[{"taxonomy":"category","embeddable":true,"href":"https:\/\/bihavadis.com\/index.php\/wp-json\/wp\/v2\/categories?post=64777"},{"taxonomy":"post_tag","embeddable":true,"href":"https:\/\/bihavadis.com\/index.php\/wp-json\/wp\/v2\/tags?post=64777"}],"curies":[{"name":"wp","href":"https:\/\/api.w.org\/{rel}","templated":true}]}}