{"id":64872,"date":"2026-03-07T22:12:08","date_gmt":"2026-03-07T22:12:08","guid":{"rendered":"https:\/\/bihavadis.com\/?p=64872"},"modified":"2026-03-07T22:12:08","modified_gmt":"2026-03-07T22:12:08","slug":"baskan-cercioglu-her-gun-binlerce-vatandasi-iftar-sofralarinda-bulusturmaya-devam-ediyor-2","status":"publish","type":"post","link":"https:\/\/bihavadis.com\/index.php\/2026\/03\/07\/baskan-cercioglu-her-gun-binlerce-vatandasi-iftar-sofralarinda-bulusturmaya-devam-ediyor-2\/","title":{"rendered":"Ba\u015fkan \u00c7er\u00e7io\u011flu Her G\u00fcn Binlerce Vatanda\u015f\u0131 \u0130ftar Sofralar\u0131nda Bulu\u015fturmaya Devam Ediyor"},"content":{"rendered":"<p>Her y\u0131l oldu\u011fu gibi bu y\u0131l da vatanda\u015flar\u0131 iftar sofralar\u0131nda bulu\u015fturan Ayd\u0131n B\u00fcy\u00fck\u015fehir Belediyesi, Ramazan ay\u0131n\u0131n bereketini ve dayan\u0131\u015fma ruhunu Ayd\u0131n\u2019\u0131n d\u00f6rt bir yan\u0131na ta\u015f\u0131may\u0131 s\u00fcrd\u00fcr\u00fcyor. B\u00fcy\u00fck\u015fehir Belediyesi\u2019nin kurdu\u011fu g\u00f6n\u00fcl sofralar\u0131nda her ya\u015ftan vatanda\u015f bir araya geliyor, oru\u00e7lar hep birlikte a\u00e7\u0131l\u0131yor.<\/p>\n<p>B\u00fcy\u00fck\u015fehir Belediyesi\u2019nin iftar sofralar\u0131 bug\u00fcn de Efeler il\u00e7esinde Atat\u00fcrk Kent Meydan\u0131\u2019nda ve Baltak\u00f6y Mahallesi\u2019nde, K\u00f6\u015fk il\u00e7esinde Recep Tayyip Erdo\u011fan Meydan\u0131\u2019nda, Germencik il\u00e7esinde Yeni Mahalle\u2019de, S\u00f6ke il\u00e7esinde Atburgaz\u0131 Mahallesi\u2019nde, Karpuzlu il\u00e7esinde Abak Mahallesi\u2019nde, Sultanhisar il\u00e7esinde \u0130ncealan Mahallesi\u2019nde ve Nazilli il\u00e7esinde Demirciler Mahallesi\u2019nde kuruldu.<\/p>\n<p>Mahallelerinde kurulan sofralarda bir araya gelen vatanda\u015flar, Ramazan ay\u0131n\u0131n birlik ve beraberlik ruhunu hep birlikte ya\u015fad\u0131klar\u0131n\u0131 belirterek Ayd\u0131n B\u00fcy\u00fck\u015fehir Belediye Ba\u015fkan\u0131 \u00d6zlem \u00c7er\u00e7io\u011flu\u2019na te\u015fekk\u00fcr etti.<\/p>\n<p>Ayd\u0131n B\u00fcy\u00fck\u015fehir Belediyesi, Ramazan ay\u0131 boyunca iftar sofralar\u0131yla Ayd\u0131nl\u0131lar\u0131 bir araya getirmeyi s\u00fcrd\u00fcrecek.<\/p>\n<p>\u00a0<\/p>\n<p>Kaynak: (BYZHA) Beyaz Haber Ajans\u0131<\/p>\n","protected":false},"excerpt":{"rendered":"<p>Her y\u0131l oldu\u011fu gibi bu y\u0131l da vatanda\u015flar\u0131 iftar sofralar\u0131nda bulu\u015fturan Ayd\u0131n B\u00fcy\u00fck\u015fehir Belediyesi, Ramazan ay\u0131n\u0131n bereketini ve dayan\u0131\u015fma ruhunu Ayd\u0131n\u2019\u0131n d\u00f6rt bir yan\u0131na ta\u015f\u0131may\u0131 s\u00fcrd\u00fcr\u00fcyor.<\/p>\n","protected":false},"author":1,"featured_media":64873,"comment_status":"open","ping_status":"open","sticky":false,"template":"","format":"standard","meta":{"footnotes":""},"categories":[4],"tags":[372,485],"class_list":["post-64872","post","type-post","status-publish","format-standard","has-post-thumbnail","hentry","category-gundem","tag-belediye","tag-ilcesinde"],"_links":{"self":[{"href":"https:\/\/bihavadis.com\/index.php\/wp-json\/wp\/v2\/posts\/64872","targetHints":{"allow":["GET"]}}],"collection":[{"href":"https:\/\/bihavadis.com\/index.php\/wp-json\/wp\/v2\/posts"}],"about":[{"href":"https:\/\/bihavadis.com\/index.php\/wp-json\/wp\/v2\/types\/post"}],"author":[{"embeddable":true,"href":"https:\/\/bihavadis.com\/index.php\/wp-json\/wp\/v2\/users\/1"}],"replies":[{"embeddable":true,"href":"https:\/\/bihavadis.com\/index.php\/wp-json\/wp\/v2\/comments?post=64872"}],"version-history":[{"count":1,"href":"https:\/\/bihavadis.com\/index.php\/wp-json\/wp\/v2\/posts\/64872\/revisions"}],"predecessor-version":[{"id":64874,"href":"https:\/\/bihavadis.com\/index.php\/wp-json\/wp\/v2\/posts\/64872\/revisions\/64874"}],"wp:featuredmedia":[{"embeddable":true,"href":"https:\/\/bihavadis.com\/index.php\/wp-json\/wp\/v2\/media\/64873"}],"wp:attachment":[{"href":"https:\/\/bihavadis.com\/index.php\/wp-json\/wp\/v2\/media?parent=64872"}],"wp:term":[{"taxonomy":"category","embeddable":true,"href":"https:\/\/bihavadis.com\/index.php\/wp-json\/wp\/v2\/categories?post=64872"},{"taxonomy":"post_tag","embeddable":true,"href":"https:\/\/bihavadis.com\/index.php\/wp-json\/wp\/v2\/tags?post=64872"}],"curies":[{"name":"wp","href":"https:\/\/api.w.org\/{rel}","templated":true}]}}