{"id":64885,"date":"2026-03-07T22:21:08","date_gmt":"2026-03-07T22:21:08","guid":{"rendered":"https:\/\/bihavadis.com\/?p=64885"},"modified":"2026-03-07T22:21:08","modified_gmt":"2026-03-07T22:21:08","slug":"bereket-sofrasi-bu-kez-beydagda-kuruldu","status":"publish","type":"post","link":"https:\/\/bihavadis.com\/index.php\/2026\/03\/07\/bereket-sofrasi-bu-kez-beydagda-kuruldu\/","title":{"rendered":"Bereket sofras\u0131 bu kez Beyda\u011f&#8217;da kuruldu"},"content":{"rendered":"<p>\u0130zmir B\u00fcy\u00fck\u015fehir Belediye Ba\u015fkan\u0131 Dr. Cemil Tugay, ramazan ay\u0131nda Beyda\u011f\u2019da hem fidan da\u011f\u0131tarak tar\u0131ma destek oldu, hem de vatanda\u015flarla iftar a\u00e7arak birlik ve dayan\u0131\u015fman\u0131n \u00f6nemini vurgulad\u0131. Tugay, &#8220;Zorluklar\u0131 milletimizle omuz omuza a\u015far\u0131z&#8221; dedi.<br \/>\u00a0<br \/>\u0130zmir B\u00fcy\u00fck\u015fehir Belediye Ba\u015fkan\u0131 Dr. Cemil Tugay, \u0130zmir B\u00fcy\u00fck\u015fehir Belediyesi\u2019nin ramazan ay\u0131nda dayan\u0131\u015fma ruhuyla sofralar\u0131n bereketini art\u0131rd\u0131\u011f\u0131 iftar programlar\u0131nda vatanda\u015flarla bulu\u015fmaya devam ediyor. Ba\u015fkan Tugay, Beyda\u011f 2 Eyl\u00fcl Kurtulu\u015f Park\u0131\u2019nda d\u00fczenlenen iftarda bu kez Beyda\u011fl\u0131larla bir araya geldi. \u0130ftara; Beyda\u011f Belediye Ba\u015fkan\u0131 \u015eakir Ba\u015faran ve e\u015fi Demet Ba\u015faran, Beyda\u011f \u0130l\u00e7e Emniyet M\u00fcd\u00fcr\u00fc Ethem Kocatepe, siyasi parti temsilcileri, meclis \u00fcyeleri, muhtarlar, b\u00fcrokratlar, sivil toplum kurulu\u015flar\u0131n\u0131n temsilcileri ve \u00e7ok say\u0131da vatanda\u015f kat\u0131ld\u0131. Ba\u015fkan Tugay ayr\u0131ca iftar \u00f6ncesinde, ipekb\u00f6cek\u00e7ili\u011fini geli\u015ftirmek amac\u0131yla \u00fcreticilere fidan da\u011f\u0131tt\u0131.<br \/>\u00a0<br \/><strong>Birlik, dayan\u0131\u015fma ve umut mesaj\u0131<\/strong><br \/>Programda konu\u015fan Ba\u015fkan Tugay, dayan\u0131\u015fman\u0131n \u00f6nemine vurgu yaparak, \u201cBu sofray\u0131 g\u00fczel ve de\u011ferli yapan \u015fey sizin varl\u0131\u011f\u0131n\u0131z ve sizinle olu\u015fan birlik, beraberliktir. Ramazan; birlik, beraberlik, huzur ve karde\u015flik i\u00e7inde ayn\u0131 sofray\u0131 payla\u015fabildi\u011fimiz i\u00e7in \u00e7ok de\u011ferli ve g\u00fczel bir ay. Diliyorum ki bu ay hem bu y\u0131l\u0131 hem de sonraki y\u0131llar\u0131 \u015fehrimiz ve insanlar\u0131m\u0131z i\u00e7in hay\u0131rl\u0131 k\u0131ls\u0131n, bereketli bir y\u0131l\u0131n ba\u015flang\u0131c\u0131 olsun. Her t\u00fcrl\u00fc s\u0131k\u0131nt\u0131n\u0131n bizden uzak oldu\u011fu, kimsenin a\u00e7 kalmad\u0131\u011f\u0131, kimsenin sokakta yatmad\u0131\u011f\u0131 g\u00fczel g\u00fcnlere vesile olsun. Bunlar\u0131 g\u00fczel dilekler olarak diliyoruz ama sadece niyet etmekle kalmay\u0131p emek harcamam\u0131z gerekti\u011fini biliyoruz. Diliyorum ki bu g\u00fczel ve b\u00fcy\u00fck milletin \u015fan\u0131na, \u015ferefine, ge\u00e7mi\u015fine ve tarihine yak\u0131\u015f\u0131r bir gelece\u011fi olur. Bug\u00fcnlerde ya\u015fad\u0131\u011f\u0131m\u0131z, hepimizin i\u00e7ini ac\u0131tan fukaral\u0131k, yoksulluk ve i\u015fsizlik sona erer. Biz \u00e7al\u0131\u015farak, milletimizle el ele, kol kola, omuz omuza vererek zorluklar\u0131 a\u015far\u0131z\u201d dedi.<br \/>\u00a0<br \/><strong>Ba\u015fkan Tugay&#8217;a te\u015fekk\u00fcr<\/strong><br \/>Beyda\u011f Belediye Ba\u015fkan\u0131 \u015eakir Ba\u015faran ise, \u201cRamazan; birliktir, beraberliktir, dayan\u0131\u015fmad\u0131r, k\u00fclt\u00fcrd\u00fcr ve payla\u015fmakt\u0131r. \u00dc\u00e7 y\u0131ld\u0131r bu vesileyle bizleri bir araya getiren \u0130zmir B\u00fcy\u00fck\u015fehir Belediye Ba\u015fkan\u0131m\u0131z Dr. Cemil Tugay\u2019a te\u015fekk\u00fcr ediyorum. Kendisiyle ayn\u0131 tak\u0131mda olmaktan b\u00fcy\u00fck gurur duyuyorum. \u0130zmir\u2019le yat\u0131p \u0130zmir\u2019le kalkan, insanlar\u0131n daha iyi bir ya\u015fam s\u00fcrmesi i\u00e7in m\u00fccadele eden Ba\u015fkan\u0131m\u0131z, bug\u00fcn de sizlerle birlikte olmak i\u00e7in iki saat yol geldi ve yine iki saat yol giderek program\u0131na devam edecek. Bizleri sizlerle bir araya getirdi\u011fi i\u00e7in kendisine \u00e7ok te\u015fekk\u00fcr ediyorum\u201d diye konu\u015ftu.<br \/>\u00a0<br \/><strong>\u00dcreticilere fidan deste\u011fi<\/strong><br \/>Ba\u015fkan Tugay, iftar \u00f6ncesinde \u00fcreticilerden gelen talep do\u011frultusunda b\u00f6lgede ipekb\u00f6cek\u00e7ili\u011fini desteklemek amac\u0131yla bin akdut fidan\u0131 da\u011f\u0131tt\u0131. Destek program\u0131n\u0131n devam\u0131nda ise \u00f6n\u00fcm\u00fczdeki hafta Beyda\u011f Belediyesi i\u015f birli\u011fiyle il\u00e7ede bir dut plantasyon alan\u0131 olu\u015fturulacak. Bu \u00e7al\u0131\u015fma ile ipekb\u00f6ce\u011fi yeti\u015ftiricili\u011fi i\u00e7in gerekli olan dut yapra\u011f\u0131 \u00fcretiminin art\u0131r\u0131lmas\u0131 ve s\u00fcrd\u00fcr\u00fclebilir bir \u00fcretim altyap\u0131s\u0131n\u0131n olu\u015fturulmas\u0131 hedefleniyor. \u0130pekb\u00f6ce\u011fi yeti\u015ftiricili\u011fi; kad\u0131n eme\u011finin \u00fcretime daha etkin \u015fekilde kazand\u0131r\u0131lmas\u0131, aile i\u015fletmelerinin desteklenmesi, kooperatif\u00e7ilik yap\u0131s\u0131n\u0131n g\u00fc\u00e7lendirilmesi ve k\u0131rsal gelir \u00e7e\u015fitlili\u011finin art\u0131r\u0131lmas\u0131 a\u00e7\u0131s\u0131ndan \u00f6nemli bir potansiyel ta\u015f\u0131yor. \u0130zmir B\u00fcy\u00fck\u015fehir Belediyesi\u2019nin, bu alandaki \u00fcretimin yayg\u0131nla\u015ft\u0131r\u0131lmas\u0131na y\u00f6nelik destek \u00e7al\u0131\u015fmalar\u0131 s\u00fcrecek.<\/p>\n<p>\u00a0<\/p>\n<p>Kaynak: (BYZHA) Beyaz Haber Ajans\u0131<\/p>\n","protected":false},"excerpt":{"rendered":"<p>\u0130zmir B\u00fcy\u00fck\u015fehir Belediye Ba\u015fkan\u0131 Dr. Cemil Tugay, ramazan ay\u0131nda Beyda\u011f\u2019da hem fidan da\u011f\u0131tarak tar\u0131ma destek oldu, hem de vatanda\u015flarla iftar a\u00e7arak birlik ve dayan\u0131\u015fman\u0131n \u00f6nemini vurgulad\u0131. Tugay, &#8220;Zorluklar\u0131 milletimizle omuz omuza a\u015far\u0131z&#8221; dedi.<\/p>\n","protected":false},"author":1,"featured_media":64886,"comment_status":"open","ping_status":"open","sticky":false,"template":"","format":"standard","meta":{"footnotes":""},"categories":[4],"tags":[986,3074,2435,1179,675],"class_list":["post-64885","post","type-post","status-publish","format-standard","has-post-thumbnail","hentry","category-gundem","tag-baskani","tag-beydag","tag-birlik","tag-guzel","tag-iftar"],"_links":{"self":[{"href":"https:\/\/bihavadis.com\/index.php\/wp-json\/wp\/v2\/posts\/64885","targetHints":{"allow":["GET"]}}],"collection":[{"href":"https:\/\/bihavadis.com\/index.php\/wp-json\/wp\/v2\/posts"}],"about":[{"href":"https:\/\/bihavadis.com\/index.php\/wp-json\/wp\/v2\/types\/post"}],"author":[{"embeddable":true,"href":"https:\/\/bihavadis.com\/index.php\/wp-json\/wp\/v2\/users\/1"}],"replies":[{"embeddable":true,"href":"https:\/\/bihavadis.com\/index.php\/wp-json\/wp\/v2\/comments?post=64885"}],"version-history":[{"count":1,"href":"https:\/\/bihavadis.com\/index.php\/wp-json\/wp\/v2\/posts\/64885\/revisions"}],"predecessor-version":[{"id":64887,"href":"https:\/\/bihavadis.com\/index.php\/wp-json\/wp\/v2\/posts\/64885\/revisions\/64887"}],"wp:featuredmedia":[{"embeddable":true,"href":"https:\/\/bihavadis.com\/index.php\/wp-json\/wp\/v2\/media\/64886"}],"wp:attachment":[{"href":"https:\/\/bihavadis.com\/index.php\/wp-json\/wp\/v2\/media?parent=64885"}],"wp:term":[{"taxonomy":"category","embeddable":true,"href":"https:\/\/bihavadis.com\/index.php\/wp-json\/wp\/v2\/categories?post=64885"},{"taxonomy":"post_tag","embeddable":true,"href":"https:\/\/bihavadis.com\/index.php\/wp-json\/wp\/v2\/tags?post=64885"}],"curies":[{"name":"wp","href":"https:\/\/api.w.org\/{rel}","templated":true}]}}