{"id":6491,"date":"2026-01-30T16:12:07","date_gmt":"2026-01-30T16:12:07","guid":{"rendered":"https:\/\/bihavadis.com\/?p=6491"},"modified":"2026-01-30T16:12:07","modified_gmt":"2026-01-30T16:12:07","slug":"azerbaycanda-dev-enerji-hamlesi-zengezur-elektrik-iletim-hattinin-insasi-basladi","status":"publish","type":"post","link":"https:\/\/bihavadis.com\/index.php\/2026\/01\/30\/azerbaycanda-dev-enerji-hamlesi-zengezur-elektrik-iletim-hattinin-insasi-basladi\/","title":{"rendered":"Azerbaycan\u2019da dev enerji hamlesi: Zengezur Elektrik \u0130letim Hatt\u0131\u2019n\u0131n in\u015fas\u0131 ba\u015flad\u0131"},"content":{"rendered":"<p>Devlete ait elektrik \u00fcretim ve iletim \u015firketi Azerenerji\u2019den yap\u0131lan a\u00e7\u0131klamaya g\u00f6re, proje kapsam\u0131nda Cebray\u0131l ilinden Ermenistan s\u0131n\u0131r\u0131ndaki A\u011fbend kasabas\u0131na kadar 74 kilometrelik, Nah\u00e7\u0131van merkezinden Ordubad ili s\u0131n\u0131r\u0131na uzanan 105 kilometrelik iki ayr\u0131 hatta e\u015f zamanl\u0131 in\u015fa \u00e7al\u0131\u015fmalar\u0131 y\u00fcr\u00fct\u00fcl\u00fcyor. \u00c7ift devreli olarak planlanan hatt\u0131n 330 kilovolt gerilim seviyesinde ve bin megavat ta\u015f\u0131ma kapasitesine sahip oldu\u011fu belirtildi.<\/p>\n<p><strong>ZORLU ARAZ\u0130 VE \u0130KL\u0130M KO\u015eULLARINDA \u0130N\u015eA<\/strong><\/p>\n<p>Araz Nehri boyunca ilerleyen iletim hatt\u0131n\u0131n baz\u0131 b\u00f6l\u00fcmlerinin da\u011fl\u0131k ve kayal\u0131k alanlardan ge\u00e7ti\u011fi, bu nedenle arazinin yar\u0131larak altyap\u0131 \u00e7al\u0131\u015fmalar\u0131n\u0131n ger\u00e7ekle\u015ftirildi\u011fi ifade edildi. Projenin, a\u011f\u0131r iklim \u015fartlar\u0131 ve zorlu co\u011frafi ko\u015fullara ra\u011fmen planlanan takvim do\u011frultusunda s\u00fcrd\u00fcr\u00fcld\u00fc\u011f\u00fc kaydedildi.<\/p>\n<p><img decoding=\"async\" src=\"https:\/\/bihavadis.com\/wp-content\/uploads\/2026\/01\/azerbaycanda-dev-enerji-hamlesi-zengezur-elektrik-iletim-hattinin-insasi-basladi-0-KkSqZpFF.jpg\"\/><\/p>\n<p><strong>ZENGEZUR KOR\u0130DORU&#8217;NDA YEN\u0130 HATLAR PLANLANIYOR<\/strong><\/p>\n<p>A\u00e7\u0131klamada, projenin bir sonraki a\u015famas\u0131nda Zengezur Koridoru \u00fczerinde 44 kilometrelik ek bir iletim hatt\u0131n\u0131n daha in\u015fa edilmesinin ve bu hatt\u0131n ilerleyen d\u00f6nemde A\u011fbend ve Ordubad y\u00f6nlerinden gelen hatlarla entegre edilmesinin planland\u0131\u011f\u0131 bildirildi.<\/p>\n<p><img decoding=\"async\" src=\"https:\/\/bihavadis.com\/wp-content\/uploads\/2026\/01\/azerbaycanda-dev-enerji-hamlesi-zengezur-elektrik-iletim-hattinin-insasi-basladi-1-bf1L7un7.jpg\"\/><\/p>\n<p><strong>T\u00dcRK\u0130YE VE AVRUPA BA\u011eLANTISI HEDEFLEN\u0130YOR<\/strong><\/p>\n<p>Azerbaycan-T\u00fcrkiye-Avrupa Uluslararas\u0131 Enerji Koridoru Projesi\u2019nin devam\u0131 niteli\u011findeki di\u011fer a\u015famada ise Nah\u00e7\u0131van\u2019dan T\u00fcrkiye\u2019ye uzanacak 230 kilometrelik yeni bir elektrik iletim hatt\u0131n\u0131n hayata ge\u00e7irilmesinin hedeflendi\u011fi belirtildi.<\/p>\n<p><img decoding=\"async\" src=\"https:\/\/bihavadis.com\/wp-content\/uploads\/2026\/01\/azerbaycanda-dev-enerji-hamlesi-zengezur-elektrik-iletim-hattinin-insasi-basladi-2-yvyXbJQT.jpg\"\/><\/p>\n<p><strong>STRATEJ\u0130K \u00d6NEME SAH\u0130P<\/strong><\/p>\n<p>Yetkililer, Nah\u00e7\u0131van\u2019\u0131n elektrik sisteminin Azerbaycan\u2019\u0131n ulusal enerji a\u011f\u0131na tam entegrasyonunu sa\u011flayacak projenin, \u00fclkenin Avrupa enerji pazarlar\u0131na eri\u015fimini g\u00fc\u00e7lendirece\u011fini vurgulad\u0131. Zengezur Elektrik \u0130letim Hatt\u0131\u2019n\u0131n, Azerbaycan tarihinin en b\u00fcy\u00fck ve stratejik enerji projelerinden biri oldu\u011fu ifade edildi.<\/p>\n<p><img decoding=\"async\" src=\"https:\/\/bihavadis.com\/wp-content\/uploads\/2026\/01\/azerbaycanda-dev-enerji-hamlesi-zengezur-elektrik-iletim-hattinin-insasi-basladi-3-6zUAGqUA.jpg\"\/><\/p>\n","protected":false},"excerpt":{"rendered":"<p>Azerbaycan\u2019\u0131n ana enerji sistemini Nah\u00e7\u0131van \u00d6zerk Cumhuriyeti\u2019ne ba\u011flayacak ve T\u00fcrkiye ile Avrupa\u2019ya uzanan uluslararas\u0131 enerji koridorunun temelini olu\u015fturacak Zengezur Elektrik \u0130letim Hatt\u0131 projesi ba\u015flat\u0131ld\u0131.<\/p>\n","protected":false},"author":1,"featured_media":6492,"comment_status":"open","ping_status":"open","sticky":false,"template":"","format":"standard","meta":{"footnotes":""},"categories":[6],"tags":[1524,1525,237],"class_list":["post-6491","post","type-post","status-publish","format-standard","has-post-thumbnail","hentry","category-dunya","tag-hattin","tag-iletim","tag-proje"],"_links":{"self":[{"href":"https:\/\/bihavadis.com\/index.php\/wp-json\/wp\/v2\/posts\/6491","targetHints":{"allow":["GET"]}}],"collection":[{"href":"https:\/\/bihavadis.com\/index.php\/wp-json\/wp\/v2\/posts"}],"about":[{"href":"https:\/\/bihavadis.com\/index.php\/wp-json\/wp\/v2\/types\/post"}],"author":[{"embeddable":true,"href":"https:\/\/bihavadis.com\/index.php\/wp-json\/wp\/v2\/users\/1"}],"replies":[{"embeddable":true,"href":"https:\/\/bihavadis.com\/index.php\/wp-json\/wp\/v2\/comments?post=6491"}],"version-history":[{"count":1,"href":"https:\/\/bihavadis.com\/index.php\/wp-json\/wp\/v2\/posts\/6491\/revisions"}],"predecessor-version":[{"id":6497,"href":"https:\/\/bihavadis.com\/index.php\/wp-json\/wp\/v2\/posts\/6491\/revisions\/6497"}],"wp:featuredmedia":[{"embeddable":true,"href":"https:\/\/bihavadis.com\/index.php\/wp-json\/wp\/v2\/media\/6492"}],"wp:attachment":[{"href":"https:\/\/bihavadis.com\/index.php\/wp-json\/wp\/v2\/media?parent=6491"}],"wp:term":[{"taxonomy":"category","embeddable":true,"href":"https:\/\/bihavadis.com\/index.php\/wp-json\/wp\/v2\/categories?post=6491"},{"taxonomy":"post_tag","embeddable":true,"href":"https:\/\/bihavadis.com\/index.php\/wp-json\/wp\/v2\/tags?post=6491"}],"curies":[{"name":"wp","href":"https:\/\/api.w.org\/{rel}","templated":true}]}}