{"id":64943,"date":"2026-03-07T23:12:09","date_gmt":"2026-03-07T23:12:09","guid":{"rendered":"https:\/\/bihavadis.com\/?p=64943"},"modified":"2026-03-07T23:12:09","modified_gmt":"2026-03-07T23:12:09","slug":"trabzonspor-fatih-karagumruk-maci-hazirliklarina-devam-etti","status":"publish","type":"post","link":"https:\/\/bihavadis.com\/index.php\/2026\/03\/07\/trabzonspor-fatih-karagumruk-maci-hazirliklarina-devam-etti\/","title":{"rendered":"Trabzonspor, Fatih Karag\u00fcmr\u00fck ma\u00e7\u0131 haz\u0131rl\u0131klar\u0131na devam etti"},"content":{"rendered":"<p>Trabzonspor, S\u00fcper Lig&#8217;in 24. haftas\u0131nda 27 \u015eubat Cuma g\u00fcn\u00fc sahas\u0131nda Fatih Karag\u00fcmr\u00fck ile yapaca\u011f\u0131 kar\u015f\u0131la\u015fman\u0131n haz\u0131rl\u0131klar\u0131na devam etti.<\/p>\n<p>Mehmet Ali Y\u0131lmaz Tesisleri&#8217;nde, teknik direkt\u00f6r Fatih Tekke y\u00f6netimindeki antrenmanda futbolcular, pas ve taktik \u00e7al\u0131\u015fmalar\u0131 yapt\u0131.<\/p>\n<p><strong>HAZIRLIKLAR S\u00dcRECEK<\/strong><\/p>\n<p>Bordo-mavililer, Fatih Karag\u00fcmr\u00fck ma\u00e7\u0131n\u0131n haz\u0131rl\u0131klar\u0131n\u0131 yar\u0131n s\u00fcrd\u00fcrecek.<\/p>\n<p><img decoding=\"async\" src=\"https:\/\/bihavadis.com\/wp-content\/uploads\/2026\/03\/trabzonspor-fatih-karagumruk-maci-hazirliklarina-devam-etti-0-iWxQn7bG.jpg\"\/><\/p>\n<p><img decoding=\"async\" src=\"https:\/\/bihavadis.com\/wp-content\/uploads\/2026\/03\/trabzonspor-fatih-karagumruk-maci-hazirliklarina-devam-etti-1-9YRDXdzc.jpg\"\/><\/p>\n<p><img decoding=\"async\" src=\"https:\/\/bihavadis.com\/wp-content\/uploads\/2026\/03\/trabzonspor-fatih-karagumruk-maci-hazirliklarina-devam-etti-2-EJj411fZ.jpg\"\/> <\/p>\n<div> <span><strong>Kaynak:<\/strong> Ensonhaber Haber Merkezi<\/span> <\/div>\n","protected":false},"excerpt":{"rendered":"<p>Trabzonspor, S\u00fcper Lig&#8217;in 24. haftas\u0131nda 27 \u015eubat Cuma g\u00fcn\u00fc sahas\u0131nda Fatih Karag\u00fcmr\u00fck ile yapaca\u011f\u0131 kar\u015f\u0131la\u015fman\u0131n haz\u0131rl\u0131klar\u0131na devam etti. Mehmet Ali Y\u0131lmaz Tesisleri&#8217;nde, teknik direkt\u00f6r Fatih Tekke y\u00f6netimindeki antrenmanda futbolcular, pas ve &#8230;<\/p>\n","protected":false},"author":1,"featured_media":64944,"comment_status":"open","ping_status":"open","sticky":false,"template":"","format":"standard","meta":{"footnotes":""},"categories":[14],"tags":[],"class_list":["post-64943","post","type-post","status-publish","format-standard","has-post-thumbnail","hentry","category-spor"],"_links":{"self":[{"href":"https:\/\/bihavadis.com\/index.php\/wp-json\/wp\/v2\/posts\/64943","targetHints":{"allow":["GET"]}}],"collection":[{"href":"https:\/\/bihavadis.com\/index.php\/wp-json\/wp\/v2\/posts"}],"about":[{"href":"https:\/\/bihavadis.com\/index.php\/wp-json\/wp\/v2\/types\/post"}],"author":[{"embeddable":true,"href":"https:\/\/bihavadis.com\/index.php\/wp-json\/wp\/v2\/users\/1"}],"replies":[{"embeddable":true,"href":"https:\/\/bihavadis.com\/index.php\/wp-json\/wp\/v2\/comments?post=64943"}],"version-history":[{"count":1,"href":"https:\/\/bihavadis.com\/index.php\/wp-json\/wp\/v2\/posts\/64943\/revisions"}],"predecessor-version":[{"id":64948,"href":"https:\/\/bihavadis.com\/index.php\/wp-json\/wp\/v2\/posts\/64943\/revisions\/64948"}],"wp:featuredmedia":[{"embeddable":true,"href":"https:\/\/bihavadis.com\/index.php\/wp-json\/wp\/v2\/media\/64944"}],"wp:attachment":[{"href":"https:\/\/bihavadis.com\/index.php\/wp-json\/wp\/v2\/media?parent=64943"}],"wp:term":[{"taxonomy":"category","embeddable":true,"href":"https:\/\/bihavadis.com\/index.php\/wp-json\/wp\/v2\/categories?post=64943"},{"taxonomy":"post_tag","embeddable":true,"href":"https:\/\/bihavadis.com\/index.php\/wp-json\/wp\/v2\/tags?post=64943"}],"curies":[{"name":"wp","href":"https:\/\/api.w.org\/{rel}","templated":true}]}}