{"id":65004,"date":"2026-03-08T00:03:07","date_gmt":"2026-03-08T00:03:07","guid":{"rendered":"https:\/\/bihavadis.com\/?p=65004"},"modified":"2026-03-08T00:03:07","modified_gmt":"2026-03-08T00:03:07","slug":"antalya-buyuksehir-belediye-baskan-vekili-busra-ozdemirin-8-mart-dunya-kadinlar-gunu-mesaji","status":"publish","type":"post","link":"https:\/\/bihavadis.com\/index.php\/2026\/03\/08\/antalya-buyuksehir-belediye-baskan-vekili-busra-ozdemirin-8-mart-dunya-kadinlar-gunu-mesaji\/","title":{"rendered":"Antalya B\u00fcy\u00fck\u015fehir Belediye Ba\u015fkan Vekili B\u00fc\u015fra \u00d6zdemir&#8217;in 8 Mart D\u00fcnya Kad\u0131nlar G\u00fcn\u00fc Mesaj\u0131"},"content":{"rendered":"<p>Eme\u011fi, bilgisi, \u00fcretkenli\u011fi, azmi, sevgi dolu y\u00fcrekleri ve fedakarl\u0131klar\u0131yla ya\u015fam\u0131 g\u00fczelle\u015ftiren, toplumu g\u00fc\u00e7lendiren t\u00fcm kad\u0131nlar\u0131n 8 Mart D\u00fcnya Kad\u0131nlar G\u00fcn\u00fc kutlu olsun.<br \/>Toplumlar\u0131n geli\u015fmesi, ekonominin g\u00fc\u00e7lenmesi ve daha adil bir gelece\u011fin kurulmas\u0131, kad\u0131nlar\u0131n sosyal ve ekonomik hayatta aktif rol almas\u0131yla m\u00fcmk\u00fcnd\u00fcr. Kad\u0131nlar\u0131n \u00e7al\u0131\u015fma hayat\u0131ndaki varl\u0131\u011f\u0131 sadece \u00fcretimi de\u011fil, ayn\u0131 zamanda toplumsal ilerlemeyi ve e\u015fitli\u011fi de g\u00fc\u00e7lendirir.<br \/>Cumhuriyetimizin kurucusu Gazi Mustafa Kemal Atat\u00fcrk, T\u00fcrk kad\u0131n\u0131n\u0131n toplumdaki yerini g\u00fc\u00e7lendirmek ad\u0131na tarihi ad\u0131mlar atm\u0131\u015f; kad\u0131nlara e\u011fitim, \u00e7al\u0131\u015fma ve siyasal hayata kat\u0131lma hakk\u0131 tan\u0131m\u0131\u015ft\u0131r. T\u00fcrk kad\u0131n\u0131 Atat\u00fcrk\u2019\u00fcn \u00f6nc\u00fcl\u00fc\u011f\u00fcnde bir\u00e7ok \u00fclkeden \u00f6nce se\u00e7me ve se\u00e7ilme hakk\u0131na kavu\u015farak d\u00fcnyaya \u00f6rnek olmu\u015ftur. B\u00fcy\u00fck \u00d6nder Gazi Mustafa Kemal Atat\u00fcrk\u2019\u00fcn kad\u0131nlara kazand\u0131rd\u0131\u011f\u0131 haklar\u0131n ve a\u00e7t\u0131\u011f\u0131 ayd\u0131nl\u0131k yolun bilinciyle, bug\u00fcn biz kad\u0131nlar hayat\u0131n her alan\u0131nda azim ve kararl\u0131l\u0131kla \u00e7al\u0131\u015fmaya devam ediyoruz. Bize duyulan g\u00fcveni ve verilen bu b\u00fcy\u00fck de\u011feri en iyi \u015fekilde temsil etmek i\u00e7in \u00fcretiyor, geli\u015fiyor ve toplumun ilerlemesine katk\u0131 sa\u011fl\u0131yoruz. Ata\u2019m\u0131z\u0131n g\u00f6sterdi\u011fi \u00e7a\u011fda\u015f ve e\u015fitlik\u00e7i hedefler do\u011frultusunda, emeklerimizle yar\u0131nlar\u0131 daha g\u00fc\u00e7l\u00fc, daha umut dolu bir gelece\u011fe ta\u015f\u0131mak i\u00e7in var g\u00fcc\u00fcm\u00fczle \u00e7al\u0131\u015f\u0131yoruz.<br \/>Kad\u0131nlar\u0131n \u00e7al\u0131\u015fma hayat\u0131nda daha fazla yer almas\u0131n\u0131 sa\u011flamak, f\u0131rsat e\u015fitli\u011fini g\u00fc\u00e7lendirmek ve kad\u0131n istihdam\u0131n\u0131 art\u0131rmak i\u00e7in \u00e7al\u0131\u015fmal\u0131y\u0131z. Ayn\u0131 zamanda kad\u0131na y\u00f6nelik \u015fiddetin tamamen ortadan kald\u0131r\u0131ld\u0131\u011f\u0131, kad\u0131nlar\u0131n g\u00fcvenle ve \u00f6zg\u00fcrce ya\u015fayabildi\u011fi bir toplum olu\u015fturmak da yine hepimizin ortak sorumlulu\u011fudur. Bu sorumluluk bilinciyle Antalya B\u00fcy\u00fck\u015fehir Belediyesi olarak Ba\u015fkan\u0131m\u0131z Muhittin B\u00f6cek\u2019in ba\u015flatt\u0131\u011f\u0131 projeleri kararl\u0131l\u0131kla uygulamaya devam ediyoruz.\u00a0<br \/>Kad\u0131nlar\u0131n g\u00fcc\u00fcn\u00fcn toplumun geli\u015fiminde ve d\u00f6n\u00fc\u015f\u00fcm\u00fcnde \u00f6nemli bir rol oynad\u0131\u011f\u0131na inan\u0131yor, \u00e7al\u0131\u015fmalar\u0131m\u0131z\u0131 bu anlay\u0131\u015fla s\u00fcrd\u00fcr\u00fcyoruz. Kad\u0131n istihdam\u0131na y\u00f6nelik projelerimizle kad\u0131nlar\u0131n kendi el emekleri ve al\u0131n terleriyle \u00fcretmelerine imkan sunuyor, ekonomik \u00f6zg\u00fcrl\u00fcklerine katk\u0131 sunuyoruz. Kurdu\u011fumuz \u00fcretim tesislerinde kad\u0131nlar emeklerini \u00fcretime d\u00f6n\u00fc\u015ft\u00fcr\u00fcrken, olu\u015fturdu\u011fumuz sat\u0131\u015f noktalar\u0131 sayesinde bu \u00fcr\u00fcnleri t\u00fcketicilerle bulu\u015fturuyor, kad\u0131n eme\u011fini gelire d\u00f6n\u00fc\u015ft\u00fcr\u00fcyoruz. Kad\u0131nlar\u0131n \u00e7al\u0131\u015fma hayat\u0131na daha fazla kat\u0131l\u0131m sa\u011flamas\u0131 i\u00e7in \u00e7ocuklar\u0131n\u0131 g\u00fcvenle emanet edebilece\u011fi kre\u015flerimizin say\u0131s\u0131n\u0131 her ge\u00e7en g\u00fcn artt\u0131r\u0131yoruz. Sanat ve meslek edindirme kurslar\u0131m\u0131zla kad\u0131nlar\u0131n hem sosyal hayata kat\u0131lmalar\u0131na hem de kazand\u0131klar\u0131 beceriler sayesinde kendi i\u015flerini kurabilmelerine destek oluyoruz. Kad\u0131na y\u00f6nelik \u015fiddet ve istismara kar\u015f\u0131 m\u00fccadelemizi Antalya B\u00fcy\u00fck\u015fehir Belediyesi olarak kararl\u0131l\u0131kla s\u00fcrd\u00fcr\u00fcyoruz.\u00a0<br \/>Antalya B\u00fcy\u00fck\u015fehir Belediyesi olarak 3324 kad\u0131n personelimizle \u015fehrimize hizmet etmenin onurunu ve mutlulu\u011funu ya\u015f\u0131yoruz. Belediyemizin her kademesinde her biriminde g\u00f6rev alan kad\u0131n \u00e7al\u0131\u015fma arkada\u015flar\u0131m\u0131z\u0131n katk\u0131lar\u0131yla kad\u0131n bak\u0131\u015f a\u00e7\u0131s\u0131n\u0131 hizmetlerimize yans\u0131t\u0131yor, kentimizi daha g\u00fcvenli, daha d\u00fczenli ve daha ya\u015fanabilir bir \u015fehir haline getirmek i\u00e7in \u00e7al\u0131\u015f\u0131yoruz.\u00a0<\/p>\n<p>Kad\u0131nlar\u0131n eme\u011fine, haklar\u0131na ve hayat\u0131n her alan\u0131ndaki varl\u0131\u011f\u0131na sayg\u0131 duyulan bir d\u00fcnya dile\u011fiyle; ba\u015fta \u00fclkemizin emek\u00e7i kad\u0131nlar\u0131 olmak \u00fczere t\u00fcm kad\u0131nlar\u0131n 8 Mart D\u00fcnya Kad\u0131nlar G\u00fcn\u00fc\u2019n\u00fc kutluyor, sa\u011fl\u0131k, huzur ve ba\u015far\u0131 diliyorum.<\/p>\n<p>\u00a0<\/p>\n<p>Kaynak: (BYZHA) Beyaz Haber Ajans\u0131<\/p>\n","protected":false},"excerpt":{"rendered":"<p>Eme\u011fi, bilgisi, \u00fcretkenli\u011fi, azmi, sevgi dolu y\u00fcrekleri ve fedakarl\u0131klar\u0131yla ya\u015fam\u0131 g\u00fczelle\u015ftiren, toplumu g\u00fc\u00e7lendiren t\u00fcm kad\u0131nlar\u0131n 8 Mart D\u00fcnya Kad\u0131nlar G\u00fcn\u00fc kutlu olsun.<\/p>\n","protected":false},"author":1,"featured_media":65005,"comment_status":"open","ping_status":"open","sticky":false,"template":"","format":"standard","meta":{"footnotes":""},"categories":[4],"tags":[378,380,1614,1692,1030],"class_list":["post-65004","post","type-post","status-publish","format-standard","has-post-thumbnail","hentry","category-gundem","tag-calisma","tag-kadin","tag-kadinlar","tag-kadinlarin","tag-toplum"],"_links":{"self":[{"href":"https:\/\/bihavadis.com\/index.php\/wp-json\/wp\/v2\/posts\/65004","targetHints":{"allow":["GET"]}}],"collection":[{"href":"https:\/\/bihavadis.com\/index.php\/wp-json\/wp\/v2\/posts"}],"about":[{"href":"https:\/\/bihavadis.com\/index.php\/wp-json\/wp\/v2\/types\/post"}],"author":[{"embeddable":true,"href":"https:\/\/bihavadis.com\/index.php\/wp-json\/wp\/v2\/users\/1"}],"replies":[{"embeddable":true,"href":"https:\/\/bihavadis.com\/index.php\/wp-json\/wp\/v2\/comments?post=65004"}],"version-history":[{"count":1,"href":"https:\/\/bihavadis.com\/index.php\/wp-json\/wp\/v2\/posts\/65004\/revisions"}],"predecessor-version":[{"id":65006,"href":"https:\/\/bihavadis.com\/index.php\/wp-json\/wp\/v2\/posts\/65004\/revisions\/65006"}],"wp:featuredmedia":[{"embeddable":true,"href":"https:\/\/bihavadis.com\/index.php\/wp-json\/wp\/v2\/media\/65005"}],"wp:attachment":[{"href":"https:\/\/bihavadis.com\/index.php\/wp-json\/wp\/v2\/media?parent=65004"}],"wp:term":[{"taxonomy":"category","embeddable":true,"href":"https:\/\/bihavadis.com\/index.php\/wp-json\/wp\/v2\/categories?post=65004"},{"taxonomy":"post_tag","embeddable":true,"href":"https:\/\/bihavadis.com\/index.php\/wp-json\/wp\/v2\/tags?post=65004"}],"curies":[{"name":"wp","href":"https:\/\/api.w.org\/{rel}","templated":true}]}}