{"id":65018,"date":"2026-03-08T00:15:11","date_gmt":"2026-03-08T00:15:11","guid":{"rendered":"https:\/\/bihavadis.com\/?p=65018"},"modified":"2026-03-08T00:15:11","modified_gmt":"2026-03-08T00:15:11","slug":"canakkalede-dezenformasyonla-mucadele-egitimi","status":"publish","type":"post","link":"https:\/\/bihavadis.com\/index.php\/2026\/03\/08\/canakkalede-dezenformasyonla-mucadele-egitimi\/","title":{"rendered":"\u00c7anakkale&#8217;de Dezenformasyonla M\u00fccadele E\u011fitimi"},"content":{"rendered":"<p> \u00c7anakkale&#8217;de ger\u00e7ekle\u015ftirilen &#8220;Dezenformasyonla M\u00fccadele: E\u011fiticinin E\u011fitimi Program\u0131&#8221;nda, dijital ortamda yanl\u0131\u015f bilginin yay\u0131l\u0131m\u0131 ile t\u00fcrleri ve bireysel m\u00fccadele y\u00f6ntemleri kamu personeli ile e\u011fitici adaylar\u0131na aktar\u0131ld\u0131.<\/p>\n<p> \u00c7anakkale Valili\u011fi himayesinde, Cumhurba\u015fkanl\u0131\u011f\u0131 \u0130leti\u015fim Ba\u015fkanl\u0131\u011f\u0131 \u00c7anakkale B\u00f6lge M\u00fcd\u00fcrl\u00fc\u011f\u00fc koordinasyonunda d\u00fczenlenen program, \u00c7anakkale Onsekiz Mart \u00dcniversitesi, \u00c7anakkale \u0130l Milli E\u011fitim M\u00fcd\u00fcrl\u00fc\u011f\u00fc ve \u00c7anakkale Gen\u00e7lik ve Spor \u0130l M\u00fcd\u00fcrl\u00fc\u011f\u00fc i\u015fbirli\u011fiyle, \u00c7anakkale Ticaret Borsas\u0131&#8217;nda yap\u0131ld\u0131.<\/p>\n<p>Dijital \u00e7a\u011fda yay\u0131lan yanl\u0131\u015f bilgi ve manip\u00fclatif i\u00e7eriklere kar\u015f\u0131 bilin\u00e7lendirmenin ama\u00e7land\u0131\u011f\u0131 program kapsam\u0131nda kamu personeli ve e\u011fitici adaylar\u0131na e\u011fitim verildi.<\/p>\n<p>\u00c7anakkale Vali Yard\u0131mc\u0131s\u0131 Polat Kara, program\u0131n a\u00e7\u0131l\u0131\u015f\u0131nda, enformasyon \u00e7a\u011f\u0131nda bilgi \u00fcretimi ve yay\u0131l\u0131m\u0131nda h\u0131zlanma sa\u011flan\u0131rken, bilgiyi filtrelemeden haz\u0131r kabul etme katsay\u0131m\u0131z\u0131n da y\u00fckseldi\u011fini s\u00f6yledi.<\/p>\n<p>Cumhurba\u015fkanl\u0131\u011f\u0131 \u0130leti\u015fim Ba\u015fkanl\u0131\u011f\u0131 \u00c7anakkale B\u00f6lge M\u00fcd\u00fcr\u00fc Mustafa Tolga Karao\u011flu ise i\u00e7inde bulundu\u011fumuz dijital \u00e7a\u011fla birlikte do\u011fru bilgiye ula\u015fman\u0131n gittik\u00e7e zorla\u015ft\u0131\u011f\u0131n\u0131 dile getirdi.<\/p>\n<p>Yanl\u0131\u015f bilgi ve dezenformasyonun yaln\u0131zca bireyleri de\u011fil toplumsal huzuru, kamu d\u00fczenini ve ortak akl\u0131 da do\u011frudan etkileyebildi\u011fini belirten Karao\u011flu, \u015funlar\u0131 kaydetti: <\/p>\n<p>&#8220;Bu nedenle dezenformasyonla m\u00fccadele, art\u0131k hepimizin ortak sorumlulu\u011fudur. Cumhurba\u015fkanl\u0131\u011f\u0131 \u0130leti\u015fim Ba\u015fkanl\u0131\u011f\u0131 olarak toplumda do\u011fru bilgi k\u00fclt\u00fcr\u00fcn\u00fc g\u00fc\u00e7lendirmek, dijital okuryazarl\u0131\u011f\u0131 art\u0131rmak ve vatanda\u015flar\u0131m\u0131z\u0131n \u00e7arp\u0131t\u0131lm\u0131\u015f bilgi kar\u015f\u0131s\u0131nda daha bilin\u00e7li bir duru\u015f sergilemelerine katk\u0131 sunmak bizim temel hedeflerimizdendir. Ger\u00e7ekle\u015ftirilen bu e\u011fitim de tam olarak bu amaca hizmet etmektedir. Bug\u00fcn hayata ge\u00e7irdi\u011fimiz i\u015fbirli\u011fi protokol\u00fc sayesinde, gen\u00e7lerimize, \u00f6\u011frencilerimize, g\u00f6n\u00fcll\u00fc e\u011fitmenlerimize ve e\u011fitim camiam\u0131za ula\u015farak do\u011fru bilgi k\u00fclt\u00fcr\u00fcn\u00fc yayg\u0131nla\u015ft\u0131rmay\u0131 ama\u00e7l\u0131yoruz. Kurumlar\u0131m\u0131z\u0131n bilgi, deneyim ve insan kayna\u011f\u0131n\u0131 bir araya getirmesi bu m\u00fccadelenin s\u00fcrd\u00fcr\u00fclebilirli\u011fi a\u00e7\u0131s\u0131ndan son derece k\u0131ymetlidir.&#8221;<\/p>\n<p>Dezenformasyonun tan\u0131m\u0131, t\u00fcrleri ve yay\u0131lma dinamiklerinin ele al\u0131nd\u0131\u011f\u0131 e\u011fitim program\u0131 kapsam\u0131nda ilk oturumda &#8220;Dezenformasyonla \u0130lgili Temel Kavramlar ve Dezenformasyon T\u00fcrleri&#8221; ba\u015fl\u0131kl\u0131 mod\u00fclde bilgi d\u00fczensizli\u011fi, mezenformasyon, dezenformasyon ve malenformasyon kavramlar\u0131 ele al\u0131nd\u0131.<\/p>\n<p>\u0130kinci oturumda ise &#8220;Yeni Medya ve Yeni Fenomenler&#8221;, &#8220;Dezenformasyonun H\u0131zl\u0131 Yay\u0131l\u0131m\u0131 ve Etkileri&#8221;, &#8220;Algoritmalar\u0131n Rol\u00fc&#8221; ve &#8220;Dezenformasyonun Psikolojisi&#8221; ba\u015fl\u0131klar\u0131yla dijital ortamda yanl\u0131\u015f bilginin nas\u0131l h\u0131zla yay\u0131labildi\u011fi ve bireyler \u00fczerindeki etkileri de\u011ferlendirildi.<\/p>\n<p>Program\u0131n son b\u00f6l\u00fcm\u00fcnde ise kat\u0131l\u0131mc\u0131lara bireysel d\u00fczeyde dezenformasyonla m\u00fccadele y\u00f6ntemleri aktar\u0131ld\u0131.<\/p>\n<p>Do\u011frulama teknikleri, g\u00fcvenilir bilgi kaynaklar\u0131na eri\u015fim yollar\u0131 ve ilgili yasal d\u00fczenlemeler hakk\u0131nda bilgi verilerek, e\u011fitici adaylar\u0131n\u0131n kendi kurum ve \u00e7evrelerinde bilin\u00e7lendirme faaliyetleri y\u00fcr\u00fctebilecek donan\u0131ma ula\u015fmalar\u0131 hedeflendi.<\/p>\n<p>Etkinlik sonunda t\u00fcm kat\u0131l\u0131mc\u0131lara kat\u0131l\u0131m sertifikas\u0131 takdim edildi.<\/p>\n<p>Programa, \u00c7anakkale Onsekiz Mart \u00dcniversitesi (\u00c7OM\u00dc) Rekt\u00f6r Yard\u0131mc\u0131s\u0131 Prof. Dr. Arda Ayd\u0131n, \u0130l Milli E\u011fitim M\u00fcd\u00fcr\u00fc Mine Hayta, Gen\u00e7lik ve Spor \u0130l M\u00fcd\u00fcr\u00fc \u00d6mer Kalkan ile kurum ve kurulu\u015flar\u0131n temsilcileri kat\u0131ld\u0131.<\/p>\n","protected":false},"excerpt":{"rendered":"<p>\u00c7anakkale&#8217;de d\u00fczenlenen program, dijital dezenformasyonla m\u00fccadele y\u00f6ntemlerini \u00f6\u011fretti.<\/p>\n","protected":false},"author":1,"featured_media":65019,"comment_status":"open","ping_status":"open","sticky":false,"template":"","format":"standard","meta":{"footnotes":""},"categories":[9,4,13],"tags":[527,4245,7474,233,2127],"class_list":["post-65018","post","type-post","status-publish","format-standard","has-post-thumbnail","hentry","category-genel","category-gundem","category-son-dakika","tag-bilgi","tag-canakkale","tag-dezenformasyon","tag-egitim","tag-program"],"_links":{"self":[{"href":"https:\/\/bihavadis.com\/index.php\/wp-json\/wp\/v2\/posts\/65018","targetHints":{"allow":["GET"]}}],"collection":[{"href":"https:\/\/bihavadis.com\/index.php\/wp-json\/wp\/v2\/posts"}],"about":[{"href":"https:\/\/bihavadis.com\/index.php\/wp-json\/wp\/v2\/types\/post"}],"author":[{"embeddable":true,"href":"https:\/\/bihavadis.com\/index.php\/wp-json\/wp\/v2\/users\/1"}],"replies":[{"embeddable":true,"href":"https:\/\/bihavadis.com\/index.php\/wp-json\/wp\/v2\/comments?post=65018"}],"version-history":[{"count":1,"href":"https:\/\/bihavadis.com\/index.php\/wp-json\/wp\/v2\/posts\/65018\/revisions"}],"predecessor-version":[{"id":65020,"href":"https:\/\/bihavadis.com\/index.php\/wp-json\/wp\/v2\/posts\/65018\/revisions\/65020"}],"wp:featuredmedia":[{"embeddable":true,"href":"https:\/\/bihavadis.com\/index.php\/wp-json\/wp\/v2\/media\/65019"}],"wp:attachment":[{"href":"https:\/\/bihavadis.com\/index.php\/wp-json\/wp\/v2\/media?parent=65018"}],"wp:term":[{"taxonomy":"category","embeddable":true,"href":"https:\/\/bihavadis.com\/index.php\/wp-json\/wp\/v2\/categories?post=65018"},{"taxonomy":"post_tag","embeddable":true,"href":"https:\/\/bihavadis.com\/index.php\/wp-json\/wp\/v2\/tags?post=65018"}],"curies":[{"name":"wp","href":"https:\/\/api.w.org\/{rel}","templated":true}]}}