{"id":65051,"date":"2026-03-08T00:39:11","date_gmt":"2026-03-08T00:39:11","guid":{"rendered":"https:\/\/bihavadis.com\/?p=65051"},"modified":"2026-03-08T00:39:11","modified_gmt":"2026-03-08T00:39:11","slug":"seyma-subasi-dini-paylasimlarina-devam-ediyor-en-sevdigim-peygamber-hz-muhammet","status":"publish","type":"post","link":"https:\/\/bihavadis.com\/index.php\/2026\/03\/08\/seyma-subasi-dini-paylasimlarina-devam-ediyor-en-sevdigim-peygamber-hz-muhammet\/","title":{"rendered":"\u015eeyma Suba\u015f\u0131 dini payla\u015f\u0131mlar\u0131na devam ediyor: En sevdi\u011fim peygamber Hz. Muhammet"},"content":{"rendered":"<p>Sosyal medya payla\u015f\u0131mlar\u0131 ve a\u00e7\u0131klamalar\u0131yla s\u0131k s\u0131k g\u00fcndeme gelen \u015eeyma Suba\u015f\u0131, bu kez dini ya\u015fam\u0131na dair s\u00f6zleriyle dikkatleri \u00fczerine \u00e7ekti.<\/p>\n<p><b>&#8220;EN SEVD\u0130\u011e\u0130M PEYGAMBER HZ. MUHAMMED&#8221;<\/b><\/p>\n<p>Suba\u015f\u0131 bu kez de, yapt\u0131\u011f\u0131 a\u00e7\u0131klamada en sevdi\u011fi peygamberin Hz. Muhammed oldu\u011funu s\u00f6yledi. Maneviyat\u0131n hayat\u0131ndaki yerinin \u00e7ocukluk y\u0131llar\u0131na dayand\u0131\u011f\u0131n\u0131 belirten Suba\u015f\u0131, bu konudaki hassasiyetini a\u00e7\u0131k bir \u015fekilde dile getirdi.<\/p>\n<p><b>&#8220;10 YA\u015eINDAN BER\u0130 NAMAZ KILIYORUM, KUR&#8217;AN OKURUM&#8221;<\/b><\/p>\n<p>Suba\u015f\u0131, 10 ya\u015f\u0131ndan bu yana namaz k\u0131ld\u0131\u011f\u0131n\u0131 ve Kur&#8217;an okudu\u011funu ifade ederek, ibadetle olan ba\u011f\u0131n\u0131n yeni olmad\u0131\u011f\u0131n\u0131 vurgulad\u0131. \u0130nanc\u0131n\u0131n hayat\u0131n\u0131n \u00f6nemli bir par\u00e7as\u0131 oldu\u011funu s\u00f6yleyen Suba\u015f\u0131, bu y\u00f6n\u00fcn\u00fcn bug\u00fcne kadar \u00e7ok fazla bilinmedi\u011fini ima etti.<\/p>\n<div>\n<figure><img decoding=\"async\" src=\"https:\/\/bihavadis.com\/wp-content\/uploads\/2026\/03\/seyma-subasi-dini-paylasimlarina-devam-ediyor-en-sevdigim-peygamber-hz-muhammet-0-lgFfV8fZ.jpg\"\/><\/figure>\n<\/div>\n<p><b>MANEV\u0130 PAYLA\u015eIMLAR SORU\u015eTURMA SONRASI ARTTI<\/b><\/p>\n<p>Ge\u00e7ti\u011fimizi g\u00fcnlerde de &#8220;Bundan sonra bikinili foto\u011fraf ve videolar\u0131m\u0131 zor g\u00f6r\u00fcrs\u00fcn\u00fcz.&#8221; a\u00e7\u0131klamas\u0131 yapan \u015eeyma Suba\u015f\u0131&#8217;n\u0131n dini i\u00e7erikli payla\u015f\u0131mlar\u0131n\u0131n \u00f6zellikle son d\u00f6nemde yo\u011funla\u015ft\u0131\u011f\u0131 dikkat \u00e7ekti. <\/p>\n<p>Bu payla\u015f\u0131mlar\u0131n, ad\u0131n\u0131n ge\u00e7ti\u011fi uyu\u015fturucu soru\u015fturmas\u0131n\u0131n ard\u0131ndan artmas\u0131 ise sosyal medyada \u00e7e\u015fitli yorumlara neden oldu. Baz\u0131 kullan\u0131c\u0131lar bu s\u00fcreci bir &#8220;i\u00e7sel d\u00f6n\u00fc\u015f\u00fcm&#8221; olarak de\u011ferlendirirken, baz\u0131lar\u0131 ise zamanlamaya dikkat \u00e7ekti.<\/p>\n<p><b>SOSYAL MEDYADA GEN\u0130\u015e YANKI UYANDIRDI<\/b><\/p>\n<p>Suba\u015f\u0131&#8217;n\u0131n a\u00e7\u0131klamalar\u0131 k\u0131sa s\u00fcrede sosyal medyada geni\u015f yank\u0131 buldu. Destekleyenler kadar ele\u015ftirenlerin de oldu\u011fu yorumlarda, \u00fcnl\u00fc ismin ya\u015fam tarz\u0131ndaki de\u011fi\u015fim ve maneviyat vurgusu tart\u0131\u015fma konusu oldu.<\/p>\n","protected":false},"excerpt":{"rendered":"<p>Ad\u0131n\u0131n kar\u0131\u015ft\u0131\u011f\u0131 uyu\u015fturucu soru\u015fturmas\u0131n\u0131n ard\u0131ndan dini i\u00e7erikli payla\u015f\u0131mlar\u0131n\u0131 art\u0131ran sosyal medya fenomeni \u015eeyma Suba\u015f\u0131, bu kez yapt\u0131\u011f\u0131 a\u00e7\u0131klamayla \u015fa\u015f\u0131rtt\u0131. Suba\u015f\u0131, &#8220;En sevdi\u011fim peygamber Hz. Muhammed&#8221; ifadelerini kulland\u0131 ve 10 ya\u015f\u0131ndan bu yana namaz k\u0131ld\u0131\u011f\u0131n\u0131 s\u00f6yledi.<\/p>\n","protected":false},"author":1,"featured_media":65052,"comment_status":"open","ping_status":"open","sticky":false,"template":"","format":"standard","meta":{"footnotes":""},"categories":[1],"tags":[4323],"class_list":["post-65051","post","type-post","status-publish","format-standard","has-post-thumbnail","hentry","category-uncategorized","tag-subasi"],"_links":{"self":[{"href":"https:\/\/bihavadis.com\/index.php\/wp-json\/wp\/v2\/posts\/65051","targetHints":{"allow":["GET"]}}],"collection":[{"href":"https:\/\/bihavadis.com\/index.php\/wp-json\/wp\/v2\/posts"}],"about":[{"href":"https:\/\/bihavadis.com\/index.php\/wp-json\/wp\/v2\/types\/post"}],"author":[{"embeddable":true,"href":"https:\/\/bihavadis.com\/index.php\/wp-json\/wp\/v2\/users\/1"}],"replies":[{"embeddable":true,"href":"https:\/\/bihavadis.com\/index.php\/wp-json\/wp\/v2\/comments?post=65051"}],"version-history":[{"count":1,"href":"https:\/\/bihavadis.com\/index.php\/wp-json\/wp\/v2\/posts\/65051\/revisions"}],"predecessor-version":[{"id":65054,"href":"https:\/\/bihavadis.com\/index.php\/wp-json\/wp\/v2\/posts\/65051\/revisions\/65054"}],"wp:featuredmedia":[{"embeddable":true,"href":"https:\/\/bihavadis.com\/index.php\/wp-json\/wp\/v2\/media\/65052"}],"wp:attachment":[{"href":"https:\/\/bihavadis.com\/index.php\/wp-json\/wp\/v2\/media?parent=65051"}],"wp:term":[{"taxonomy":"category","embeddable":true,"href":"https:\/\/bihavadis.com\/index.php\/wp-json\/wp\/v2\/categories?post=65051"},{"taxonomy":"post_tag","embeddable":true,"href":"https:\/\/bihavadis.com\/index.php\/wp-json\/wp\/v2\/tags?post=65051"}],"curies":[{"name":"wp","href":"https:\/\/api.w.org\/{rel}","templated":true}]}}