{"id":65065,"date":"2026-03-08T00:51:04","date_gmt":"2026-03-08T00:51:04","guid":{"rendered":"https:\/\/bihavadis.com\/?p=65065"},"modified":"2026-03-08T00:51:04","modified_gmt":"2026-03-08T00:51:04","slug":"meslek-fabrikasi-kursiyeri-uretici-oldu","status":"publish","type":"post","link":"https:\/\/bihavadis.com\/index.php\/2026\/03\/08\/meslek-fabrikasi-kursiyeri-uretici-oldu\/","title":{"rendered":"Meslek Fabrikas\u0131 kursiyeri \u00fcretici oldu"},"content":{"rendered":"<p>\u0130zmir B\u00fcy\u00fck\u015fehir Belediyesi Meslek Fabrikas\u0131\u2019n\u0131n T\u0131bbi Aromatik Bitki Yeti\u015ftiricili\u011fi kursuna kat\u0131lan Yasemin Erday Ko\u00e7, ba\u015flang\u0131\u00e7ta yaln\u0131zca kendi t\u00fcketimi i\u00e7in salep yeti\u015ftirmeyi hedeflerken bug\u00fcn \u00fcretime ge\u00e7en ve ticarete haz\u0131rlanan bir kad\u0131n giri\u015fimci oldu. Kemalpa\u015fa \u00d6ren\u2019deki bah\u00e7esine ilk fidelerini diken Ko\u00e7, \u201cMeslek Fabrikas\u0131 benim hayata bak\u0131\u015f a\u00e7\u0131m\u0131 de\u011fi\u015ftirdi. Kurslara kendim i\u00e7in bir \u015feyler yapmak amac\u0131yla kat\u0131lm\u0131\u015ft\u0131m, ancak kendimi bah\u00e7ede \u00fcretim yaparken buldum\u201d dedi.<\/p>\n<p>\u0130zmir B\u00fcy\u00fck\u015fehir Belediyesi\u2019nin kad\u0131nlar\u0131n ya\u015fam\u0131n her alan\u0131nda g\u00fc\u00e7l\u00fc bir \u015fekilde yer almas\u0131 amac\u0131yla y\u00fcr\u00fctt\u00fc\u011f\u00fc \u00e7al\u0131\u015fmalar, 8 Mart D\u00fcnya Emek\u00e7i Kad\u0131nlar G\u00fcn\u00fc\u2019nde ilham veren ba\u015far\u0131 hik\u00e2yeleriyle ta\u00e7lan\u0131yor. Kemalpa\u015fa \u00d6ren\u2019de ya\u015fayan Yasemin Erday Ko\u00e7, yaln\u0131zca kendi ihtiyac\u0131n\u0131 kar\u015f\u0131lamak amac\u0131yla salep yeti\u015ftirmeyi \u00f6\u011frenmek \u00fczere \u0130zmir B\u00fcy\u00fck\u015fehir Belediyesi Meslek Fabrikas\u0131\u2019n\u0131n T\u0131bbi Aromatik Bitki Yeti\u015ftiricili\u011fi kursuna kat\u0131ld\u0131.<br \/>Kursu tamamlad\u0131ktan sonra \u00fcretici olmaya karar veren Ko\u00e7, kendisine ait bah\u00e7ede ilk fidelerini toprakla bulu\u015fturdu. \u0130lk hasad\u0131n ard\u0131ndan ticarete at\u0131lmay\u0131 hedefleyen Ko\u00e7, yerel \u00fcreticilerin ve ev han\u0131mlar\u0131n\u0131n bu kurslara kat\u0131lmas\u0131n\u0131 istedi\u011fini belirterek, \u201cEv han\u0131mlar\u0131 bah\u00e7e i\u015fleriyle u\u011fra\u015f\u0131yor ancak baz\u0131 bitki t\u00fcrlerini tan\u0131m\u0131yor. \u00d6zellikle salep i\u00e7ece\u011finin hangi bitkiden elde edildi\u011fini pek \u00e7ok ki\u015fi bilmiyor. T\u0131bbi aromatik bitki yeti\u015ftiricilerinin artmas\u0131n\u0131 \u00e7ok isterim. Meslek Fabrikas\u0131 benim hayata bak\u0131\u015f a\u00e7\u0131m\u0131 de\u011fi\u015ftirdi. Kurslara kendim i\u00e7in bir \u015feyler yapmak amac\u0131yla kat\u0131lm\u0131\u015ft\u0131m, ancak bug\u00fcn kendimi \u00fcretim yaparken buldum. Mesle\u011fi olmayan ki\u015filer i\u00e7in de bu kurslar\u0131n \u00f6nemli bir kariyer kap\u0131s\u0131 a\u00e7aca\u011f\u0131na inan\u0131yorum\u201d dedi.<\/p>\n<p><strong>\u201c2 bin fide ile dikime ba\u015flad\u0131m\u201d<\/strong><br \/>Ziraat m\u00fchendisli\u011fi e\u011fitimi alan ancak 26 y\u0131l s\u0131n\u0131f \u00f6\u011fretmenli\u011fi yapt\u0131ktan sonra emekli olan\u00a0 Yasemin Erday Ko\u00e7, \u201cEmekli olduktan sonra mesle\u011fimi yapmak istedim. Ne yapabilirim diye d\u00fc\u015f\u00fcn\u00fcrken Kemalpa\u015fa\u2019daki bah\u00e7emizi de\u011ferlendirmek istedim. 2025 y\u0131l\u0131n\u0131n ekim ay\u0131nda Meslek Fabrikas\u0131\u2019nda T\u0131bbi Aromatik Bitki Yeti\u015ftiricili\u011fi kursuna kat\u0131ld\u0131m. Bu kurstan sonra kafamda salep bitkisi yeti\u015ftirme fikri uyand\u0131. Aral\u0131k ay\u0131nda ilk salep yumrular\u0131n\u0131 bah\u00e7emize diktim. Bu y\u0131l may\u0131s-haziran aylar\u0131nda ilk \u00fcr\u00fcnlerimizi toplamay\u0131 hedefliyorum. \u0130lk etapta 20 metrekarelik alanda 2 bin fide ile dikime ba\u015flad\u0131m, \u00f6n\u00fcm\u00fczdeki y\u0131ldan itibaren fide say\u0131s\u0131n\u0131 art\u0131rmay\u0131 planl\u0131yorum\u201d diye konu\u015ftu.<\/p>\n<p><strong>\u201cBitkilerden ya\u011f \u00e7\u0131karmay\u0131 \u00f6\u011frendim\u201d<\/strong><br \/>Salep dikiminin inceliklerini \u00e7evresindeki \u00fcreticilerle de payla\u015ft\u0131\u011f\u0131n\u0131 belirten Ko\u00e7, mahallede \u00fc\u00e7 ki\u015finin daha salep \u00fcretimine ba\u015flamas\u0131na \u00f6nc\u00fcl\u00fck etti. \u00d6\u011frencileri bah\u00e7esinde a\u011f\u0131rlayarak \u00e7ocuklar\u0131n endemik bitkileri tan\u0131mas\u0131n\u0131 hedefleyen Ko\u00e7, \u201c\u0130lk ba\u015ftaki amac\u0131m yaln\u0131zca kendi salebimizi \u00fcretip i\u00e7mekti. Ancak e\u011fitimci y\u00f6n\u00fcm a\u011f\u0131r bas\u0131nca bu endemik bitkiyi \u00e7evreme tan\u0131tmak istedim. Fark\u0131ndal\u0131k olu\u015fturmak i\u00e7in mahallemdeki \u00fcreticilerle ileti\u015fim kurdum\u201d dedi. Bah\u00e7esinde farkl\u0131 aromatik bitkiler de yeti\u015ftirdi\u011fini anlatan Ko\u00e7, \u201cLavanta, biberiye ve mercank\u00f6\u015fk gibi bitkilerim vard\u0131. Bu kurstan sonra o bitkilerden ya\u011f elde etmeyi \u00f6\u011frendim. Elde etti\u011fim ya\u011flarla kendi sabunumu \u00fcretmeye ba\u015flad\u0131m\u201d ifadelerini kulland\u0131.<\/p>\n<p><strong>Meslek Fabrikas\u0131 binas\u0131 i\u00e7in ne gerekiyorsa yapal\u0131m\u201d<\/strong><br \/>Meslek Fabrikas\u0131\u2019n\u0131n kad\u0131nlar ve gen\u00e7ler i\u00e7in b\u00fcy\u00fck \u00f6nem ta\u015f\u0131d\u0131\u011f\u0131n\u0131 belirten Ko\u00e7, Vak\u0131flar Genel M\u00fcd\u00fcrl\u00fc\u011f\u00fc\u2019n\u00fcn Meslek Fabrikas\u0131 Halkap\u0131nar Kurs Merkezi binas\u0131na y\u00f6nelik el koyma giri\u015fimlerine de de\u011findi. \u201cHalkap\u0131nar\u2019daki binan\u0131n Meslek Fabrikas\u0131\u2019n\u0131n beyni oldu\u011funu d\u00fc\u015f\u00fcn\u00fcyorum. T\u00fcm \u00e7al\u0131\u015fmalar oradan y\u00f6netiliyor. O binan\u0131n \u0130zmir B\u00fcy\u00fck\u015fehir Belediyesi\u2019nde kalmas\u0131 i\u00e7in ne gerekiyorsa yapal\u0131m. Hepimiz destekliyoruz. Hem tarihi yap\u0131s\u0131 hem de kurslar\u0131n y\u00f6netim merkezi olmas\u0131 nedeniyle \u00e7ok \u00f6nemli bir yer\u201d ifadelerini kulland\u0131.<\/p>\n<p>\u00a0<\/p>\n<p>\u00a0<\/p>\n<p>Kaynak: (BYZHA) Beyaz Haber Ajans\u0131<\/p>\n","protected":false},"excerpt":{"rendered":"<p>\u0130zmir B\u00fcy\u00fck\u015fehir Belediyesi Meslek Fabrikas\u0131\u2019n\u0131n T\u0131bbi Aromatik Bitki Yeti\u015ftiricili\u011fi kursuna kat\u0131lan Yasemin Erday Ko\u00e7, ba\u015flang\u0131\u00e7ta yaln\u0131zca kendi t\u00fcketimi i\u00e7in salep yeti\u015ftirmeyi hedeflerken bug\u00fcn \u00fcretime ge\u00e7en ve ticarete haz\u0131rlanan bir kad\u0131n giri\u015fimci oldu.<\/p>\n","protected":false},"author":1,"featured_media":65066,"comment_status":"open","ping_status":"open","sticky":false,"template":"","format":"standard","meta":{"footnotes":""},"categories":[7],"tags":[1758,1244,3107,326,6415],"class_list":["post-65065","post","type-post","status-publish","format-standard","has-post-thumbnail","hentry","category-egitim","tag-bahce","tag-bitki","tag-koc","tag-kurs","tag-meslek-fabrikasi"],"_links":{"self":[{"href":"https:\/\/bihavadis.com\/index.php\/wp-json\/wp\/v2\/posts\/65065","targetHints":{"allow":["GET"]}}],"collection":[{"href":"https:\/\/bihavadis.com\/index.php\/wp-json\/wp\/v2\/posts"}],"about":[{"href":"https:\/\/bihavadis.com\/index.php\/wp-json\/wp\/v2\/types\/post"}],"author":[{"embeddable":true,"href":"https:\/\/bihavadis.com\/index.php\/wp-json\/wp\/v2\/users\/1"}],"replies":[{"embeddable":true,"href":"https:\/\/bihavadis.com\/index.php\/wp-json\/wp\/v2\/comments?post=65065"}],"version-history":[{"count":1,"href":"https:\/\/bihavadis.com\/index.php\/wp-json\/wp\/v2\/posts\/65065\/revisions"}],"predecessor-version":[{"id":65067,"href":"https:\/\/bihavadis.com\/index.php\/wp-json\/wp\/v2\/posts\/65065\/revisions\/65067"}],"wp:featuredmedia":[{"embeddable":true,"href":"https:\/\/bihavadis.com\/index.php\/wp-json\/wp\/v2\/media\/65066"}],"wp:attachment":[{"href":"https:\/\/bihavadis.com\/index.php\/wp-json\/wp\/v2\/media?parent=65065"}],"wp:term":[{"taxonomy":"category","embeddable":true,"href":"https:\/\/bihavadis.com\/index.php\/wp-json\/wp\/v2\/categories?post=65065"},{"taxonomy":"post_tag","embeddable":true,"href":"https:\/\/bihavadis.com\/index.php\/wp-json\/wp\/v2\/tags?post=65065"}],"curies":[{"name":"wp","href":"https:\/\/api.w.org\/{rel}","templated":true}]}}