{"id":65098,"date":"2026-03-08T01:18:07","date_gmt":"2026-03-08T01:18:07","guid":{"rendered":"https:\/\/bihavadis.com\/?p=65098"},"modified":"2026-03-08T01:18:07","modified_gmt":"2026-03-08T01:18:07","slug":"istanbulda-esnaftan-ibbye-trafo-tepkisi-bir-bucuk-yildir-magduruz","status":"publish","type":"post","link":"https:\/\/bihavadis.com\/index.php\/2026\/03\/08\/istanbulda-esnaftan-ibbye-trafo-tepkisi-bir-bucuk-yildir-magduruz\/","title":{"rendered":"\u0130stanbul&#8217;da esnaftan \u0130BB&#8217;ye &#8220;trafo&#8221; tepkisi: Bir bu\u00e7uk y\u0131ld\u0131r ma\u011fduruz"},"content":{"rendered":"<p>\u015ei\u015fli il\u00e7esine ba\u011fl\u0131\u00a0Me\u015frutiyet Mahallesi Samanyolu Sokak\u2019ta bulunan ve caddenin elektrik ihtiyac\u0131n\u0131 kar\u015f\u0131layan trafo, \u0130BB hizmet binas\u0131 in\u015faat\u0131 \u00e7al\u0131\u015fmalar\u0131 kapsam\u0131nda mevcut yerinden al\u0131narak yol \u00fczerine konumland\u0131r\u0131ld\u0131.<\/p>\n<p>Bu de\u011fi\u015fiklik sonras\u0131 hem ara\u00e7 trafi\u011fi hem de yaya ge\u00e7i\u015fi k\u0131s\u0131tland\u0131.<\/p>\n<p>Sokak esnaf\u0131, yakla\u015f\u0131k 1,5 y\u0131ld\u0131r s\u00fcren uygulaman\u0131n ticari faaliyetlerini ciddi \u015fekilde etkiledi\u011fini belirtiyor.<\/p>\n<p><strong>&#8220;M\u00dc\u015eTER\u0130LER BURAYI KAPALI SANIYOR&#8221;<\/strong><\/p>\n<p>Mahalledeki esnaflardan terzi Ahmet Beyaz, trafonun uzun s\u00fcredir sokakta bulundu\u011funu ifade ederek, kald\u0131r\u0131lmas\u0131n\u0131 talep etti. Beyaz, <em><b>\u201cT\u00fcm esnaf arkada\u015flar \u015fikayet\u00e7i, bir bu\u00e7uk y\u0131ld\u0131r trafo d\u0131\u015far\u0131da. Di\u011fer taraftan gelen insanlar buray\u0131 kapal\u0131 san\u0131yorlar.\u201d<\/b><\/em> dedi.<\/p>\n<p>Trafonun i\u015f yerlerinin g\u00f6r\u00fcn\u00fcrl\u00fc\u011f\u00fcn\u00fc azaltt\u0131\u011f\u0131n\u0131 savunan Beyaz, bu durumun m\u00fc\u015fteri kayb\u0131na yol a\u00e7t\u0131\u011f\u0131n\u0131 dile getirdi.<\/p>\n<p><img decoding=\"async\" src=\"https:\/\/bihavadis.com\/wp-content\/uploads\/2026\/03\/istanbulda-esnaftan-ibbye-trafo-tepkisi-bir-bucuk-yildir-magduruz-0-Nz8m8Zeh.jpg\"\/><\/p>\n<p><strong>&#8220;MAL Y\u00dcKLEY\u0130P \u0130ND\u0130REM\u0130YORUZ&#8221;<\/strong><\/p>\n<p>Sokakta tekstil \u00fczerine faaliyet g\u00f6steren i\u015f yeri sahibi Murat \u00c7ubuk da ya\u015fanan ma\u011fduriyete dikkat \u00e7ekti. \u00c7ubuk, yolun daha \u00f6nce trafi\u011fe a\u00e7\u0131k oldu\u011funu ancak trafonun konulmas\u0131yla birlikte ula\u015f\u0131m\u0131n zorla\u015ft\u0131\u011f\u0131n\u0131 belirtti.<\/p>\n<p>\u00c7ubuk<b><em>, \u201cYol trafi\u011fe a\u00e7\u0131kt\u0131, \u015fu an yolu da kullanam\u0131yoruz. Esnaf\u0131m\u0131z zor ve ma\u011fdur durumda \u00e7\u00fcnk\u00fc mal y\u00fckleyip, indiremiyor. Uzaktan ta\u015f\u0131mak zorunda kal\u0131yorlar. Trafo nedeniyle m\u00fc\u015fterilerimiz ba\u015fka yerlere kay\u0131yor.\u201d <\/em><\/b>ifadelerini kulland\u0131.<\/p>\n<p>B\u00f6lge esnaf\u0131, ge\u00e7ici oldu\u011fu belirtilen uygulaman\u0131n kal\u0131c\u0131 hale gelmesinden endi\u015fe duyduklar\u0131n\u0131 belirterek, trafonun uygun bir alana ta\u015f\u0131nmas\u0131n\u0131 talep ediyor. Yakla\u015f\u0131k 18 ayd\u0131r devam eden durumun hem ticari kayba hem de g\u00fcnl\u00fck i\u015fleyi\u015fte aksamalara yol a\u00e7t\u0131\u011f\u0131n\u0131 dile getiren esnaf, yetkililerden ad\u0131m bekliyor.<\/p>\n<div> <span><strong>Kaynak:<\/strong> Ensonhaber Haber Merkezi<\/span> <\/div>\n","protected":false},"excerpt":{"rendered":"<p>\u015ei\u015fli il\u00e7esine ba\u011fl\u0131\u00a0Me\u015frutiyet Mahallesi Samanyolu Sokak\u2019ta bulunan ve caddenin elektrik ihtiyac\u0131n\u0131 kar\u015f\u0131layan trafo, \u0130BB hizmet binas\u0131 in\u015faat\u0131 \u00e7al\u0131\u015fmalar\u0131 kapsam\u0131nda mevcut yerinden al\u0131narak yol \u00fczerine konumland\u0131r\u0131ld\u0131. Bu de\u011fi\u015fiklik sonras\u0131 hem &#8230;<\/p>\n","protected":false},"author":1,"featured_media":65099,"comment_status":"open","ping_status":"open","sticky":false,"template":"","format":"standard","meta":{"footnotes":""},"categories":[9,13],"tags":[533,541,531],"class_list":["post-65098","post","type-post","status-publish","format-standard","has-post-thumbnail","hentry","category-genel","category-son-dakika","tag-esnaf","tag-trafo","tag-yol"],"_links":{"self":[{"href":"https:\/\/bihavadis.com\/index.php\/wp-json\/wp\/v2\/posts\/65098","targetHints":{"allow":["GET"]}}],"collection":[{"href":"https:\/\/bihavadis.com\/index.php\/wp-json\/wp\/v2\/posts"}],"about":[{"href":"https:\/\/bihavadis.com\/index.php\/wp-json\/wp\/v2\/types\/post"}],"author":[{"embeddable":true,"href":"https:\/\/bihavadis.com\/index.php\/wp-json\/wp\/v2\/users\/1"}],"replies":[{"embeddable":true,"href":"https:\/\/bihavadis.com\/index.php\/wp-json\/wp\/v2\/comments?post=65098"}],"version-history":[{"count":1,"href":"https:\/\/bihavadis.com\/index.php\/wp-json\/wp\/v2\/posts\/65098\/revisions"}],"predecessor-version":[{"id":65101,"href":"https:\/\/bihavadis.com\/index.php\/wp-json\/wp\/v2\/posts\/65098\/revisions\/65101"}],"wp:featuredmedia":[{"embeddable":true,"href":"https:\/\/bihavadis.com\/index.php\/wp-json\/wp\/v2\/media\/65099"}],"wp:attachment":[{"href":"https:\/\/bihavadis.com\/index.php\/wp-json\/wp\/v2\/media?parent=65098"}],"wp:term":[{"taxonomy":"category","embeddable":true,"href":"https:\/\/bihavadis.com\/index.php\/wp-json\/wp\/v2\/categories?post=65098"},{"taxonomy":"post_tag","embeddable":true,"href":"https:\/\/bihavadis.com\/index.php\/wp-json\/wp\/v2\/tags?post=65098"}],"curies":[{"name":"wp","href":"https:\/\/api.w.org\/{rel}","templated":true}]}}