{"id":65121,"date":"2026-03-08T01:39:06","date_gmt":"2026-03-08T01:39:06","guid":{"rendered":"https:\/\/bihavadis.com\/?p=65121"},"modified":"2026-03-08T01:39:06","modified_gmt":"2026-03-08T01:39:06","slug":"chp-genel-baskani-ozel-malatyada-temel-atma-torenine-katildi","status":"publish","type":"post","link":"https:\/\/bihavadis.com\/index.php\/2026\/03\/08\/chp-genel-baskani-ozel-malatyada-temel-atma-torenine-katildi\/","title":{"rendered":"CHP Genel Ba\u015fkan\u0131 \u00d6zel, Malatya&#8217;da temel atma t\u00f6renine kat\u0131ld\u0131"},"content":{"rendered":"<p> Cumhuriyet Halk Partisi (CHP) Genel Ba\u015fkan\u0131 \u00d6zg\u00fcr \u00d6zel, Mu\u011fla B\u00fcy\u00fck\u015fehir Belediyesi taraf\u0131ndan Malatya&#8217;da yap\u0131lacak yat\u0131r\u0131mlar\u0131n temel atma t\u00f6renine kat\u0131ld\u0131.<\/p>\n<p>\u00d6zel, 6 \u015eubat 2023&#8217;teki depremlerin \u00fc\u00e7\u00fcnc\u00fc y\u0131l\u0131 dolay\u0131s\u0131yla geldi\u011fi kentte Malatya Deprem \u015eehitli\u011fi&#8217;ni ziyaret etti.<\/p>\n<p>Daha sonra Nikah Saray\u0131&#8217;nda depremde hayat\u0131n\u0131 kaybedenler i\u00e7in anma ve mevlid program\u0131 ile Mu\u011fla B\u00fcy\u00fck\u015fehir Belediyesi taraf\u0131ndan yap\u0131lacak yat\u0131r\u0131mlar\u0131n temel atma t\u00f6renine kat\u0131lan \u00d6zel, buradaki konu\u015fmas\u0131nda, depremlerden etkilenen illere yard\u0131m eden t\u00fcm belediyelere te\u015fekk\u00fcr etti.<\/p>\n<p>Deprem b\u00f6lgesinde siyaset yap\u0131lmas\u0131n\u0131n uygun olmad\u0131\u011f\u0131n\u0131 belirten \u00d6zel, Cumhuriyet Halk Partili belediyelerin depremde yapt\u0131\u011f\u0131 yard\u0131mlar\u0131 anlatt\u0131.<\/p>\n<p>\u00d6zel, deprem b\u00f6lgesindeki m\u00fccbir sebep uygulamas\u0131n\u0131n tekrar uygulamaya al\u0131nmas\u0131n\u0131 istedi.<\/p>\n<p>\u00d6zel&#8217;in konu\u015fmas\u0131n\u0131n ard\u0131ndan Mu\u011fla B\u00fcy\u00fck\u015fehir Belediyesi taraf\u0131ndan Hekimhan, Arapgir, Arguvan ve Do\u011fan\u015fehir il\u00e7elerinde yap\u0131lacak yat\u0131r\u0131mlar\u0131n temeli temsili butona bas\u0131larak at\u0131ld\u0131.<\/p>\n","protected":false},"excerpt":{"rendered":"<p>Cumhuriyet Halk Partisi (CHP) Genel Ba\u015fkan\u0131 \u00d6zg\u00fcr \u00d6zel, Mu\u011fla B\u00fcy\u00fck\u015fehir Belediyesi taraf\u0131ndan Malatya&#8217;da yap\u0131lacak yat\u0131r\u0131mlar\u0131n temel atma t\u00f6renine kat\u0131ld\u0131.<\/p>\n","protected":false},"author":1,"featured_media":65122,"comment_status":"open","ping_status":"open","sticky":false,"template":"","format":"standard","meta":{"footnotes":""},"categories":[12],"tags":[60],"class_list":["post-65121","post","type-post","status-publish","format-standard","has-post-thumbnail","hentry","category-siyaset","tag-deprem"],"_links":{"self":[{"href":"https:\/\/bihavadis.com\/index.php\/wp-json\/wp\/v2\/posts\/65121","targetHints":{"allow":["GET"]}}],"collection":[{"href":"https:\/\/bihavadis.com\/index.php\/wp-json\/wp\/v2\/posts"}],"about":[{"href":"https:\/\/bihavadis.com\/index.php\/wp-json\/wp\/v2\/types\/post"}],"author":[{"embeddable":true,"href":"https:\/\/bihavadis.com\/index.php\/wp-json\/wp\/v2\/users\/1"}],"replies":[{"embeddable":true,"href":"https:\/\/bihavadis.com\/index.php\/wp-json\/wp\/v2\/comments?post=65121"}],"version-history":[{"count":1,"href":"https:\/\/bihavadis.com\/index.php\/wp-json\/wp\/v2\/posts\/65121\/revisions"}],"predecessor-version":[{"id":65123,"href":"https:\/\/bihavadis.com\/index.php\/wp-json\/wp\/v2\/posts\/65121\/revisions\/65123"}],"wp:featuredmedia":[{"embeddable":true,"href":"https:\/\/bihavadis.com\/index.php\/wp-json\/wp\/v2\/media\/65122"}],"wp:attachment":[{"href":"https:\/\/bihavadis.com\/index.php\/wp-json\/wp\/v2\/media?parent=65121"}],"wp:term":[{"taxonomy":"category","embeddable":true,"href":"https:\/\/bihavadis.com\/index.php\/wp-json\/wp\/v2\/categories?post=65121"},{"taxonomy":"post_tag","embeddable":true,"href":"https:\/\/bihavadis.com\/index.php\/wp-json\/wp\/v2\/tags?post=65121"}],"curies":[{"name":"wp","href":"https:\/\/api.w.org\/{rel}","templated":true}]}}