{"id":65193,"date":"2026-03-08T02:33:15","date_gmt":"2026-03-08T02:33:15","guid":{"rendered":"https:\/\/bihavadis.com\/?p=65193"},"modified":"2026-03-08T02:33:15","modified_gmt":"2026-03-08T02:33:15","slug":"super-ligde-23uncu-haftanin-var-kayitlari-yayinlandi","status":"publish","type":"post","link":"https:\/\/bihavadis.com\/index.php\/2026\/03\/08\/super-ligde-23uncu-haftanin-var-kayitlari-yayinlandi\/","title":{"rendered":"S\u00fcper Lig&#8217;de 23&#8217;\u00fcnc\u00fc haftan\u0131n VAR kay\u0131tlar\u0131 yay\u0131nland\u0131"},"content":{"rendered":"<p>T\u00fcrkiye Futbol Federasyonu, S\u00fcper Lig\u2019de oynanan 23&#8217;\u00fcnc\u00fc hafta kar\u015f\u0131la\u015fmalar\u0131na ait VAR kay\u0131tlar\u0131n\u0131 kamuoyuyla payla\u015ft\u0131.<\/p>\n<p>A\u00e7\u0131klanan g\u00f6r\u00fcnt\u00fclerde\u00a0 Konyaspor ile Galatasaray aras\u0131nda oynanan kar\u015f\u0131la\u015fmada sar\u0131 k\u0131rm\u0131z\u0131l\u0131 ekipte yer alan Leroy Sane&#8217;nin iptal edilen gol\u00fc yer ald\u0131.<\/p>\n<p>Dakikalar 49&#8217;u g\u00f6sterdi\u011finde konuk ekip Galatasaray&#8217;\u0131n t\u00fcm hatlar\u0131yla y\u00fcklendi\u011fi b\u00f6l\u00fcmde sol kanattan ceza yay\u0131na do\u011fru sokulan Noa Lang&#8217;\u0131n derin pas\u0131yla ceza alan\u0131 \u00e7apraz\u0131nda savunma arkas\u0131na sarkan Sacha Boey kar\u015f\u0131 kar\u015f\u0131ya pozisyonda vuru\u015funu yapt\u0131.<\/p>\n<p>Kaleci Bahad\u0131r&#8217;dan seken topu penalt\u0131 noktas\u0131n\u0131n \u00f6n\u00fcnde tamamlayan Leroy Sane, sa\u011f aya\u011f\u0131yla yerden vurdu ve topu a\u011flarla bulu\u015fturdu.<\/p>\n<p><strong>OFSAYT KARARI VER\u0130LD\u0130<\/strong><\/p>\n<p>Atilla Karao\u011flan, santray\u0131 g\u00f6sterirken VAR hakemi Davut Dakul \u00c7elik, ofsayt i\u00e7in inceleme uyar\u0131s\u0131nda bulundu.<\/p>\n<p>Hakem Atilla Karao\u011flan&#8217;a VAR taraf\u0131ndan g\u00f6sterilen g\u00f6r\u00fcnt\u00fcde, Sacha Boey ile Kazeem Olaigbe&#8217;nin pozisyonu tekrarland\u0131.<\/p>\n<p>Pozisyonu birka\u00e7 defa izleyen Karao\u011flan, ofsayt\u0131 karar verdi.<\/p>\n<p><img decoding=\"async\" src=\"https:\/\/bihavadis.com\/wp-content\/uploads\/2026\/03\/super-ligde-23uncu-haftanin-var-kayitlari-yayinlandi-0-OfdJJSUk.jpg\"\/><\/p>\n<p><strong>VAR KAYITLARI<\/strong><\/p>\n<p>Konyaspor &#8211; Galatasaray kar\u015f\u0131la\u015fmas\u0131n\u0131n 49&#8217;uncu dakikas\u0131nda Leroy Sane&#8217;nin att\u0131\u011f\u0131 gol\u00fcn iptal edilmesine ili\u015fkin VAR kay\u0131tlar\u0131 \u015f\u00f6yle:<\/p>\n<p><em><b>VAR: <\/b><\/em>Potansiyel ofsayt ihlali i\u00e7in inceleme \u00f6neriyorum. Etkiyi g\u00f6sterece\u011fim.<\/p>\n<p>Atilla Karao\u011flan: Tamam.<\/p>\n<p><em><b> VAR: <\/b><\/em>\u00d6nce oyuncunun ofsaytta oldu\u011funu g\u00f6sterece\u011fim.\u00a0<\/p>\n<p>Atilla Karao\u011flan: Evet, bu yerde 70 numarayla m\u00fccadeleden bahsediyorsun. Do\u011fru mu?\u00a0<\/p>\n<p><b><em>VAR:<\/em><\/b> Do\u011frudur. Kale arkas\u0131ndan da etkisini g\u00f6sterece\u011fim.<\/p>\n<p><em><b>Atilla Karao\u011flan: <\/b><\/em>Tamam. G\u00f6rd\u00fcm.<\/p>\n<p><em><b>Atilla Karao\u011flan:<\/b><\/em> 93 numaral\u0131 oyuncu ofsayt. Rakibiyle ikili m\u00fccadeleye giriyor.\u00a0<\/p>\n<p><em><b> Atilla Karao\u011flan:<\/b><\/em> Topun ge\u00e7i\u015finde oyuncunun yeti\u015fme ihtimali var.\u00a0<\/p>\n<p><em><b>Atilla Karao\u011flan:<\/b><\/em> Rakibe etkisi var.\u00a0<\/p>\n<p><em><b>Atilla Karao\u011flan:<\/b><\/em> Gol\u00fc iptal ediyorum. Ofsayt ile ba\u015fl\u0131yorum.<\/p>\n<p><em><b> VAR: <\/b><\/em>Do\u011frudur, tamamd\u0131r.<\/p>\n<p><img decoding=\"async\" src=\"https:\/\/bihavadis.com\/wp-content\/uploads\/2026\/03\/super-ligde-23uncu-haftanin-var-kayitlari-yayinlandi-1-DUlHxwYM.jpg\"\/><\/p>\n<p><img decoding=\"async\" src=\"https:\/\/bihavadis.com\/wp-content\/uploads\/2026\/03\/super-ligde-23uncu-haftanin-var-kayitlari-yayinlandi-2-j69Mtwrf.jpg\"\/> <\/p>\n<div> <span><strong>Kaynak:<\/strong> Ensonhaber Haber Merkezi<\/span> <\/div>\n","protected":false},"excerpt":{"rendered":"<p>T\u00fcrkiye Futbol Federasyonu, S\u00fcper Lig\u2019de oynanan 23&#8217;\u00fcnc\u00fc hafta kar\u015f\u0131la\u015fmalar\u0131na ait VAR kay\u0131tlar\u0131n\u0131 kamuoyuyla payla\u015ft\u0131. A\u00e7\u0131klanan g\u00f6r\u00fcnt\u00fclerde\u00a0 Konyaspor ile Galatasaray aras\u0131nda oynanan kar\u015f\u0131la\u015fmada sar\u0131 k\u0131rm\u0131z\u0131l\u0131 ekipte yer alan Leroy Sane&#8217;nin &#8230;<\/p>\n","protected":false},"author":1,"featured_media":65194,"comment_status":"open","ping_status":"open","sticky":false,"template":"","format":"standard","meta":{"footnotes":""},"categories":[14],"tags":[7044],"class_list":["post-65193","post","type-post","status-publish","format-standard","has-post-thumbnail","hentry","category-spor","tag-ofsayt"],"_links":{"self":[{"href":"https:\/\/bihavadis.com\/index.php\/wp-json\/wp\/v2\/posts\/65193","targetHints":{"allow":["GET"]}}],"collection":[{"href":"https:\/\/bihavadis.com\/index.php\/wp-json\/wp\/v2\/posts"}],"about":[{"href":"https:\/\/bihavadis.com\/index.php\/wp-json\/wp\/v2\/types\/post"}],"author":[{"embeddable":true,"href":"https:\/\/bihavadis.com\/index.php\/wp-json\/wp\/v2\/users\/1"}],"replies":[{"embeddable":true,"href":"https:\/\/bihavadis.com\/index.php\/wp-json\/wp\/v2\/comments?post=65193"}],"version-history":[{"count":1,"href":"https:\/\/bihavadis.com\/index.php\/wp-json\/wp\/v2\/posts\/65193\/revisions"}],"predecessor-version":[{"id":65198,"href":"https:\/\/bihavadis.com\/index.php\/wp-json\/wp\/v2\/posts\/65193\/revisions\/65198"}],"wp:featuredmedia":[{"embeddable":true,"href":"https:\/\/bihavadis.com\/index.php\/wp-json\/wp\/v2\/media\/65194"}],"wp:attachment":[{"href":"https:\/\/bihavadis.com\/index.php\/wp-json\/wp\/v2\/media?parent=65193"}],"wp:term":[{"taxonomy":"category","embeddable":true,"href":"https:\/\/bihavadis.com\/index.php\/wp-json\/wp\/v2\/categories?post=65193"},{"taxonomy":"post_tag","embeddable":true,"href":"https:\/\/bihavadis.com\/index.php\/wp-json\/wp\/v2\/tags?post=65193"}],"curies":[{"name":"wp","href":"https:\/\/api.w.org\/{rel}","templated":true}]}}