{"id":65214,"date":"2026-03-08T02:48:06","date_gmt":"2026-03-08T02:48:06","guid":{"rendered":"https:\/\/bihavadis.com\/?p=65214"},"modified":"2026-03-08T02:48:06","modified_gmt":"2026-03-08T02:48:06","slug":"burak-akan-medyanin-geleneksel-iftar-davetine-unlu-isimler-akin-etti","status":"publish","type":"post","link":"https:\/\/bihavadis.com\/index.php\/2026\/03\/08\/burak-akan-medyanin-geleneksel-iftar-davetine-unlu-isimler-akin-etti\/","title":{"rendered":"Burak Akan Medya&#8217;n\u0131n Geleneksel \u0130ftar Davetine \u00dcnl\u00fc \u0130simler Ak\u0131n Etti"},"content":{"rendered":"<p>\u0130stanbul&#8217;un sanat, spor ve medya d\u00fcnyas\u0131n\u0131 bir araya getiren Burak Akan Medya Geleneksel \u0130ftar Daveti, bu y\u0131l da yo\u011fun kat\u0131l\u0131mla ger\u00e7ekle\u015fti.<\/p>\n<p>\u00dcnl\u00fc y\u00f6netmen Burak Akan taraf\u0131ndan her y\u0131l d\u00fczenlenen iftar daveti, \u0130stanbul Atak\u00f6y&#8217;de bulunan Romu Ristorante&#8217;de ger\u00e7ekle\u015ftirildi. Damla Dadgar&#8217;\u0131n ev sahipli\u011finde ger\u00e7ekle\u015fen davet, samimi atmosferi ve \u00f6zenle haz\u0131rlanan iftar men\u00fcs\u00fcyle davetlilerden tam not ald\u0131.<\/p>\n<p>Ramazan ay\u0131n\u0131n payla\u015fma ve birlik ruhunu yans\u0131tan gecede sanat, spor ve medya d\u00fcnyas\u0131ndan bir\u00e7ok tan\u0131nm\u0131\u015f isim ayn\u0131 sofrada bulu\u015ftu.<\/p>\n<p><strong>\u00dcnl\u00fc \u0130simler Ayn\u0131 Sofrada<\/strong><\/p>\n<p>Davet gecesine Arzu Yanarda\u011f, Turgay K\u0131ran, Ender Sara\u00e7, Serkan Bayram, B\u00fclent Alk\u0131\u015f, Ozan Orhon, Bur\u00e7in Bildik, Nilg\u00fcn Kasapba\u015fo\u011flu, Mihri\u015fah Mayatepek, Fatih Hakan Av\u015far, G\u00fcven\u00e7 Kurtar, Alper Altun, Umut Aky\u00fcrek, Oktay Ertu\u011frul, YTL Osman, Suat Yan\u00e7, Nermin \u00d6zt\u00fcrk, \u015eenol \u0130pek, Lara K\u0131rmusao\u011flu, Nilay Dorsa, Yasemin \u0130lan, Esra S\u00f6nmezer,Levent \u00c7eki\u00e7 ve Mehmet Emin G\u00fcne\u015f gibi bir\u00e7ok tan\u0131nm\u0131\u015f isim kat\u0131ld\u0131.<\/p>\n<p>Farkl\u0131 alanlardan \u00f6nemli isimleri ayn\u0131 sofrada bulu\u015fturan davet, gece boyunca s\u0131cak sohbetlere ve samimi anlara sahne oldu.<\/p>\n<p><strong>Burak Akan&#8217;dan Yeni Film M\u00fcjdesi<\/strong><\/p>\n<p>Gecede oyuncu Arzu Yanarda\u011f ile birlikte kameralar\u0131n kar\u015f\u0131s\u0131na ge\u00e7en Burak Akan, davete kat\u0131lan konuklara te\u015fekk\u00fcr ederken yeni sinema projesinin de m\u00fcjdesini verdi.<\/p>\n<p>Akan yapt\u0131\u011f\u0131 a\u00e7\u0131klamada \u015fu ifadeleri kulland\u0131: &#8220;\u00d6ncelikle yeni sinema filmimizin m\u00fcjdesini buradan vermek isterim. Haz\u0131r ba\u015frol oyuncumuz Arzu Yanarda\u011f da buradayken bunu payla\u015fmak istedim. \u0130ftar davetimize kat\u0131lan t\u00fcm dostlar\u0131m\u0131za te\u015fekk\u00fcr ediyorum. Harika bir gece oldu. Lezzetli yemekler, g\u00fczel sohbetler ve dostluk ortam\u0131 ger\u00e7ekten her \u015feyi daha anlaml\u0131 k\u0131ld\u0131.&#8221;<\/p>\n<p><strong>Geleneksel Bir Bulu\u015fma<\/strong><\/p>\n<p>Her y\u0131l d\u00fczenlenen ve art\u0131k gelenekselle\u015fen Burak Akan Medya \u0130ftar Daveti, sanat, spor ve medya d\u00fcnyas\u0131n\u0131n \u00f6nemli isimlerini bir araya getirmeye devam ediyor. Samimi atmosferi ve g\u00fc\u00e7l\u00fc kat\u0131l\u0131m\u0131yla dikkat \u00e7eken organizasyon, \u0130stanbul&#8217;un Ramazan davetleri aras\u0131nda \u00f6zel bulu\u015fmalardan biri olarak g\u00f6steriliyor<\/p>\n<p>Kaynak: (BYZHA) Beyaz Haber Ajans\u0131<\/p>\n","protected":false},"excerpt":{"rendered":"<p>\u0130stanbul&#8217;un sanat, spor ve medya d\u00fcnyas\u0131n\u0131 bir araya getiren Burak Akan Medya Geleneksel \u0130ftar Daveti, bu y\u0131l da yo\u011fun kat\u0131l\u0131mla ger\u00e7ekle\u015fti.<\/p>\n","protected":false},"author":1,"featured_media":65215,"comment_status":"open","ping_status":"open","sticky":false,"template":"","format":"standard","meta":{"footnotes":""},"categories":[1],"tags":[2822,2426,675,2011,130],"class_list":["post-65214","post","type-post","status-publish","format-standard","has-post-thumbnail","hentry","category-uncategorized","tag-davet","tag-gece","tag-iftar","tag-isim","tag-medya"],"_links":{"self":[{"href":"https:\/\/bihavadis.com\/index.php\/wp-json\/wp\/v2\/posts\/65214","targetHints":{"allow":["GET"]}}],"collection":[{"href":"https:\/\/bihavadis.com\/index.php\/wp-json\/wp\/v2\/posts"}],"about":[{"href":"https:\/\/bihavadis.com\/index.php\/wp-json\/wp\/v2\/types\/post"}],"author":[{"embeddable":true,"href":"https:\/\/bihavadis.com\/index.php\/wp-json\/wp\/v2\/users\/1"}],"replies":[{"embeddable":true,"href":"https:\/\/bihavadis.com\/index.php\/wp-json\/wp\/v2\/comments?post=65214"}],"version-history":[{"count":1,"href":"https:\/\/bihavadis.com\/index.php\/wp-json\/wp\/v2\/posts\/65214\/revisions"}],"predecessor-version":[{"id":65216,"href":"https:\/\/bihavadis.com\/index.php\/wp-json\/wp\/v2\/posts\/65214\/revisions\/65216"}],"wp:featuredmedia":[{"embeddable":true,"href":"https:\/\/bihavadis.com\/index.php\/wp-json\/wp\/v2\/media\/65215"}],"wp:attachment":[{"href":"https:\/\/bihavadis.com\/index.php\/wp-json\/wp\/v2\/media?parent=65214"}],"wp:term":[{"taxonomy":"category","embeddable":true,"href":"https:\/\/bihavadis.com\/index.php\/wp-json\/wp\/v2\/categories?post=65214"},{"taxonomy":"post_tag","embeddable":true,"href":"https:\/\/bihavadis.com\/index.php\/wp-json\/wp\/v2\/tags?post=65214"}],"curies":[{"name":"wp","href":"https:\/\/api.w.org\/{rel}","templated":true}]}}