{"id":65239,"date":"2026-03-08T03:03:11","date_gmt":"2026-03-08T03:03:11","guid":{"rendered":"https:\/\/bihavadis.com\/?p=65239"},"modified":"2026-03-08T03:03:11","modified_gmt":"2026-03-08T03:03:11","slug":"ankarada-deprem-sehitleri-icin-anma-programi","status":"publish","type":"post","link":"https:\/\/bihavadis.com\/index.php\/2026\/03\/08\/ankarada-deprem-sehitleri-icin-anma-programi\/","title":{"rendered":"Ankara&#8217;da Deprem \u015eehitleri \u0130\u00e7in Anma Program\u0131"},"content":{"rendered":"<p> Kahramanmara\u015f merkezli 6 \u015eubat 2023&#8217;teki depremlerde hayat\u0131n\u0131 kaybedenler i\u00e7in Ankara&#8217;da anma program\u0131 d\u00fczenlendi.<\/p>\n<p>Ad\u0131yaman \u0130l ve \u0130l\u00e7eleri E\u011fitim Vakf\u0131 (ADVAK) ile Ad\u0131yamanl\u0131lar Vakf\u0131nca bir d\u00fc\u011f\u00fcn salonunda d\u00fczenlenen program, sayg\u0131 duru\u015funda bulunulmas\u0131n\u0131n ard\u0131ndan Kur&#8217;an-\u0131 Kerim tilavetiyle ba\u015flad\u0131.<\/p>\n<p>Programa kat\u0131lan \u00c7al\u0131\u015fma ve Sosyal G\u00fcvenlik Bakan Yard\u0131mc\u0131s\u0131 Ahmet Ayd\u0131n, yapt\u0131\u011f\u0131 konu\u015fmada, depremlerin ard\u0131ndan ac\u0131lar\u0131n ortak oldu\u011funu ve bu travmay\u0131 atlatman\u0131n kolay olmad\u0131\u011f\u0131n\u0131 s\u00f6yledi.<\/p>\n<p>Herkesin bir yak\u0131n\u0131n\u0131 ebediyete u\u011furlad\u0131\u011f\u0131n\u0131 belirten Ayd\u0131n, &#8220;Gelece\u011fe dair kurdu\u011fumuz hayallerimizin hepsini de belki o topra\u011fa g\u00f6md\u00fck. Hakikaten belki \u015fu ana kadar tarihin kaydetti\u011fi en b\u00fcy\u00fck afetlerden bir tanesini bizatihi ya\u015fayarak, bizatihi daha a\u011f\u0131r bedeller \u00f6deyerek hep birlikte tecr\u00fcbe ettik.&#8221; dedi.<\/p>\n<p>Depremlerin ard\u0131ndan \u00e7ok b\u00fcy\u00fck bir dayan\u0131\u015fmayla yaralar\u0131n sar\u0131ld\u0131\u011f\u0131n\u0131 ifade eden Ayd\u0131n, \u015funlar\u0131 kaydetti: <\/p>\n<p>&#8220;\u015eunu da g\u00f6rd\u00fck. Bu asr\u0131n afetini nas\u0131l asr\u0131n dayan\u0131\u015fmas\u0131na \u00e7eviririz, nas\u0131l asr\u0131n birlikteli\u011fiyle birlikte yine yaralar\u0131m\u0131z\u0131 h\u0131zla sarar\u0131z\u0131, b\u00fcy\u00fck bir millet olarak b\u00fct\u00fcn d\u00fcnyaya g\u00f6sterdik. Bu \u00e7ok k\u0131ymetliydi. Ger\u00e7ekten imkan\u0131 olan, olmayan, kimin neye g\u00fcc\u00fc yetiyorsa, kimisi duas\u0131yla, kimisi paras\u0131yla, kimisi ba\u015fka bir imkan\u0131yla orada o afetzede karde\u015flerimizin yan\u0131nda oldu, olmak istedi.&#8221;<\/p>\n<p>ADVAK Ba\u015fkan\u0131 \u015eevket G\u00fcrsoy ise en fazla y\u0131k\u0131m\u0131n oldu\u011fu \u015fehrin Ad\u0131yaman oldu\u011funu belirterek, kendi ailesinden 67 ki\u015finin hayat\u0131n\u0131 kaybetti\u011fini s\u00f6yledi.<\/p>\n<p>G\u00fcrsoy, &#8220;Tabii o kadar ac\u0131lar oldu ki, 2 karde\u015f, 3 o\u011flu olan k\u00f6k\u00fc gitti. \u0130kiz karde\u015fler askerden yeni d\u00f6nm\u00fc\u015fler, ailesiyle birlikte gidiyor. Tek evlad\u0131 var, o gitmi\u015f. Anne baba gitmi\u015f, 5 ya\u015f\u0131ndaki \u00e7ocuk kalm\u0131\u015f. Geceleri bir \u00e7i\u00e7ekle yat\u0131yor, &#8216;Annemin kokusu geliyor.&#8217; diyor. Ac\u0131lar o kadar b\u00fcy\u00fck.&#8221; ifadelerini kulland\u0131.<\/p>\n<p>Depremin ard\u0131ndan yap\u0131lan yard\u0131m ve gayretlerle ac\u0131lar\u0131n bir nebze hafifledi\u011fini s\u00f6yleyen G\u00fcrsoy, hayat\u0131n\u0131 kaybedenlere rahmet diledi.<\/p>\n<p>Ad\u0131yamanl\u0131lar Vakf\u0131 Ankara \u015eube Ba\u015fkan\u0131 Mehmet Akg\u00fcn de depremin ilk an\u0131ndan itibaren koordinasyon merkezi kurduklar\u0131n\u0131, \u00e7ok say\u0131da t\u0131r\u0131 deprem b\u00f6lgesine g\u00f6nderdiklerini dile getirerek, yard\u0131m eden herkese te\u015fekk\u00fcr etti.<\/p>\n","protected":false},"excerpt":{"rendered":"<p>Ankara&#8217;da d\u00fczenlenen anma program\u0131nda, Kahramanmara\u015f depremlerinde hayat\u0131n\u0131 kaybedenler an\u0131ld\u0131.<\/p>\n","protected":false},"author":1,"featured_media":65240,"comment_status":"open","ping_status":"open","sticky":false,"template":"","format":"standard","meta":{"footnotes":""},"categories":[9,4,13],"tags":[60],"class_list":["post-65239","post","type-post","status-publish","format-standard","has-post-thumbnail","hentry","category-genel","category-gundem","category-son-dakika","tag-deprem"],"_links":{"self":[{"href":"https:\/\/bihavadis.com\/index.php\/wp-json\/wp\/v2\/posts\/65239","targetHints":{"allow":["GET"]}}],"collection":[{"href":"https:\/\/bihavadis.com\/index.php\/wp-json\/wp\/v2\/posts"}],"about":[{"href":"https:\/\/bihavadis.com\/index.php\/wp-json\/wp\/v2\/types\/post"}],"author":[{"embeddable":true,"href":"https:\/\/bihavadis.com\/index.php\/wp-json\/wp\/v2\/users\/1"}],"replies":[{"embeddable":true,"href":"https:\/\/bihavadis.com\/index.php\/wp-json\/wp\/v2\/comments?post=65239"}],"version-history":[{"count":1,"href":"https:\/\/bihavadis.com\/index.php\/wp-json\/wp\/v2\/posts\/65239\/revisions"}],"predecessor-version":[{"id":65241,"href":"https:\/\/bihavadis.com\/index.php\/wp-json\/wp\/v2\/posts\/65239\/revisions\/65241"}],"wp:featuredmedia":[{"embeddable":true,"href":"https:\/\/bihavadis.com\/index.php\/wp-json\/wp\/v2\/media\/65240"}],"wp:attachment":[{"href":"https:\/\/bihavadis.com\/index.php\/wp-json\/wp\/v2\/media?parent=65239"}],"wp:term":[{"taxonomy":"category","embeddable":true,"href":"https:\/\/bihavadis.com\/index.php\/wp-json\/wp\/v2\/categories?post=65239"},{"taxonomy":"post_tag","embeddable":true,"href":"https:\/\/bihavadis.com\/index.php\/wp-json\/wp\/v2\/tags?post=65239"}],"curies":[{"name":"wp","href":"https:\/\/api.w.org\/{rel}","templated":true}]}}