{"id":65360,"date":"2026-03-08T04:42:05","date_gmt":"2026-03-08T04:42:05","guid":{"rendered":"https:\/\/bihavadis.com\/?p=65360"},"modified":"2026-03-08T04:42:05","modified_gmt":"2026-03-08T04:42:05","slug":"contemporary-istanbul-vakfi-ve-hatay-mustafa-kemal-universitesi-is-birligiyle-gerceklestirilen-kariyer-ve-mesleki-gelisim-programi-tamamlandi","status":"publish","type":"post","link":"https:\/\/bihavadis.com\/index.php\/2026\/03\/08\/contemporary-istanbul-vakfi-ve-hatay-mustafa-kemal-universitesi-is-birligiyle-gerceklestirilen-kariyer-ve-mesleki-gelisim-programi-tamamlandi\/","title":{"rendered":"Contemporary Istanbul Vakf\u0131 ve Hatay Mustafa Kemal \u00dcniversitesi \u0130\u015f Birli\u011fiyle Ger\u00e7ekle\u015ftirilen Kariyer ve Mesleki Geli\u015fim Program\u0131 Tamamland\u0131"},"content":{"rendered":"<p>Contemporary Istanbul Vakf\u0131 (CIF) ile Hatay Mustafa Kemal \u00dcniversitesi Mimarl\u0131k Fak\u00fcltesi i\u015f birli\u011finde ger\u00e7ekle\u015ftirilen\u00a0<strong>Kariyer ve Mesleki Geli\u015fim Program\u0131<\/strong>\u00a0ba\u015far\u0131yla tamamland\u0131. Program kapsam\u0131nda d\u00fczenlenen e\u011fitimlere kat\u0131lan \u00f6\u011frenciler i\u00e7in Hatay Mustafa Kemal \u00dcniversitesi\u2019nde bir sertifika t\u00f6reni ger\u00e7ekle\u015ftirildi.<\/p>\n<p>Deprem sonras\u0131 yeniden yap\u0131lanma s\u00fcrecinde mimarl\u0131k e\u011fitiminin ve mesleki dayan\u0131\u015fman\u0131n \u00f6nemine dikkat \u00e7ekmeyi ama\u00e7layan program; Mimarl\u0131k Fak\u00fcltesi \u00f6\u011frencilerinin mesleki geli\u015fimlerini desteklemek ve onlar\u0131 farkl\u0131 disiplinlerden uzmanlarla bir araya getirmek amac\u0131yla haz\u0131rland\u0131. Bu do\u011frultuda haz\u0131rlanan e\u011fitim program\u0131, \u00f6\u011frencilerin hem mesleki perspektiflerini geli\u015ftirmeyi hem de farkl\u0131 deneyimlerle bulu\u015fmalar\u0131n\u0131 sa\u011flamay\u0131 hedefledi.<\/p>\n<p>Program s\u00fcresince T\u00fcrkiye\u2019nin farkl\u0131 \u015fehirlerinden mimarlar, akademisyenler ve sekt\u00f6r profesyonelleri \u00f6\u011frencilerle bir araya gelerek \u00e7e\u015fitli e\u011fitimler, sunumlar ve deneyim payla\u015f\u0131mlar\u0131 ger\u00e7ekle\u015ftirdi. Mimarl\u0131k prati\u011fi, tasar\u0131m d\u00fc\u015f\u00fcncesi, mesleki etik, kariyer yollar\u0131 ve yarat\u0131c\u0131 \u00fcretim s\u00fcre\u00e7leri gibi ba\u015fl\u0131klar\u0131n ele al\u0131nd\u0131\u011f\u0131 bu bulu\u015fmalar, \u00f6\u011frencilere hem teorik hem de pratik perspektifler kazand\u0131rmay\u0131 ama\u00e7lad\u0131.<\/p>\n<p>Program\u0131n sonunda d\u00fczenlenen sertifika t\u00f6reninde yap\u0131lan konu\u015fmalarda mimarl\u0131\u011f\u0131n yaln\u0131zca yap\u0131lar tasarlamakla s\u0131n\u0131rl\u0131 olmad\u0131\u011f\u0131; ayn\u0131 zamanda ya\u015fam\u0131 ve gelece\u011fi yeniden kurma sorumlulu\u011funu da ta\u015f\u0131d\u0131\u011f\u0131 vurguland\u0131. \u00d6zellikle deprem sonras\u0131 s\u00fcre\u00e7te gen\u00e7 mimar adaylar\u0131n\u0131n mesleki geli\u015fimlerini desteklemenin ve birlikte \u00fcretmenin \u00f6nemine dikkat \u00e7ekildi.<\/p>\n<p>Contemporary Istanbul Vakf\u0131 olarak Hatay Mustafa Kemal \u00dcniversitesi Mimarl\u0131k Fak\u00fcltesi \u00f6\u011frencilerine y\u00f6nelik ger\u00e7ekle\u015ftirilen bu program boyunca bilgi ve deneyimlerini payla\u015farak s\u00fcrece katk\u0131 sunan t\u00fcm e\u011fitmenlerimize ve akademisyenlerimize i\u00e7ten te\u015fekk\u00fcr ederiz.<\/p>\n<p>Program\u0131n ger\u00e7ekle\u015fmesine destek veren Hatay Mustafa Kemal \u00dcniversitesi Rekt\u00f6r\u00fc\u00a0<strong>Prof. Dr. Veysel Eren\u2019e<\/strong>, Hatay Mustafa Kemal \u00dcniversitesi Mimarl\u0131k Fak\u00fcltesi Dekan\u0131\u00a0<strong>Prof. Dr. G\u00fclg\u00fcn M\u0131st\u0131ko\u011flu\u2019na<\/strong>, Mustafa Kemal \u00dcniversitesi\u00a0<strong>Dr. \u00d6\u011fretim \u00dcyesi Emir \u00c7ekmecelio\u011flu\u2019na<\/strong>\u00a0ve Mimarl\u0131k Fak\u00fcltesi akademik kadrosuna; ayr\u0131ca de\u011ferli katk\u0131lar\u0131yla programa destek veren e\u011fitmenlerimiz\u00a0<strong>Ay\u00e7a Ayta\u00e7, Dilara Elda\u015f, Dicle Zeycan, Nevzat Say\u0131n, Ebru Yeti\u015fkin, Ebru Erba\u015f G\u00fcrler, Asl\u0131 \u00d6zbay, Murat S\u00f6k\u00fcn, Oral G\u00f6kta\u015f, G\u00fcven\u00e7 \u00d6zel, Erol Tabanca, S\u00fcha \u00d6zkan, Seyhan \u00d6zdemir Sarper, Yi\u011fit G\u00fcl\u00f6ks\u00fcz, Ahmet I\u011fdirligil, Belemir Dalokay G\u00fczer, Ali Emrah \u00dcnl\u00fc, B\u00fcnyamin Derman ve Eren Artu\u2019ya<\/strong>\u00a0te\u015fekk\u00fcr ederiz.<\/p>\n<p>Ayn\u0131 zamanda meraklar\u0131, sorular\u0131 ve \u00fcretimleriyle program\u0131n ger\u00e7ek ruhunu olu\u015fturan Hatay Mustafa Kemal \u00dcniversitesi Mimarl\u0131k Fak\u00fcltesi \u00f6\u011frencilerine de g\u00f6n\u00fclden te\u015fekk\u00fcr ederiz.<\/p>\n<p>Birlikte \u00f6\u011frenmenin, payla\u015fman\u0131n ve dayan\u0131\u015fman\u0131n g\u00fcc\u00fcn\u00fc hissetti\u011fimiz bu program\u0131n, gen\u00e7 mimar adaylar\u0131n\u0131n mesleki yolculuklar\u0131nda ilham verici bir ad\u0131m olmas\u0131n\u0131 diliyoruz.<\/p>\n<p>\u00a0<\/p>\n<p>\u00a0<\/p>\n<p>Kaynak: (BYZHA) Beyaz Haber Ajans\u0131<\/p>\n","protected":false},"excerpt":{"rendered":"<p>Contemporary Istanbul Vakf\u0131 (CIF) ile Hatay Mustafa Kemal \u00dcniversitesi Mimarl\u0131k Fak\u00fcltesi i\u015f birli\u011finde ger\u00e7ekle\u015ftirilen\u00a0Kariyer ve Mesleki Geli\u015fim Program\u0131\u00a0ba\u015far\u0131yla tamamland\u0131.<\/p>\n","protected":false},"author":1,"featured_media":65361,"comment_status":"open","ping_status":"open","sticky":false,"template":"","format":"standard","meta":{"footnotes":""},"categories":[7],"tags":[909,6386,2309,1002,2127],"class_list":["post-65360","post","type-post","status-publish","format-standard","has-post-thumbnail","hentry","category-egitim","tag-gercek","tag-mesleki","tag-mimar","tag-ogrenciler","tag-program"],"_links":{"self":[{"href":"https:\/\/bihavadis.com\/index.php\/wp-json\/wp\/v2\/posts\/65360","targetHints":{"allow":["GET"]}}],"collection":[{"href":"https:\/\/bihavadis.com\/index.php\/wp-json\/wp\/v2\/posts"}],"about":[{"href":"https:\/\/bihavadis.com\/index.php\/wp-json\/wp\/v2\/types\/post"}],"author":[{"embeddable":true,"href":"https:\/\/bihavadis.com\/index.php\/wp-json\/wp\/v2\/users\/1"}],"replies":[{"embeddable":true,"href":"https:\/\/bihavadis.com\/index.php\/wp-json\/wp\/v2\/comments?post=65360"}],"version-history":[{"count":1,"href":"https:\/\/bihavadis.com\/index.php\/wp-json\/wp\/v2\/posts\/65360\/revisions"}],"predecessor-version":[{"id":65362,"href":"https:\/\/bihavadis.com\/index.php\/wp-json\/wp\/v2\/posts\/65360\/revisions\/65362"}],"wp:featuredmedia":[{"embeddable":true,"href":"https:\/\/bihavadis.com\/index.php\/wp-json\/wp\/v2\/media\/65361"}],"wp:attachment":[{"href":"https:\/\/bihavadis.com\/index.php\/wp-json\/wp\/v2\/media?parent=65360"}],"wp:term":[{"taxonomy":"category","embeddable":true,"href":"https:\/\/bihavadis.com\/index.php\/wp-json\/wp\/v2\/categories?post=65360"},{"taxonomy":"post_tag","embeddable":true,"href":"https:\/\/bihavadis.com\/index.php\/wp-json\/wp\/v2\/tags?post=65360"}],"curies":[{"name":"wp","href":"https:\/\/api.w.org\/{rel}","templated":true}]}}