{"id":65369,"date":"2026-03-08T04:51:07","date_gmt":"2026-03-08T04:51:07","guid":{"rendered":"https:\/\/bihavadis.com\/?p=65369"},"modified":"2026-03-08T04:51:07","modified_gmt":"2026-03-08T04:51:07","slug":"deprem-haftasinda-farkindalik-semineri","status":"publish","type":"post","link":"https:\/\/bihavadis.com\/index.php\/2026\/03\/08\/deprem-haftasinda-farkindalik-semineri\/","title":{"rendered":"Deprem Haftas\u0131&#8217;nda fark\u0131ndal\u0131k semineri"},"content":{"rendered":"<p>Kocaeli B\u00fcy\u00fck\u015fehir Belediyesi, her y\u0131l 1-7 Mart tarihleri aras\u0131nda hat\u0131rlanan Deprem Haftas\u0131 kapsam\u0131nda gen\u00e7lere y\u00f6nelik bilin\u00e7lendirme semineri d\u00fczenledi. \u00d6\u011frencilere bilimsel veriler \u0131\u015f\u0131\u011f\u0131nda deprem ger\u00e7e\u011fi anlat\u0131l\u0131rken, afetlere kar\u015f\u0131 haz\u0131rl\u0131kl\u0131 olman\u0131n \u00f6nemi vurguland\u0131.<\/p>\n<p><b>GEN\u00c7LERE DEPREM B\u0130L\u0130NC\u0130 A\u015eILANDI<\/b><\/p>\n<p>Toplumsal bilin\u00e7 ve g\u00fcvenli \u015fehir anlay\u0131\u015f\u0131n\u0131 yerel y\u00f6netim vizyonunun merkezine alan Kocaeli B\u00fcy\u00fck\u015fehir Belediyesi, yaln\u0131zca fiziki yat\u0131r\u0131mlarla de\u011fil, e\u011fitim ve fark\u0131ndal\u0131k \u00e7al\u0131\u015fmalar\u0131yla da kenti gelece\u011fe haz\u0131rlamay\u0131 s\u00fcrd\u00fcr\u00fcyor. Bu kapsamda K\u00f6rfez Belediyesi i\u015f birli\u011fiyle K\u00f6rfez T\u00fct\u00fcn\u00e7iftlik K\u00fclt\u00fcr Merkezi\u2019nde deprem fark\u0131ndal\u0131k semineri ger\u00e7ekle\u015ftirildi.\u00a0Afet bilincinin k\u00fc\u00e7\u00fck ya\u015flarda kazand\u0131r\u0131lmas\u0131 amac\u0131yla ger\u00e7ekle\u015ftirilen seminerde, T\u00fcrkiye\u2019nin deprem ku\u015fa\u011f\u0131nda yer ald\u0131\u011f\u0131 ger\u00e7e\u011fine dikkat \u00e7ekilerek, olas\u0131 afetlere kar\u015f\u0131 haz\u0131rl\u0131kl\u0131 olman\u0131n hayati \u00f6nem ta\u015f\u0131d\u0131\u011f\u0131 vurguland\u0131.<\/p>\n<p><b>B\u0130L\u0130MSEL VER\u0130LER I\u015eI\u011eINDA DEPREM GER\u00c7E\u011e\u0130<\/b><\/p>\n<p>Kocaeli \u00dcniversitesi Deprem Uzman\u0131 Prof. Dr. Fadime Sert\u00e7elik taraf\u0131ndan T\u00fcrkiye\u2019nin deprem ku\u015fa\u011f\u0131ndaki konumu, ge\u00e7mi\u015fte ya\u015fanan b\u00fcy\u00fck depremler ve bilimsel veriler \u0131\u015f\u0131\u011f\u0131nda al\u0131nmas\u0131 gereken \u00f6nlemler hakk\u0131nda kapsaml\u0131 bir sunum ger\u00e7ekle\u015ftirildi. Afetlere haz\u0131rl\u0131kl\u0131 olman\u0131n yaln\u0131zca kriz an\u0131nda de\u011fil, kriz \u00f6ncesinde yap\u0131lan bilin\u00e7li haz\u0131rl\u0131klarla m\u00fcmk\u00fcn oldu\u011fu vurguland\u0131. Program kapsam\u0131nda deprem \u00f6ncesi, deprem an\u0131 ve deprem sonras\u0131nda yap\u0131lmas\u0131 gereken do\u011fru davran\u0131\u015f bi\u00e7imlerini i\u00e7eren bilgilendirici video g\u00f6sterimi yap\u0131ld\u0131.<\/p>\n<p><b>KURUMLAR ARASI \u0130\u015e B\u0130RL\u0130\u011e\u0130 VURGUSU<\/b><\/p>\n<p>Programda konu\u015fan K\u00f6rfez \u0130l\u00e7e Milli E\u011fitim M\u00fcd\u00fcr\u00fc Serg\u00fclen Kurt, okullarda afet bilincine y\u00f6nelik e\u011fitimlerin aral\u0131ks\u0131z s\u00fcrd\u00fc\u011f\u00fcn\u00fc belirterek, \u00f6\u011frencilerin erken ya\u015fta do\u011fru bilgiyle bulu\u015fmas\u0131n\u0131n hayati \u00f6nem ta\u015f\u0131d\u0131\u011f\u0131n\u0131 vurgulad\u0131. K\u00f6rfez Belediye Ba\u015fkan\u0131 \u015eener S\u00f6\u011f\u00fct, afetlere haz\u0131rl\u0131\u011f\u0131n \u015fehir g\u00fcvenli\u011finin temel unsurlar\u0131ndan biri oldu\u011funu ifade ederek, bilin\u00e7lendirme \u00e7al\u0131\u015fmalar\u0131n\u0131n s\u00fcrece\u011fini kaydetti. K\u00f6rfez Kaymakam\u0131 U\u011fur Kalkar ise kurumlar aras\u0131 koordinasyonun \u00f6nemine dikkat \u00e7ekerek, gen\u00e7lere y\u00f6nelik bu \u00e7al\u0131\u015fmalar\u0131n toplumsal dayan\u0131kl\u0131l\u0131\u011f\u0131 g\u00fc\u00e7lendirdi\u011fini dile getirdi.<\/p>\n<p><b>\u0130NTERAKT\u0130F KATILIMLA TAMAMLANDI<\/b><\/p>\n<p>Seminerin sonunda ger\u00e7ekle\u015ftirilen soru-cevap b\u00f6l\u00fcm\u00fcnde \u00f6\u011frencilerin y\u00f6neltti\u011fi sorular akademisyenler taraf\u0131ndan detayl\u0131 \u015fekilde yan\u0131tland\u0131. Program, aktif kat\u0131l\u0131m\u0131n sa\u011fland\u0131\u011f\u0131 verimli bir oturumla tamamland\u0131. Kocaeli B\u00fcy\u00fck\u015fehir Belediyesi, deprem haftas\u0131 boyunca il genelinde seminerler, s\u00f6yle\u015fi, e\u011fitim ve tatbikatlar d\u00fczenlemeye devam edecek.<\/p>\n<p>\u00a0<\/p>\n<p>Kaynak: (BYZHA) Beyaz Haber Ajans\u0131<\/p>\n","protected":false},"excerpt":{"rendered":"<p>Kocaeli B\u00fcy\u00fck\u015fehir Belediyesi, her y\u0131l 1-7 Mart tarihleri aras\u0131nda hat\u0131rlanan Deprem Haftas\u0131 kapsam\u0131nda gen\u00e7lere y\u00f6nelik bilin\u00e7lendirme semineri d\u00fczenledi.<\/p>\n","protected":false},"author":1,"featured_media":65370,"comment_status":"open","ping_status":"open","sticky":false,"template":"","format":"standard","meta":{"footnotes":""},"categories":[4],"tags":[1194,372,60,2970],"class_list":["post-65369","post","type-post","status-publish","format-standard","has-post-thumbnail","hentry","category-gundem","tag-afet","tag-belediye","tag-deprem","tag-korfez"],"_links":{"self":[{"href":"https:\/\/bihavadis.com\/index.php\/wp-json\/wp\/v2\/posts\/65369","targetHints":{"allow":["GET"]}}],"collection":[{"href":"https:\/\/bihavadis.com\/index.php\/wp-json\/wp\/v2\/posts"}],"about":[{"href":"https:\/\/bihavadis.com\/index.php\/wp-json\/wp\/v2\/types\/post"}],"author":[{"embeddable":true,"href":"https:\/\/bihavadis.com\/index.php\/wp-json\/wp\/v2\/users\/1"}],"replies":[{"embeddable":true,"href":"https:\/\/bihavadis.com\/index.php\/wp-json\/wp\/v2\/comments?post=65369"}],"version-history":[{"count":1,"href":"https:\/\/bihavadis.com\/index.php\/wp-json\/wp\/v2\/posts\/65369\/revisions"}],"predecessor-version":[{"id":65371,"href":"https:\/\/bihavadis.com\/index.php\/wp-json\/wp\/v2\/posts\/65369\/revisions\/65371"}],"wp:featuredmedia":[{"embeddable":true,"href":"https:\/\/bihavadis.com\/index.php\/wp-json\/wp\/v2\/media\/65370"}],"wp:attachment":[{"href":"https:\/\/bihavadis.com\/index.php\/wp-json\/wp\/v2\/media?parent=65369"}],"wp:term":[{"taxonomy":"category","embeddable":true,"href":"https:\/\/bihavadis.com\/index.php\/wp-json\/wp\/v2\/categories?post=65369"},{"taxonomy":"post_tag","embeddable":true,"href":"https:\/\/bihavadis.com\/index.php\/wp-json\/wp\/v2\/tags?post=65369"}],"curies":[{"name":"wp","href":"https:\/\/api.w.org\/{rel}","templated":true}]}}