{"id":65389,"date":"2026-03-08T05:06:07","date_gmt":"2026-03-08T05:06:07","guid":{"rendered":"https:\/\/bihavadis.com\/?p=65389"},"modified":"2026-03-08T05:06:07","modified_gmt":"2026-03-08T05:06:07","slug":"istanbuldaki-belediyeler-kadinlar-icin-guclerini-birlestirdi","status":"publish","type":"post","link":"https:\/\/bihavadis.com\/index.php\/2026\/03\/08\/istanbuldaki-belediyeler-kadinlar-icin-guclerini-birlestirdi\/","title":{"rendered":"\u0130stanbul&#8217;daki belediyeler kad\u0131nlar i\u00e7in g\u00fc\u00e7lerini birle\u015ftirdi"},"content":{"rendered":"<p>\u0130stanbul\u2019daki 17 il\u00e7e belediyesi ve \u0130BB aras\u0131nda, 8 Mart D\u00fcnya Kad\u0131nlar G\u00fcn\u00fc \u00f6ncesinde \u201cKad\u0131n Destek Hatt\u0131 ve Kad\u0131na Y\u00f6nelik Koruyucu Hizmetler \u0130\u015f Birli\u011fi Protokol\u00fc\u201d imzaland\u0131. Protokole di\u011fer belediye ba\u015fkanlar\u0131yla birlikte imza atan Maltepe Belediye Ba\u015fkan\u0131 Mimar Esin K\u00f6ymen, \u201cBu protokolle, kad\u0131nlar\u0131n g\u00fcvenli, e\u015fit ve adil bir ya\u015fam s\u00fcrmesini sa\u011flamak i\u00e7in sorumlulu\u011fumuzu somut ad\u0131mlarla g\u00fc\u00e7lendiriyor; daha etkili ve eri\u015filebilir hizmetler sunmak amac\u0131yla \u00e7al\u0131\u015fmalar\u0131m\u0131za devam ediyoruz. Birlikte daha g\u00fc\u00e7l\u00fcy\u00fcz.\u201d dedi.<\/p>\n<p>\u0130stanbul B\u00fcy\u00fck\u015fehir Belediyesi (\u0130BB) ile il\u00e7e belediyeleri aras\u0131nda, kad\u0131na y\u00f6nelik koruyucu ve \u00f6nleyici hizmetlerin kent genelinde daha etkin ve yayg\u0131n bir \u015fekilde sunulmas\u0131n\u0131 ama\u00e7layan \u201cKad\u0131n Destek Hatt\u0131 ve Kad\u0131na Y\u00f6nelik Koruyucu Hizmetler \u0130\u015f Birli\u011fi Protokol\u00fc\u201d d\u00fczenlenen t\u00f6renle imzaland\u0131. \u0130mza t\u00f6renine; CHP Genel Ba\u015fkan Yard\u0131mc\u0131s\u0131 Suat \u00d6z\u00e7a\u011fda\u015f, CHP \u0130stanbul Milletvekili Sibel Sui\u00e7mez, \u0130BB Ba\u015fkan\u0131 Ekrem \u0130mamo\u011flu&#8217;nun e\u015fi akademisyen Dilek Kaya \u0130mamo\u011flu, CHP \u0130stanbul \u0130l Ba\u015fkan\u0131 \u00d6zg\u00fcr \u00c7elik ve \u0130BB Meclisi CHP Grup Ba\u015fkanvekili \u00dclk\u00fc \u0130nanl\u0131 ile birlikte 17 il\u00e7enin belediye ba\u015fkanlar\u0131 ve meclis \u00fcyeleri kat\u0131l\u0131m sa\u011flad\u0131.<\/p>\n<p><b>ASLAN: \u201cCANIMIZ DAHA FAZLA ACIMASIN D\u0130YE\u2026\u201d<\/b><\/p>\n<p>8 Mart D\u00fcnya Kad\u0131nlar G\u00fcn\u00fc \u00f6ncesinde \u0130BB ile 17 il\u00e7e belediyesi aras\u0131nda &#8220;Kad\u0131n Destek Hatt\u0131 ve Kad\u0131na Y\u00f6nelik Koruyucu Hizmetler \u0130\u015f Birli\u011fi Protokol\u00fc&#8221; imza t\u00f6reninde hem protokol\u00fc tan\u0131tan hem de konu\u015fma yapan \u0130BB Ba\u015fkanvekili Nuri Aslan, \u201cKad\u0131nlar\u0131n can g\u00fcvenli\u011fi ve huzuru, her t\u00fcrl\u00fc siyasetin \u00fcst\u00fcnde, tamamen insani ve toplumsal bir g\u00f6revdir.\u201d a\u00e7\u0131klamas\u0131nda bulundu. Son d\u00f6nemde katledilen kad\u0131nlar\u0131n isimlerini anarak konu\u015fmas\u0131n\u0131 s\u00fcrd\u00fcren Aslan, \u201cBir kad\u0131n\u0131, bir k\u0131z evlad\u0131n\u0131 sevemeyenin do\u011fay\u0131 sevmesi, insan\u0131 sevmesi m\u00fcmk\u00fcn de\u011fil; can\u0131m\u0131z daha fazla ac\u0131mas\u0131n diye bug\u00fcn buraday\u0131z.\u201d dedi.<\/p>\n<p><b>K\u00d6YMEN: \u201cB\u0130RL\u0130KTE DAHA G\u00dc\u00c7L\u00dcY\u00dcZ\u201d<\/b><\/p>\n<p>\u0130mzalanan protokol\u00fcn kad\u0131nlar i\u00e7in \u00f6nemli bir e\u015fik oldu\u011funu ifade eden Maltepe Belediye Ba\u015fkan\u0131 Esin K\u00f6ymen,\u00a0 \u201c\u0130stanbul B\u00fcy\u00fck\u015fehir Belediyesi ile il\u00e7e belediyelerimiz aras\u0131nda, kad\u0131nlara y\u00f6nelik koruyucu ve \u00f6nleyici hizmetlerin etkin ve yayg\u0131n bir \u015fekilde sunulmas\u0131n\u0131 ama\u00e7layan \u2018Kad\u0131n Destek Hatt\u0131 ve Kad\u0131na Y\u00f6nelik Koruyucu Hizmetler \u0130\u015f Birli\u011fi Protokol\u00fc\u2019n\u00fc Maltepe Belediyesi olarak imzalad\u0131k. Bu protokolle, kad\u0131nlar\u0131n g\u00fcvenli, e\u015fit ve adil bir ya\u015fam s\u00fcrmesini sa\u011flamak i\u00e7in sorumlulu\u011fumuzu somut ad\u0131mlarla g\u00fc\u00e7lendiriyor; daha etkili ve eri\u015filebilir hizmetler sunmak amac\u0131yla \u00e7al\u0131\u015fmalar\u0131m\u0131za devam ediyoruz. Birlikte daha g\u00fc\u00e7l\u00fcy\u00fcz\u201d diye konu\u015ftu.<\/p>\n<p><b>KADIN DESTEK HATTI:\u00a0444 80 86<\/b><\/p>\n<p>Protokolle kurulan, \u0130BB\u2019ye ba\u011fl\u0131 \u00e7al\u0131\u015facak ve\u00a0444 80 86\u00a0numaral\u0131 telefondan ula\u015f\u0131labilecek \u201cKad\u0131n Destek Hatt\u0131\u201d, T\u00fcrk\u00e7e, K\u00fcrt\u00e7e, Arap\u00e7a, \u0130ngilizce dillerinde hizmet verecek. Hat, \u0130stanbul\u2019un her mahallesine, her soka\u011f\u0131na ula\u015facak. B\u00f6ylece \u015fiddete maruz b\u0131rak\u0131lan ya da risk alt\u0131ndaki kad\u0131nlar\u0131n destek mekanizmalar\u0131na h\u0131zl\u0131 ve do\u011fru \u015fekilde ula\u015fabilmesi sa\u011flanacak.\u00a0<\/p>\n<p>\u00a0<\/p>\n<p>\u00a0<\/p>\n<p>aynak: (BYZHA) Beyaz Haber Ajans\u0131<\/p>\n","protected":false},"excerpt":{"rendered":"<p>\u0130stanbul\u2019daki 17 il\u00e7e belediyesi ve \u0130BB aras\u0131nda, 8 Mart D\u00fcnya Kad\u0131nlar G\u00fcn\u00fc \u00f6ncesinde \u201cKad\u0131n Destek Hatt\u0131 ve Kad\u0131na Y\u00f6nelik Koruyucu Hizmetler \u0130\u015f Birli\u011fi Protokol\u00fc\u201d imzaland\u0131.<\/p>\n","protected":false},"author":1,"featured_media":65390,"comment_status":"open","ping_status":"open","sticky":false,"template":"","format":"standard","meta":{"footnotes":""},"categories":[4],"tags":[516,4647,1025,453,1614],"class_list":["post-65389","post","type-post","status-publish","format-standard","has-post-thumbnail","hentry","category-gundem","tag-baskan","tag-hizmetler","tag-ibb","tag-imza","tag-kadinlar"],"_links":{"self":[{"href":"https:\/\/bihavadis.com\/index.php\/wp-json\/wp\/v2\/posts\/65389","targetHints":{"allow":["GET"]}}],"collection":[{"href":"https:\/\/bihavadis.com\/index.php\/wp-json\/wp\/v2\/posts"}],"about":[{"href":"https:\/\/bihavadis.com\/index.php\/wp-json\/wp\/v2\/types\/post"}],"author":[{"embeddable":true,"href":"https:\/\/bihavadis.com\/index.php\/wp-json\/wp\/v2\/users\/1"}],"replies":[{"embeddable":true,"href":"https:\/\/bihavadis.com\/index.php\/wp-json\/wp\/v2\/comments?post=65389"}],"version-history":[{"count":1,"href":"https:\/\/bihavadis.com\/index.php\/wp-json\/wp\/v2\/posts\/65389\/revisions"}],"predecessor-version":[{"id":65391,"href":"https:\/\/bihavadis.com\/index.php\/wp-json\/wp\/v2\/posts\/65389\/revisions\/65391"}],"wp:featuredmedia":[{"embeddable":true,"href":"https:\/\/bihavadis.com\/index.php\/wp-json\/wp\/v2\/media\/65390"}],"wp:attachment":[{"href":"https:\/\/bihavadis.com\/index.php\/wp-json\/wp\/v2\/media?parent=65389"}],"wp:term":[{"taxonomy":"category","embeddable":true,"href":"https:\/\/bihavadis.com\/index.php\/wp-json\/wp\/v2\/categories?post=65389"},{"taxonomy":"post_tag","embeddable":true,"href":"https:\/\/bihavadis.com\/index.php\/wp-json\/wp\/v2\/tags?post=65389"}],"curies":[{"name":"wp","href":"https:\/\/api.w.org\/{rel}","templated":true}]}}