{"id":65392,"date":"2026-03-08T05:09:09","date_gmt":"2026-03-08T05:09:09","guid":{"rendered":"https:\/\/bihavadis.com\/?p=65392"},"modified":"2026-03-08T05:09:09","modified_gmt":"2026-03-08T05:09:09","slug":"vladimir-zelensky-bir-baslikta-ilerleme-oldu-ama-ilerleme-oldu","status":"publish","type":"post","link":"https:\/\/bihavadis.com\/index.php\/2026\/03\/08\/vladimir-zelensky-bir-baslikta-ilerleme-oldu-ama-ilerleme-oldu\/","title":{"rendered":"Vladimir Zelensky: Bir ba\u015fl\u0131kta ilerleme oldu ama ilerleme oldu"},"content":{"rendered":"<p>Ukrayna\u2019n\u0131n ba\u015fkenti Kiev\u2019de sava\u015f\u0131n d\u00f6rd\u00fcnc\u00fc y\u0131ld\u00f6n\u00fcm\u00fc dolay\u0131s\u0131yla d\u00fczenlenen Ukrayna-Nordik-Balt\u0131k Zirvesi\u2019ne, Estonya Ba\u015fbakan\u0131 Kristen Michal, Danimarka Ba\u015fbakan\u0131 Mette Frederiksen, Finlandiya Cumhurba\u015fkan\u0131 Alexander Stubb, \u0130zlanda Ba\u015fbakan\u0131 Kristrun Frostadottir, Letonya Ba\u015fbakan\u0131 Evika Silina, Norve\u00e7 Ba\u015fbakan\u0131 Jonas Gahr Store, \u0130sve\u00e7 Ba\u015fbakan\u0131 Ulf Kristersson ve Litvanya Savunma Bakan\u0131 Robertas Kaunas kat\u0131ld\u0131. Zirvenin ard\u0131ndan liderler ortak bas\u0131n toplant\u0131s\u0131 d\u00fczenledi.<\/p>\n<p><strong>TRUMP&#8217;IN 4 TEMMUZ HEDEF\u0130 SORULDU<\/strong><\/p>\n<p>Bas\u0131n toplant\u0131s\u0131nda, ABD Ba\u015fkan\u0131 Donald Trump\u2019\u0131n sava\u015f\u0131n 4 Temmuz\u2019a kadar sona ermesini istedi\u011fine y\u00f6nelik iddialar soruldu. Zelensky, <b><em>\u201cE\u011fer bu ABD Ba\u015fkan\u0131 taraf\u0131ndan dile getirildiyse, bu benim i\u00e7in yeni bir bilgi\u201d <\/em><\/b>dedi.<\/p>\n<p>ABD\u2019nin sava\u015f\u0131 m\u00fcmk\u00fcn olan en k\u0131sa s\u00fcrede bitirmek istedi\u011fini belirten Zelensky,<b><em> \u201cUkrayna her zaman h\u0131zl\u0131 \u00e7\u00f6z\u00fcmden yana olmu\u015ftur. Ancak bu h\u0131zl\u0131 yol, topraklar\u0131m\u0131z\u0131n bir k\u0131sm\u0131ndan vazge\u00e7ilmesiyle ba\u011flant\u0131l\u0131 olamaz\u201d<\/em><\/b> ifadelerini kulland\u0131.<\/p>\n<p><img decoding=\"async\" src=\"https:\/\/bihavadis.com\/wp-content\/uploads\/2026\/03\/vladimir-zelensky-bir-baslikta-ilerleme-oldu-ama-ilerleme-oldu-0-kEk2mwSS.jpg\"\/><\/p>\n<p><strong>90 M\u0130LYAR EUROLUK AB KRED\u0130S\u0130 BAHARDA<\/strong><\/p>\n<p>Zelensky, 90 milyar euroluk Avrupa Birli\u011fi kredisinin engellenmesine ili\u015fkin bir soruya ise <b><em>\u201cKimin engel \u00e7\u0131kard\u0131\u011f\u0131n\u0131 biliyoruz. Macarlar engelledi\u201d <\/em><\/b>yan\u0131t\u0131n\u0131 verdi. AB Komisyonu Ba\u015fkan\u0131 Ursula von der Leyen ile g\u00f6r\u00fc\u015ft\u00fc\u011f\u00fcn\u00fc aktaran Zelensky, karar\u0131n 27 \u00fclkenin ortak karar\u0131 oldu\u011funu ve de\u011fi\u015ftirilemeyece\u011finin kendisine iletildi\u011fini s\u00f6yledi.<\/p>\n<p>Ukrayna\u2019n\u0131n s\u00f6z konusu 90 milyar euronun ilk dilimini bahar aylar\u0131nda alaca\u011f\u0131n\u0131 belirten Zelensky, AB liderlerinin s\u00fcrecin hayata ge\u00e7irilmesi i\u00e7in gerekli ara\u00e7lar\u0131 devreye sokacaklar\u0131n\u0131 taahh\u00fct ettiklerini aktard\u0131.<\/p>\n<p><img decoding=\"async\" src=\"https:\/\/bihavadis.com\/wp-content\/uploads\/2026\/03\/vladimir-zelensky-bir-baslikta-ilerleme-oldu-ama-ilerleme-oldu-1-jGncww4T.jpg\"\/><\/p>\n<p><strong>&#8220;\u0130ZLEME MEKAN\u0130ZMASINDA \u0130LERLEME VAR&#8221;<\/strong><\/p>\n<p>Son bar\u0131\u015f m\u00fczakerelerine ili\u015fkin de\u011ferlendirmede bulunan Zelensky, \u0130svi\u00e7re\u2019de yap\u0131lan \u00fc\u00e7l\u00fc toplant\u0131da askeri heyetlerin bir araya geldi\u011fini s\u00f6yledi.<\/p>\n<p><b><em>\u201cAte\u015fkes olmas\u0131 halinde ya da ne zaman olursa olsun, ate\u015fkesten sonra izleme misyonunun nas\u0131l i\u015fleyece\u011fi konusunda mutabakata vard\u0131lar\u201d <\/em><\/b>diyen Zelensky, bunun ABD liderli\u011finde \u00fc\u00e7l\u00fc bir izleme mekanizmas\u0131 anlam\u0131na geldi\u011fini ifade etti.<\/p>\n<p>Ayr\u0131ca sava\u015f esirlerinin ileride yap\u0131lacak takas\u0131na ili\u015fkin olumlu sinyaller ald\u0131klar\u0131n\u0131 kaydeden Zelensky, bir sonraki toplant\u0131n\u0131n bir hafta ya da on g\u00fcn i\u00e7inde yap\u0131laca\u011f\u0131n\u0131 a\u00e7\u0131klad\u0131.<\/p>\n<p><img decoding=\"async\" src=\"https:\/\/bihavadis.com\/wp-content\/uploads\/2026\/03\/vladimir-zelensky-bir-baslikta-ilerleme-oldu-ama-ilerleme-oldu-2-TXBCrF4P.jpg\"\/><\/p>\n<p><strong>&#8220;ABD&#8217;DEN S\u0130LAH ALAMAYACA\u011eIMIZA DA\u0130R B\u0130R B\u0130LG\u0130 YOK&#8221;<\/strong><\/p>\n<p>ABD\u2019nin Ukrayna\u2019ya silah sa\u011flamamas\u0131 gibi bir senaryonun g\u00fcndemde olup olmad\u0131\u011f\u0131 sorusuna Zelensky,<em><b> \u201cABD y\u00f6netiminden ya da Ba\u015fkan Trump ve ekibinden silah alamayaca\u011f\u0131m\u0131za dair herhangi bir bilgi almad\u0131k\u201d<\/b><\/em> yan\u0131t\u0131n\u0131 verdi.<\/p>\n<p>ABD\u2019den silah al\u0131m\u0131n\u0131n s\u00fcrd\u00fc\u011f\u00fcn\u00fc belirten Zelensky, m\u00fczakerelerde en zor ba\u015fl\u0131\u011f\u0131n toprak meselesi oldu\u011funu vurgulad\u0131.<\/p>\n<p><img decoding=\"async\" src=\"https:\/\/bihavadis.com\/wp-content\/uploads\/2026\/03\/vladimir-zelensky-bir-baslikta-ilerleme-oldu-ama-ilerleme-oldu-3-bDEGSFJy.jpg\"\/><\/p>\n<p><strong>&#8220;AB \u00dcYEL\u0130\u011e\u0130 NE KADAR ERKEN OLURSA O KADAR \u0130Y\u0130&#8221;<\/strong><\/p>\n<p>Estonya Ba\u015fbakan\u0131 Kristen Michal, Ukrayna\u2019n\u0131n AB \u00fcyeli\u011fi i\u00e7in 2027 hedefinin ger\u00e7ek\u00e7i olup olmad\u0131\u011f\u0131na ili\u015fkin soruya,<b><em> \u201cUkrayna\u2019n\u0131n gelece\u011fi AB\u2019dedir. Bu ne kadar erken olursa o kadar iyi\u201d <\/em><\/b>cevab\u0131n\u0131 verdi.<\/p>\n<p>Finlandiya Cumhurba\u015fkan\u0131 Alexander Stubb ise Avrupa\u2019n\u0131n bar\u0131\u015f s\u00fcrecinde aktif rol almas\u0131 gerekti\u011fini belirterek, art\u0131k Avrupa\u2019n\u0131n da sava\u015f\u0131n bedelini \u00f6dedi\u011fini ve bu nedenle s\u00fcrecin koordineli \u015fekilde y\u00fcr\u00fct\u00fclmesi gerekti\u011fini s\u00f6yledi.<\/p>\n<p><img decoding=\"async\" src=\"https:\/\/bihavadis.com\/wp-content\/uploads\/2026\/03\/vladimir-zelensky-bir-baslikta-ilerleme-oldu-ama-ilerleme-oldu-4-r5s6FHfd.jpg\"\/><\/p>\n<p><strong>YAPTIRIMLAR VE AB&#8217;N\u0130N ROL\u00dc<\/strong><\/p>\n<p>\u0130zlanda Ba\u015fbakan\u0131 Kristrun Frostadottir, 20\u2019nci yapt\u0131r\u0131m paketinin sava\u015f\u0131n y\u0131ld\u00f6n\u00fcm\u00fcnde kabul edilememesine ili\u015fkin soruya, \u0130zlanda\u2019n\u0131n t\u00fcm yapt\u0131r\u0131m paketlerini desteklemeye devam edece\u011fini belirtti.<\/p>\n<p>Letonya Ba\u015fbakan\u0131 Evika Silina da Avrupa\u2019n\u0131n bar\u0131\u015f g\u00f6r\u00fc\u015fmelerinde daha aktif rol \u00fcstlenmesi gerekti\u011fini ifade ederek, hem AB d\u00fczeyinde hem de<b><em> \u201cG\u00f6n\u00fcll\u00fcler Koalisyonu\u201d<\/em><\/b> \u00e7er\u00e7evesinde ortak bir pozisyon olu\u015fturulabilece\u011fini s\u00f6yledi.<\/p>\n<div> <span><strong>Kaynak:<\/strong> \u0130hlas Haber Ajans\u0131 (\u0130HA)<\/span> <\/div>\n","protected":false},"excerpt":{"rendered":"<p>Ukrayna\u2019n\u0131n ba\u015fkenti Kiev\u2019de sava\u015f\u0131n d\u00f6rd\u00fcnc\u00fc y\u0131ld\u00f6n\u00fcm\u00fc dolay\u0131s\u0131yla d\u00fczenlenen Ukrayna-Nordik-Balt\u0131k Zirvesi\u2019ne, Estonya Ba\u015fbakan\u0131 Kristen Michal, Danimarka Ba\u015fbakan\u0131 Mette Frederiksen, Finlandiya Cumhurba\u015fkan\u0131 Alexander Stubb, \u0130zlanda Ba\u015fbakan\u0131 &#8230;<\/p>\n","protected":false},"author":1,"featured_media":65393,"comment_status":"open","ping_status":"open","sticky":false,"template":"","format":"standard","meta":{"footnotes":""},"categories":[6],"tags":[272,7371,1931,5874,3391],"class_list":["post-65392","post","type-post","status-publish","format-standard","has-post-thumbnail","hentry","category-dunya","tag-abd","tag-basbakani","tag-iliskin","tag-savasi","tag-zelensky"],"_links":{"self":[{"href":"https:\/\/bihavadis.com\/index.php\/wp-json\/wp\/v2\/posts\/65392","targetHints":{"allow":["GET"]}}],"collection":[{"href":"https:\/\/bihavadis.com\/index.php\/wp-json\/wp\/v2\/posts"}],"about":[{"href":"https:\/\/bihavadis.com\/index.php\/wp-json\/wp\/v2\/types\/post"}],"author":[{"embeddable":true,"href":"https:\/\/bihavadis.com\/index.php\/wp-json\/wp\/v2\/users\/1"}],"replies":[{"embeddable":true,"href":"https:\/\/bihavadis.com\/index.php\/wp-json\/wp\/v2\/comments?post=65392"}],"version-history":[{"count":1,"href":"https:\/\/bihavadis.com\/index.php\/wp-json\/wp\/v2\/posts\/65392\/revisions"}],"predecessor-version":[{"id":65399,"href":"https:\/\/bihavadis.com\/index.php\/wp-json\/wp\/v2\/posts\/65392\/revisions\/65399"}],"wp:featuredmedia":[{"embeddable":true,"href":"https:\/\/bihavadis.com\/index.php\/wp-json\/wp\/v2\/media\/65393"}],"wp:attachment":[{"href":"https:\/\/bihavadis.com\/index.php\/wp-json\/wp\/v2\/media?parent=65392"}],"wp:term":[{"taxonomy":"category","embeddable":true,"href":"https:\/\/bihavadis.com\/index.php\/wp-json\/wp\/v2\/categories?post=65392"},{"taxonomy":"post_tag","embeddable":true,"href":"https:\/\/bihavadis.com\/index.php\/wp-json\/wp\/v2\/tags?post=65392"}],"curies":[{"name":"wp","href":"https:\/\/api.w.org\/{rel}","templated":true}]}}