{"id":65429,"date":"2026-03-08T05:39:08","date_gmt":"2026-03-08T05:39:08","guid":{"rendered":"https:\/\/bihavadis.com\/?p=65429"},"modified":"2026-03-08T05:39:08","modified_gmt":"2026-03-08T05:39:08","slug":"belediye-baskani-savas-kalaycinin-8-mart-dunya-kadinlar-gunu-mesaji","status":"publish","type":"post","link":"https:\/\/bihavadis.com\/index.php\/2026\/03\/08\/belediye-baskani-savas-kalaycinin-8-mart-dunya-kadinlar-gunu-mesaji\/","title":{"rendered":"Belediye Ba\u015fkan\u0131 Sava\u015f Kalayc\u0131&#8217;n\u0131n 8 Mart D\u00fcnya Kad\u0131nlar G\u00fcn\u00fc Mesaj\u0131"},"content":{"rendered":"<p><span><span><span><span><span><span>Karaman Belediye Ba\u015fkan\u0131 Sava\u015f Kalayc\u0131, bir mesaj yay\u0131nlayarak 8 Mart D\u00fcnya Kad\u0131nlar G\u00fcn\u00fc&#8217;n\u00fc kutlad\u0131. <\/span><\/span><\/span><\/span><\/span><\/span><\/p>\n<p><span><span><span><span><span><span>Belediye Ba\u015fkan\u0131 Sava\u015f Kalayc\u0131, mesaj\u0131nda: &#8220;8 Mart D\u00fcnya Kad\u0131nlar G\u00fcn\u00fc\u2019n\u00fc en i\u00e7ten dileklerimle kutluyor, hayat\u0131n her alan\u0131nda fedak\u00e2rl\u0131klar\u0131, emekleri ve sevgileriyle var olan t\u00fcm kad\u0131nlar\u0131m\u0131za sa\u011fl\u0131k, mutluluk ve huzur dolu bir \u00f6m\u00fcr diliyorum.<\/span><\/span><\/span><\/span><\/span><\/span><\/p>\n<p><span><span><span><span><span><span>Kad\u0131nlar\u0131m\u0131z, tarih boyunca T\u00fcrk k\u00fclt\u00fcr\u00fcnde ve dinimizde toplumun temel de\u011feri ve aile hayat\u0131n\u0131n merkezi olmu\u015ftur. Karaman Belediyesi olarak bizler de; kad\u0131nlar\u0131m\u0131z\u0131n ya\u015fam\u0131n\u0131 kolayla\u015ft\u0131rmak i\u00e7in b\u00fcy\u00fck \u00f6zen g\u00f6steriyor, Kad\u0131n ve Aile Hizmetleri M\u00fcd\u00fcrl\u00fc\u011f\u00fcm\u00fcz b\u00fcnyesinde geli\u015ftirdi\u011fimiz projelerle her zaman yanlar\u0131nda ve destek olaca\u011f\u0131m\u0131z\u0131 belirtmek istiyorum.<\/span><\/span><\/span><\/span><\/span><\/span><\/p>\n<p><span><span><span><span><span><span>Bu duygu ve d\u00fc\u015f\u00fcncelerle kad\u0131nlar\u0131m\u0131za sa\u011fl\u0131kl\u0131, g\u00fcvenli ve huzurlu bir hayat temenni ediyor, t\u00fcm kad\u0131nlar\u0131m\u0131z\u0131n 8 Mart D\u00fcnya Kad\u0131nlar G\u00fcn\u00fc\u2019n\u00fc kutluyor, t\u00fcm hem\u015fehrilerimi sevgi, sayg\u0131 ve muhabbetle selaml\u0131yorum\u201d dedi.<\/span><\/span><\/span><\/span><\/span><\/span><\/p>\n<p>\u00a0<\/p>\n<p>\u00a0<\/p>\n<p>Kaynak: (BYZHA) Beyaz Haber Ajans\u0131<\/p>\n","protected":false},"excerpt":{"rendered":"<p>Karaman Belediye Ba\u015fkan\u0131 Sava\u015f Kalayc\u0131, bir mesaj yay\u0131nlayarak 8 Mart D\u00fcnya Kad\u0131nlar G\u00fcn\u00fc&#8217;n\u00fc kutlad\u0131.<\/p>\n","protected":false},"author":1,"featured_media":65430,"comment_status":"open","ping_status":"open","sticky":false,"template":"","format":"standard","meta":{"footnotes":""},"categories":[4],"tags":[1614],"class_list":["post-65429","post","type-post","status-publish","format-standard","has-post-thumbnail","hentry","category-gundem","tag-kadinlar"],"_links":{"self":[{"href":"https:\/\/bihavadis.com\/index.php\/wp-json\/wp\/v2\/posts\/65429","targetHints":{"allow":["GET"]}}],"collection":[{"href":"https:\/\/bihavadis.com\/index.php\/wp-json\/wp\/v2\/posts"}],"about":[{"href":"https:\/\/bihavadis.com\/index.php\/wp-json\/wp\/v2\/types\/post"}],"author":[{"embeddable":true,"href":"https:\/\/bihavadis.com\/index.php\/wp-json\/wp\/v2\/users\/1"}],"replies":[{"embeddable":true,"href":"https:\/\/bihavadis.com\/index.php\/wp-json\/wp\/v2\/comments?post=65429"}],"version-history":[{"count":1,"href":"https:\/\/bihavadis.com\/index.php\/wp-json\/wp\/v2\/posts\/65429\/revisions"}],"predecessor-version":[{"id":65431,"href":"https:\/\/bihavadis.com\/index.php\/wp-json\/wp\/v2\/posts\/65429\/revisions\/65431"}],"wp:featuredmedia":[{"embeddable":true,"href":"https:\/\/bihavadis.com\/index.php\/wp-json\/wp\/v2\/media\/65430"}],"wp:attachment":[{"href":"https:\/\/bihavadis.com\/index.php\/wp-json\/wp\/v2\/media?parent=65429"}],"wp:term":[{"taxonomy":"category","embeddable":true,"href":"https:\/\/bihavadis.com\/index.php\/wp-json\/wp\/v2\/categories?post=65429"},{"taxonomy":"post_tag","embeddable":true,"href":"https:\/\/bihavadis.com\/index.php\/wp-json\/wp\/v2\/tags?post=65429"}],"curies":[{"name":"wp","href":"https:\/\/api.w.org\/{rel}","templated":true}]}}