{"id":65454,"date":"2026-03-08T05:57:14","date_gmt":"2026-03-08T05:57:14","guid":{"rendered":"https:\/\/bihavadis.com\/?p=65454"},"modified":"2026-03-08T05:57:14","modified_gmt":"2026-03-08T05:57:14","slug":"arkadasini-tabancayla-vuran-genc-yakalandi","status":"publish","type":"post","link":"https:\/\/bihavadis.com\/index.php\/2026\/03\/08\/arkadasini-tabancayla-vuran-genc-yakalandi\/","title":{"rendered":"Arkada\u015f\u0131n\u0131 Tabancayla Vuran Gen\u00e7 Yakaland\u0131"},"content":{"rendered":"<p> Sakarya&#8217;n\u0131n Sapanca il\u00e7esinde Mimar Sinan Caddesi \u00fczerine yer alan bir kafenin \u00f6n\u00fcnde oturup, sohbet eden arkada\u015f grubundaki A.\u00d6. ile S.B. aras\u0131nda bilinmeyen bir nedenle tart\u0131\u015fma \u00e7\u0131kt\u0131.<\/p>\n<p><b>AYA\u011eI VE KAL\u00c7ASINDAN VURDU<\/b><\/p>\n<p>Tart\u0131\u015fman\u0131n b\u00fcy\u00fcmesi \u00fczerine 22 ya\u015f\u0131ndaki A.\u00d6., belinden \u00e7\u0131kard\u0131\u011f\u0131 tabancayla 20 ya\u015f\u0131ndaki S.B.&#8217;ye ate\u015f etti. Olayda S.B., ayak ve kal\u00e7as\u0131ndan yaraland\u0131. \u0130hbar \u00fczerine olay yerine sa\u011fl\u0131k ve polis ekipleri sevk edildi. <\/p>\n<div>\n<figure><img decoding=\"async\" src=\"https:\/\/bihavadis.com\/wp-content\/uploads\/2026\/03\/arkadasini-tabancayla-vuran-genc-yakalandi-0-cdRFk6Rv.jpg\"\/><\/figure>\n<\/div>\n<p><b>HAYAT\u0130 TEHL\u0130KES\u0130 YOK<\/b><\/p>\n<p>Ambulans ile Sapanca \u0130l\u00e7e Devlet Hastanesi&#8217;ne kald\u0131r\u0131lan S.B., buradaki ilk m\u00fcdahalenin ard\u0131ndan Sakarya Sad\u0131ka Sabanc\u0131 Devlet Hastanesi&#8217;ne sevk edildi. Tedaviye al\u0131nan S.B.&#8217;nin hayati tehlikesinin bulunmad\u0131\u011f\u0131 \u00f6\u011frenildi.<\/p>\n<div>\n<figure><img decoding=\"async\" src=\"https:\/\/bihavadis.com\/wp-content\/uploads\/2026\/03\/arkadasini-tabancayla-vuran-genc-yakalandi-1-bAAjlrKw.jpg\"\/><\/figure>\n<\/div>\n<p><b>POL\u0130S F\u0130RAR\u0130 \u015e\u00dcPHEL\u0130Y\u0130 ARIYOR <\/b><\/p>\n<p>Olay\u0131n ard\u0131ndan ka\u00e7an A.\u00d6.&#8217;y\u00fc yakalamak i\u00e7in harekete ge\u00e7en polis, soru\u015fturmaya devam ediyor.<\/p>\n","protected":false},"excerpt":{"rendered":"<p>Sapanca&#8217;da A.\u00d6., tart\u0131\u015ft\u0131\u011f\u0131 S.B.&#8217;yi tabancayla yaralad\u0131, S.B. hastaneye kald\u0131r\u0131ld\u0131.<\/p>\n","protected":false},"author":1,"featured_media":65455,"comment_status":"open","ping_status":"open","sticky":false,"template":"","format":"standard","meta":{"footnotes":""},"categories":[9,4,13],"tags":[],"class_list":["post-65454","post","type-post","status-publish","format-standard","has-post-thumbnail","hentry","category-genel","category-gundem","category-son-dakika"],"_links":{"self":[{"href":"https:\/\/bihavadis.com\/index.php\/wp-json\/wp\/v2\/posts\/65454","targetHints":{"allow":["GET"]}}],"collection":[{"href":"https:\/\/bihavadis.com\/index.php\/wp-json\/wp\/v2\/posts"}],"about":[{"href":"https:\/\/bihavadis.com\/index.php\/wp-json\/wp\/v2\/types\/post"}],"author":[{"embeddable":true,"href":"https:\/\/bihavadis.com\/index.php\/wp-json\/wp\/v2\/users\/1"}],"replies":[{"embeddable":true,"href":"https:\/\/bihavadis.com\/index.php\/wp-json\/wp\/v2\/comments?post=65454"}],"version-history":[{"count":1,"href":"https:\/\/bihavadis.com\/index.php\/wp-json\/wp\/v2\/posts\/65454\/revisions"}],"predecessor-version":[{"id":65458,"href":"https:\/\/bihavadis.com\/index.php\/wp-json\/wp\/v2\/posts\/65454\/revisions\/65458"}],"wp:featuredmedia":[{"embeddable":true,"href":"https:\/\/bihavadis.com\/index.php\/wp-json\/wp\/v2\/media\/65455"}],"wp:attachment":[{"href":"https:\/\/bihavadis.com\/index.php\/wp-json\/wp\/v2\/media?parent=65454"}],"wp:term":[{"taxonomy":"category","embeddable":true,"href":"https:\/\/bihavadis.com\/index.php\/wp-json\/wp\/v2\/categories?post=65454"},{"taxonomy":"post_tag","embeddable":true,"href":"https:\/\/bihavadis.com\/index.php\/wp-json\/wp\/v2\/tags?post=65454"}],"curies":[{"name":"wp","href":"https:\/\/api.w.org\/{rel}","templated":true}]}}