{"id":65467,"date":"2026-03-08T06:06:13","date_gmt":"2026-03-08T06:06:13","guid":{"rendered":"https:\/\/bihavadis.com\/?p=65467"},"modified":"2026-03-08T06:06:13","modified_gmt":"2026-03-08T06:06:13","slug":"son-dakika-balikesirde-f-16-kaza-kirima-ugradi-1-pilot-sehit-oldu","status":"publish","type":"post","link":"https:\/\/bihavadis.com\/index.php\/2026\/03\/08\/son-dakika-balikesirde-f-16-kaza-kirima-ugradi-1-pilot-sehit-oldu\/","title":{"rendered":"SON DAK\u0130KA! Bal\u0131kesir&#8217;de F-16 kaza k\u0131r\u0131ma u\u011frad\u0131: 1 pilot \u015fehit oldu"},"content":{"rendered":"<p>Bal\u0131kesir\u2019den ac\u0131 haber geldi..<\/p>\n<p>Son dakika haberine g\u00f6re g\u00f6rev u\u00e7u\u015fu s\u0131ras\u0131nda kaza k\u0131r\u0131ma u\u011frayan F-16 sava\u015f u\u00e7a\u011f\u0131nda bulunan bir pilot \u015fehit oldu.<\/p>\n<p>Gece saatlerinde meydana gelen kazayla ilgili inceleme ba\u015flat\u0131ld\u0131.<\/p>\n<p><strong>&#8220;B\u0130R P\u0130LOTUMUZ \u015eEH\u0130T OLMU\u015eTUR&#8221;<\/strong><\/p>\n<p>Bal\u0131kesir Valisi \u0130smail Ustao\u011flu sosyal medya hesab\u0131ndan olaya ili\u015fkin a\u00e7\u0131klama yapt\u0131.<\/p>\n<p>Ustao\u011flu a\u00e7\u0131klamas\u0131nda \u015fu ifadeleri kulland\u0131:<\/p>\n<p>&#8220;Bal\u0131kesir 9. Ana Jet \u00dcss\u00fc Komutanl\u0131\u011f\u0131 filosuna ait F-16 u\u00e7a\u011f\u0131m\u0131z g\u00f6rev u\u00e7u\u015fu esnas\u0131nda 00:50 s\u0131ralar\u0131nda kaza k\u0131r\u0131ma u\u011fram\u0131\u015f olup,bir pilotumuz \u015fehit olmu\u015ftur. \u015eehidimize Allahtan rahmet yak\u0131nlar\u0131na ba\u015fsa\u011fl\u0131\u011f\u0131 diliyorum.<br \/>Aziz milletimizin ba\u015f\u0131 sa\u011f olsun&#8221;<\/p>\n<div> <span><strong>Kaynak:<\/strong> Ensonhaber Haber Merkezi<\/span> <\/div>\n","protected":false},"excerpt":{"rendered":"<p>Bal\u0131kesir\u2019den ac\u0131 haber geldi.. Son dakika haberine g\u00f6re g\u00f6rev u\u00e7u\u015fu s\u0131ras\u0131nda kaza k\u0131r\u0131ma u\u011frayan F-16 sava\u015f u\u00e7a\u011f\u0131nda bulunan bir pilot \u015fehit oldu. Gece saatlerinde meydana gelen kazayla ilgili inceleme ba\u015flat\u0131ld\u0131. &#8220;B\u0130R P\u0130LOTUMUZ \u015eEH\u0130T OLMU\u015eTUR &#8230;<\/p>\n","protected":false},"author":1,"featured_media":65468,"comment_status":"open","ping_status":"open","sticky":false,"template":"","format":"standard","meta":{"footnotes":""},"categories":[9,13],"tags":[],"class_list":["post-65467","post","type-post","status-publish","format-standard","has-post-thumbnail","hentry","category-genel","category-son-dakika"],"_links":{"self":[{"href":"https:\/\/bihavadis.com\/index.php\/wp-json\/wp\/v2\/posts\/65467","targetHints":{"allow":["GET"]}}],"collection":[{"href":"https:\/\/bihavadis.com\/index.php\/wp-json\/wp\/v2\/posts"}],"about":[{"href":"https:\/\/bihavadis.com\/index.php\/wp-json\/wp\/v2\/types\/post"}],"author":[{"embeddable":true,"href":"https:\/\/bihavadis.com\/index.php\/wp-json\/wp\/v2\/users\/1"}],"replies":[{"embeddable":true,"href":"https:\/\/bihavadis.com\/index.php\/wp-json\/wp\/v2\/comments?post=65467"}],"version-history":[{"count":1,"href":"https:\/\/bihavadis.com\/index.php\/wp-json\/wp\/v2\/posts\/65467\/revisions"}],"predecessor-version":[{"id":65469,"href":"https:\/\/bihavadis.com\/index.php\/wp-json\/wp\/v2\/posts\/65467\/revisions\/65469"}],"wp:featuredmedia":[{"embeddable":true,"href":"https:\/\/bihavadis.com\/index.php\/wp-json\/wp\/v2\/media\/65468"}],"wp:attachment":[{"href":"https:\/\/bihavadis.com\/index.php\/wp-json\/wp\/v2\/media?parent=65467"}],"wp:term":[{"taxonomy":"category","embeddable":true,"href":"https:\/\/bihavadis.com\/index.php\/wp-json\/wp\/v2\/categories?post=65467"},{"taxonomy":"post_tag","embeddable":true,"href":"https:\/\/bihavadis.com\/index.php\/wp-json\/wp\/v2\/tags?post=65467"}],"curies":[{"name":"wp","href":"https:\/\/api.w.org\/{rel}","templated":true}]}}