{"id":65479,"date":"2026-03-08T06:18:07","date_gmt":"2026-03-08T06:18:07","guid":{"rendered":"https:\/\/bihavadis.com\/?p=65479"},"modified":"2026-03-08T06:18:07","modified_gmt":"2026-03-08T06:18:07","slug":"norvec-krali-harald-ispanyada-hastaneye-kaldirildi","status":"publish","type":"post","link":"https:\/\/bihavadis.com\/index.php\/2026\/03\/08\/norvec-krali-harald-ispanyada-hastaneye-kaldirildi\/","title":{"rendered":"Norve\u00e7 Kral\u0131 Harald, \u0130spanya\u2019da hastaneye kald\u0131r\u0131ld\u0131"},"content":{"rendered":"<p>Norve\u00e7 Kraliyet Saray\u0131, bir a\u00e7\u0131klama yay\u0131nlayarak e\u015fi Krali\u00e7e Sonja ile birlikte \u0130spanya\u2019da tatilde olan 89 ya\u015f\u0131ndaki Kral Harald\u2019\u0131n hastaneye kald\u0131r\u0131ld\u0131\u011f\u0131n\u0131 duyurdu.<\/p>\n<p><strong>KRAL HARALD&#8217;IN DURUMU \u0130Y\u0130<\/strong><\/p>\n<p>Saray taraf\u0131ndan yay\u0131nlanan a\u00e7\u0131klamada Kral Harald\u2019\u0131n durumunun iyi oldu\u011fu belirtildi.<\/p>\n<p>A\u00e7\u0131klamada, Kral\u0131n \u00f6zel hekiminin de Tenerife\u2019ye gidece\u011fi bilgisi payla\u015f\u0131ld\u0131.<\/p>\n<p>Sal\u0131 ak\u015fam\u0131 hastaneye kald\u0131r\u0131lan Kral\u0131n sa\u011fl\u0131k durumuna ili\u015fkin bir g\u00fcncellemenin, durum de\u011ferlendirmesinin ard\u0131ndan bug\u00fcn payla\u015f\u0131laca\u011f\u0131 bildirildi.<\/p>\n<p>Norve\u00e7 Ba\u015fbakan\u0131 Jonas Gahr Store, konuya ili\u015fkin olarak \u00fclke bas\u0131n\u0131na yapt\u0131\u011f\u0131 a\u00e7\u0131klamada <em><b>&#8220;Kral\u0131m\u0131z\u0131n h\u0131zl\u0131 bir \u015fekilde sa\u011fl\u0131\u011f\u0131na kavu\u015fmas\u0131n\u0131 temenni ediyorum&#8221;<\/b><\/em> dedi.<\/p>\n<p><img decoding=\"async\" src=\"https:\/\/bihavadis.com\/wp-content\/uploads\/2026\/03\/norvec-krali-harald-ispanyada-hastaneye-kaldirildi-0-7U6sghOx.jpg\"\/><\/p>\n<p><strong>GE\u00c7\u0130C\u0130 KALP P\u0130L\u0130 TAKILMI\u015eTI<\/strong><\/p>\n<p>1991\u2019de babas\u0131 V. Olav\u2019\u0131n \u00f6l\u00fcm\u00fc ile tahta \u00e7\u0131kan Harald, Avrupa\u2019n\u0131n hayattaki en ya\u015fl\u0131 h\u00fck\u00fcmdar\u0131 unvan\u0131n\u0131 elinde bulunduruyor.<\/p>\n<p>Harald, 2024 senesinde Malezya\u2019da tatildeyken yine bir enfeksiyon nedeniyle hastaneye kald\u0131r\u0131lm\u0131\u015f ve oradaki hastanede kendisine ge\u00e7ici bir kalp pili tak\u0131lm\u0131\u015ft\u0131.<\/p>\n<p>Kral, daha sonra Norve\u00e7\u2019e nakledilmi\u015f ve burada kal\u0131c\u0131 bir cihaz yerle\u015ftirilmi\u015fti.<\/p>\n<div> <span><strong>Kaynak:<\/strong> \u0130hlas Haber Ajans\u0131 (\u0130HA)<\/span> <\/div>\n","protected":false},"excerpt":{"rendered":"<p>Norve\u00e7 Kraliyet Saray\u0131, bir a\u00e7\u0131klama yay\u0131nlayarak e\u015fi Krali\u00e7e Sonja ile birlikte \u0130spanya\u2019da tatilde olan 89 ya\u015f\u0131ndaki Kral Harald\u2019\u0131n hastaneye kald\u0131r\u0131ld\u0131\u011f\u0131n\u0131 duyurdu. KRAL HARALD&#8217;IN DURUMU \u0130Y\u0130 Saray taraf\u0131ndan yay\u0131nlanan a\u00e7\u0131klamada Kral Harald\u2019\u0131n &#8230;<\/p>\n","protected":false},"author":1,"featured_media":65480,"comment_status":"open","ping_status":"open","sticky":false,"template":"","format":"standard","meta":{"footnotes":""},"categories":[6],"tags":[2488],"class_list":["post-65479","post","type-post","status-publish","format-standard","has-post-thumbnail","hentry","category-dunya","tag-kral"],"_links":{"self":[{"href":"https:\/\/bihavadis.com\/index.php\/wp-json\/wp\/v2\/posts\/65479","targetHints":{"allow":["GET"]}}],"collection":[{"href":"https:\/\/bihavadis.com\/index.php\/wp-json\/wp\/v2\/posts"}],"about":[{"href":"https:\/\/bihavadis.com\/index.php\/wp-json\/wp\/v2\/types\/post"}],"author":[{"embeddable":true,"href":"https:\/\/bihavadis.com\/index.php\/wp-json\/wp\/v2\/users\/1"}],"replies":[{"embeddable":true,"href":"https:\/\/bihavadis.com\/index.php\/wp-json\/wp\/v2\/comments?post=65479"}],"version-history":[{"count":1,"href":"https:\/\/bihavadis.com\/index.php\/wp-json\/wp\/v2\/posts\/65479\/revisions"}],"predecessor-version":[{"id":65482,"href":"https:\/\/bihavadis.com\/index.php\/wp-json\/wp\/v2\/posts\/65479\/revisions\/65482"}],"wp:featuredmedia":[{"embeddable":true,"href":"https:\/\/bihavadis.com\/index.php\/wp-json\/wp\/v2\/media\/65480"}],"wp:attachment":[{"href":"https:\/\/bihavadis.com\/index.php\/wp-json\/wp\/v2\/media?parent=65479"}],"wp:term":[{"taxonomy":"category","embeddable":true,"href":"https:\/\/bihavadis.com\/index.php\/wp-json\/wp\/v2\/categories?post=65479"},{"taxonomy":"post_tag","embeddable":true,"href":"https:\/\/bihavadis.com\/index.php\/wp-json\/wp\/v2\/tags?post=65479"}],"curies":[{"name":"wp","href":"https:\/\/api.w.org\/{rel}","templated":true}]}}