{"id":65483,"date":"2026-03-08T06:21:09","date_gmt":"2026-03-08T06:21:09","guid":{"rendered":"https:\/\/bihavadis.com\/?p=65483"},"modified":"2026-03-08T06:21:09","modified_gmt":"2026-03-08T06:21:09","slug":"manisada-yagisli-hava-kazaya-sebep-oldu","status":"publish","type":"post","link":"https:\/\/bihavadis.com\/index.php\/2026\/03\/08\/manisada-yagisli-hava-kazaya-sebep-oldu\/","title":{"rendered":"Manisa&#8217;da Ya\u011f\u0131\u015fl\u0131 Hava Kazaya Sebep Oldu"},"content":{"rendered":"<p>\n<p>MAN\u0130SA&#8217;n\u0131n Kula il\u00e7esinde ya\u011f\u0131\u015fl\u0131 havan\u0131n etkisiyle kayganla\u015fan yolda bir otomobil \u00f6nce ref\u00fcje, ard\u0131ndan yol kenar\u0131ndaki bariyerlere \u00e7arpt\u0131. Kazaya yapan otomobile, ayn\u0131 y\u00f6nde seyreden bir ba\u015fka otomobilin \u00e7arpmas\u0131 sonucu 2 ki\u015fi yaraland\u0131.<\/p>\n<p>Kaza, saat 21.00 s\u0131ralar\u0131nda \u0130zmir \u2013 Ankara D300 kara yolu Selendi Kav\u015fa\u011f\u0131 yak\u0131nlar\u0131nda meydana geldi. Ya\u011f\u0131\u015fl\u0131 hava nedeniyle Ali Hakan Y.&#8217;nin kontrol\u00fcn\u00fc kaybetti\u011fi 20 BDR 08 plakal\u0131 otomobil, ref\u00fcje ve ard\u0131ndan yol kenar\u0131ndaki bariyerlere \u00e7arparak durabildi. Ayn\u0131 y\u00f6nde seyir halinde olan Erdal \u0130., y\u00f6netimindeki 64 AAD 333 plakal\u0131 otomobil, kazaya kar\u0131\u015fan otomobile \u00e7arpt\u0131. \u00c7arp\u0131\u015fma sonucu 64 AAD 333 plakal\u0131 otomobilin s\u00fcr\u00fcc\u00fcs\u00fc kazay\u0131 yara almadan atlat\u0131rken, yan\u0131nda yolcu olarak bulunan Muhammet Emin \u0130. ve di\u011fer otomobilin s\u00fcr\u00fcc\u00fcs\u00fc yaraland\u0131. \u00c7evredeki vatanda\u015flar\u0131n ihbar\u0131 \u00fczerine kaza yerine itfaiye, ambulans ve polis ekipleri sevk edildi. \u0130ki yaral\u0131, ilk m\u00fcdahalelerinin ard\u0131ndan Kula Devlet Hastanesine kald\u0131r\u0131ld\u0131. Tedaviye al\u0131nan yaral\u0131lar\u0131n hayati tehlikelerinin bulunmad\u0131\u011f\u0131 \u00f6\u011frenildi.<\/p>\n<p>Kaza ile ilgili soru\u015fturma ba\u015flat\u0131ld\u0131. <\/p>\n","protected":false},"excerpt":{"rendered":"<p>Kula&#8217;da kaygan yolda meydana gelen kazada 2 ki\u015fi yaraland\u0131, soru\u015fturma ba\u015flat\u0131ld\u0131.<\/p>\n","protected":false},"author":1,"featured_media":65484,"comment_status":"open","ping_status":"open","sticky":false,"template":"","format":"standard","meta":{"footnotes":""},"categories":[9,4,13],"tags":[283,280,703,531],"class_list":["post-65483","post","type-post","status-publish","format-standard","has-post-thumbnail","hentry","category-genel","category-gundem","category-son-dakika","tag-kaza","tag-otomobil","tag-yara","tag-yol"],"_links":{"self":[{"href":"https:\/\/bihavadis.com\/index.php\/wp-json\/wp\/v2\/posts\/65483","targetHints":{"allow":["GET"]}}],"collection":[{"href":"https:\/\/bihavadis.com\/index.php\/wp-json\/wp\/v2\/posts"}],"about":[{"href":"https:\/\/bihavadis.com\/index.php\/wp-json\/wp\/v2\/types\/post"}],"author":[{"embeddable":true,"href":"https:\/\/bihavadis.com\/index.php\/wp-json\/wp\/v2\/users\/1"}],"replies":[{"embeddable":true,"href":"https:\/\/bihavadis.com\/index.php\/wp-json\/wp\/v2\/comments?post=65483"}],"version-history":[{"count":1,"href":"https:\/\/bihavadis.com\/index.php\/wp-json\/wp\/v2\/posts\/65483\/revisions"}],"predecessor-version":[{"id":65485,"href":"https:\/\/bihavadis.com\/index.php\/wp-json\/wp\/v2\/posts\/65483\/revisions\/65485"}],"wp:featuredmedia":[{"embeddable":true,"href":"https:\/\/bihavadis.com\/index.php\/wp-json\/wp\/v2\/media\/65484"}],"wp:attachment":[{"href":"https:\/\/bihavadis.com\/index.php\/wp-json\/wp\/v2\/media?parent=65483"}],"wp:term":[{"taxonomy":"category","embeddable":true,"href":"https:\/\/bihavadis.com\/index.php\/wp-json\/wp\/v2\/categories?post=65483"},{"taxonomy":"post_tag","embeddable":true,"href":"https:\/\/bihavadis.com\/index.php\/wp-json\/wp\/v2\/tags?post=65483"}],"curies":[{"name":"wp","href":"https:\/\/api.w.org\/{rel}","templated":true}]}}