{"id":65535,"date":"2026-03-08T07:06:06","date_gmt":"2026-03-08T07:06:06","guid":{"rendered":"https:\/\/bihavadis.com\/?p=65535"},"modified":"2026-03-08T07:06:06","modified_gmt":"2026-03-08T07:06:06","slug":"saglikta-siddet-soru-onergesine-saglik-bakani-bes-aydir-yanit-vermedi","status":"publish","type":"post","link":"https:\/\/bihavadis.com\/index.php\/2026\/03\/08\/saglikta-siddet-soru-onergesine-saglik-bakani-bes-aydir-yanit-vermedi\/","title":{"rendered":"\u201cSa\u011fl\u0131kta \u015eiddet Soru \u00d6nergesine Sa\u011fl\u0131k Bakan\u0131 Be\u015f Ayd\u0131r Yan\u0131t Vermedi !\u201d"},"content":{"rendered":"<p>Cumhuriyet Halk Partisi Bursa Milletvekili ve T\u00fcrkiye B\u00fcy\u00fck Millet Meclisi (TBMM) Sa\u011fl\u0131k, Aile, \u00c7al\u0131\u015fma ve Sosyal \u0130\u015fler Komisyonu \u00fcyesi Dr. Kay\u0131han Pala; sa\u011fl\u0131kta \u015fiddetin \u00f6nlenmesine ili\u015fkin Sa\u011fl\u0131k Bakan\u0131 Dr. Kemal Memi\u015fo\u011flu\u2019nun yan\u0131tlamas\u0131 istemiyle 7 Ekim 2025 g\u00fcn\u00fc bir soru \u00f6nergesi sundu.<\/p>\n<p>\u201c\u00dclkemizde sa\u011fl\u0131k \u00e7al\u0131\u015fanlar\u0131na y\u00f6nelik \u015fiddet vakalar\u0131 her ge\u00e7en g\u00fcn artmakta, uzun s\u00fcredir y\u00fcr\u00fct\u00fclen \u00e7al\u0131\u015fmalara ra\u011fmen bu endi\u015fe verici tabloya kal\u0131c\u0131 bir \u00e7\u00f6z\u00fcm \u00fcretilememektedir\u201d c\u00fcmlesiyle ba\u015flayan \u00f6nergede, TBMM\u2019nin 24. Yasama D\u00f6nemi\u2019nde haz\u0131rlanan ve Ocak 2013\u2019te yay\u0131mlanan ara\u015ft\u0131rma komisyonu raporundaki 66 maddelik \u00f6nerilerin b\u00fcy\u00fck k\u0131sm\u0131n\u0131n uygulanmad\u0131\u011f\u0131na, ayr\u0131ca sa\u011fl\u0131kta \u015fiddet verilerinin d\u00fczenli ve \u015feffaf bi\u00e7imde payla\u015f\u0131lmad\u0131\u011f\u0131na dikkat \u00e7ekildi.<\/p>\n<p><b>Dr. Kay\u0131han Pala\u2019n\u0131n soru \u00f6nergesinde hangi maddeler var?<\/b><\/p>\n<p>Sa\u011fl\u0131kta \u015fiddet sorununa ili\u015fkin Ekim 2023 ve A\u011fustos 2024 tarihlerinde sunulan iki soru \u00f6nergesine de gerekli ve yeterli yan\u0131tlar al\u0131namad\u0131\u011f\u0131 belirtilen \u00f6nergede, Sa\u011fl\u0131k Bakan\u0131 Dr. Kemal Memi\u015fo\u011flu\u2019nun yan\u0131tlamas\u0131 istemiyle \u015fu sorular soruldu: Komisyon raporunda yer alan 66 \u00f6neriden bug\u00fcne kadar ka\u00e7 tanesi hayata ge\u00e7irilmi\u015ftir? Bakanl\u0131\u011f\u0131n\u0131z\u0131n bu \u00f6nerilerin uygulanmas\u0131na ili\u015fkin haz\u0131rlad\u0131\u011f\u0131 bir rapor bulunmakta m\u0131d\u0131r? Komisyonun \u201c\u00d6rg\u00fctsel\/Kurumsal Fakt\u00f6rlere ve Cezalara Y\u00f6nelik \u00d6nerileri\u201d kapsam\u0131nda bug\u00fcne kadar neler yap\u0131lm\u0131\u015ft\u0131r? Komisyonun \u201cToplumsal ve \u00c7evresel Fakt\u00f6rlere Y\u00f6nelik \u00d6nerileri\u201d kapsam\u0131nda bug\u00fcne kadar neler yap\u0131lm\u0131\u015ft\u0131r? Komisyonun \u201cTaraflar\u0131n (Hizmet Sunan ve Alan) \u00d6zellikleri, Etkile\u015fimleri ve \u0130leti\u015fimlerine Y\u00f6nelik \u00c7\u00f6z\u00fcm \u00d6nerileri\u201d kapsam\u0131nda bug\u00fcne kadar neler yap\u0131lm\u0131\u015ft\u0131r? 2013-2024 y\u0131llar\u0131nda y\u0131llara g\u00f6re Beyaz Kod say\u0131s\u0131 ka\u00e7t\u0131r? 2013-2024 y\u0131llar\u0131nda y\u0131llara g\u00f6re Beyaz Kod verilen olgular\u0131n; Sa\u011fl\u0131k hizmeti sunumu basamaklar\u0131na g\u00f6re, kamu\/\u00f6zel sekt\u00f6r sa\u011fl\u0131k kurulu\u015flar\u0131na g\u00f6re, hizmet sunulan birimlere (acil servis, poliklinik, klinik vb.) g\u00f6re, cinsiyete ve ya\u015f grubuna g\u00f6re, sa\u011fl\u0131k mesleklerine g\u00f6re, illere g\u00f6re, \u015fiddetin t\u00fcr\u00fcne g\u00f6re, da\u011f\u0131l\u0131mlar\u0131 nedir? Bakanl\u0131\u011f\u0131n\u0131z acil servis ba\u015fvuru say\u0131lar\u0131 ile Beyaz Kod ba\u015fvurular\u0131 aras\u0131ndaki ili\u015fkiyi izleyen, \u00f6l\u00e7en ve de\u011ferlendiren herhangi bir \u00e7al\u0131\u015fma y\u00fcr\u00fctmekte midir? 2013-2024 y\u0131llar\u0131 aras\u0131nda, y\u0131llara g\u00f6re Beyaz Kod olaylar\u0131n\u0131n ka\u00e7\u0131 i\u00e7in hukuki i\u015flem ba\u015flat\u0131lm\u0131\u015ft\u0131r? Ayn\u0131 d\u00f6nemde hukuki i\u015flem ba\u015flat\u0131lan sa\u011fl\u0131kta \u015fiddet olgular\u0131n\u0131n y\u0131llara g\u00f6re ka\u00e7\u0131, hangi kararlarla sonu\u00e7lanm\u0131\u015ft\u0131r? 2023 y\u0131l\u0131nda uygulamaya konulaca\u011f\u0131 duyurulan \u201cSa\u011fl\u0131kta \u015eiddete Kar\u015f\u0131 Eylem Plan\u0131\u201d hangi a\u015famadad\u0131r? Sa\u011fl\u0131kta \u015fiddet verilerinin Sa\u011fl\u0131k \u0130statistik Y\u0131ll\u0131klar\u0131 gibi kamuoyuyla d\u00fczenli olarak payla\u015f\u0131lan raporlara eklenmesine dair bir plan bulunmakta m\u0131d\u0131r?<\/p>\n<p>TTB\u2019nin a\u00e7\u0131klamas\u0131nda \u015fu ifadelere yer verildi, \u201d\u00a0Sa\u011fl\u0131k Bakan\u0131 Dr. Kemal Memi\u015fo\u011flu ise soru \u00f6nergesini TBMM \u0130\u00e7 T\u00fcz\u00fc\u011f\u00fc\u2019nde belirlenen on be\u015f g\u00fcnl\u00fck s\u00fcrede yan\u0131tlamad\u0131\u011f\u0131 gibi; aradan ge\u00e7en be\u015f ayda da hi\u00e7bir ad\u0131m atmad\u0131, hi\u00e7bir a\u00e7\u0131klama yapmad\u0131. T\u00fcrk Tabipleri Birli\u011fi\u2019nin (TTB) \u015eubat 2022\u2019de TBMM\u2019de grubu bulunan siyasi partilere sundu\u011fu sa\u011fl\u0131kta \u015fiddet kanun teklifi de TTB\u2019nin ve tabip odalar\u0131n\u0131n t\u00fcm a\u00e7\u0131klama, \u00e7a\u011fr\u0131 ve giri\u015fimlerine kar\u015f\u0131n d\u00f6rt y\u0131ld\u0131r TBMM Genel Kurulu g\u00fcndemine gelmedi.<\/p>\n<p>TTB\u2019nin haz\u0131rlad\u0131\u011f\u0131 kanun teklifi; \u015fiddet faillerine y\u00f6nelik cezalar\u0131n art\u0131r\u0131lmas\u0131, T\u00fcrk Ceza Kanunu\u2019nda \u015fiddet ba\u015fl\u0131\u011f\u0131 ile ayr\u0131 bir su\u00e7 kategorisi tan\u0131mlanmas\u0131, su\u00e7lar\u0131n infaz\u0131nda h\u00fckm\u00fcn a\u00e7\u0131klanmas\u0131n\u0131n geri b\u0131rak\u0131lmas\u0131 ve denetimli serbestlik uygulamalar\u0131n\u0131n kald\u0131r\u0131lmas\u0131, sa\u011fl\u0131k kurulu\u015flar\u0131na silahla girilmesinin yasal d\u00fczenlemelerle engellenmesi gibi d\u00fczenlemeler i\u00e7eriyor. TTB ve tabip odalar\u0131, kanun teklifi \u00e7er\u00e7evesinde \u00e7\u00f6z\u00fcme y\u00f6nelik somut ad\u0131mlar at\u0131lmas\u0131 i\u00e7in TBMM\u2019deki t\u00fcm siyasi partilerin katk\u0131 vermesini bekliyor. (BSHA \u2013 Bilim ve Sa\u011fl\u0131k Haber Ajans\u0131)<\/p>\n","protected":false},"excerpt":{"rendered":"<p>Sa\u011fl\u0131kta \u015fiddet giderek t\u0131rman\u0131rken, T\u00fcrk Tabipleri Birli\u011fi Sa\u011fl\u0131k Bakan\u0131 Memi\u015fo\u011flu&#8217;nun sa\u011fl\u0131kta \u015fiddetle ilgili soru \u00f6nergesine yan\u0131t vermedi\u011fini savundu.<\/p>\n","protected":false},"author":1,"featured_media":65536,"comment_status":"open","ping_status":"open","sticky":false,"template":"","format":"standard","meta":{"footnotes":""},"categories":[11],"tags":[157,7497,1998,5341,3586],"class_list":["post-65535","post","type-post","status-publish","format-standard","has-post-thumbnail","hentry","category-saglik","tag-saglik","tag-saglikta-siddet","tag-soru","tag-tbmm","tag-yonelik"],"_links":{"self":[{"href":"https:\/\/bihavadis.com\/index.php\/wp-json\/wp\/v2\/posts\/65535","targetHints":{"allow":["GET"]}}],"collection":[{"href":"https:\/\/bihavadis.com\/index.php\/wp-json\/wp\/v2\/posts"}],"about":[{"href":"https:\/\/bihavadis.com\/index.php\/wp-json\/wp\/v2\/types\/post"}],"author":[{"embeddable":true,"href":"https:\/\/bihavadis.com\/index.php\/wp-json\/wp\/v2\/users\/1"}],"replies":[{"embeddable":true,"href":"https:\/\/bihavadis.com\/index.php\/wp-json\/wp\/v2\/comments?post=65535"}],"version-history":[{"count":1,"href":"https:\/\/bihavadis.com\/index.php\/wp-json\/wp\/v2\/posts\/65535\/revisions"}],"predecessor-version":[{"id":65537,"href":"https:\/\/bihavadis.com\/index.php\/wp-json\/wp\/v2\/posts\/65535\/revisions\/65537"}],"wp:featuredmedia":[{"embeddable":true,"href":"https:\/\/bihavadis.com\/index.php\/wp-json\/wp\/v2\/media\/65536"}],"wp:attachment":[{"href":"https:\/\/bihavadis.com\/index.php\/wp-json\/wp\/v2\/media?parent=65535"}],"wp:term":[{"taxonomy":"category","embeddable":true,"href":"https:\/\/bihavadis.com\/index.php\/wp-json\/wp\/v2\/categories?post=65535"},{"taxonomy":"post_tag","embeddable":true,"href":"https:\/\/bihavadis.com\/index.php\/wp-json\/wp\/v2\/tags?post=65535"}],"curies":[{"name":"wp","href":"https:\/\/api.w.org\/{rel}","templated":true}]}}