{"id":65583,"date":"2026-03-08T07:42:12","date_gmt":"2026-03-08T07:42:12","guid":{"rendered":"https:\/\/bihavadis.com\/?p=65583"},"modified":"2026-03-08T07:42:12","modified_gmt":"2026-03-08T07:42:12","slug":"tahrandaki-askeri-tesiste-yangin","status":"publish","type":"post","link":"https:\/\/bihavadis.com\/index.php\/2026\/03\/08\/tahrandaki-askeri-tesiste-yangin\/","title":{"rendered":"Tahran&#8217;daki askeri tesiste yang\u0131n"},"content":{"rendered":"<p> \u0130ran&#8217;\u0131n ba\u015fkenti Tahran&#8217;da bir askeri tesis i\u00e7inde bulunan marangoz at\u00f6lyesinde b\u00fcy\u00fck bir yang\u0131n \u00e7\u0131kt\u0131. <\/p>\n<p>\u0130ddiaya g\u00f6re, Kuddusi Caddesi&#8217;ndeki askeri tesis i\u00e7erisinde bulunan 300 metrekarelik marangoz at\u00f6lyesinde elektrik konta\u011f\u0131 nedeniyle yang\u0131n meydana geldi. Tahran \u0130tfaiye Te\u015fkilat\u0131 S\u00f6zc\u00fcs\u00fc Celal Maleki, konuya ili\u015fkin yapt\u0131\u011f\u0131 a\u00e7\u0131klamada, &#8220;Bu ak\u015fam saat 19.00 s\u0131ralar\u0131nda Kuddusi Caddesi&#8217;nde bulunan bir marangoz at\u00f6lyesinde yang\u0131n \u00e7\u0131kt\u0131. Yang\u0131n, at\u00f6lyenin at\u0131k b\u00f6l\u00fcm\u00fcnde meydana geldi. Olayda herhangi bir yaralanma ya\u015fanmad\u0131. \u0130tfaiye ekiplerinin h\u0131zl\u0131 m\u00fcdahalesiyle yang\u0131n k\u0131sa s\u00fcrede kontrol alt\u0131na al\u0131nd\u0131&#8221; ifadelerini kulland\u0131.<\/p>\n<p><b>PATLAMA SES\u0130 \u0130DD\u0130ASI<\/b><\/p>\n<p>\u00d6te yandan sosyal medyada payla\u015f\u0131lan g\u00f6r\u00fcnt\u00fclerde alevlerin ve yo\u011fun duman\u0131n y\u00fckseldi\u011fi g\u00f6r\u00fcl\u00fcrken, g\u00f6rg\u00fc tan\u0131klar\u0131 yang\u0131n \u00f6ncesinde b\u00f6lgede \u015fiddetli bir patlama sesi duyuldu\u011funu iddia etti. <\/p>\n","protected":false},"excerpt":{"rendered":"<p>\u0130ran&#8217;\u0131n ba\u015fkenti Tahran&#8217;da bir askeri tesis b\u00fcy\u00fck bir yang\u0131n \u00e7\u0131kt\u0131. Payla\u015f\u0131lan g\u00f6r\u00fcnt\u00fclerde alevlerin ve yo\u011fun duman\u0131n y\u00fckseldi\u011fi g\u00f6r\u00fcl\u00fcrken, g\u00f6rg\u00fc tan\u0131klar\u0131 yang\u0131n \u00f6ncesinde b\u00f6lgede \u015fiddetli bir patlama sesi duyuldu\u011funu iddia etti.<\/p>\n","protected":false},"author":1,"featured_media":65584,"comment_status":"open","ping_status":"open","sticky":false,"template":"","format":"standard","meta":{"footnotes":""},"categories":[6],"tags":[600],"class_list":["post-65583","post","type-post","status-publish","format-standard","has-post-thumbnail","hentry","category-dunya","tag-yangin"],"_links":{"self":[{"href":"https:\/\/bihavadis.com\/index.php\/wp-json\/wp\/v2\/posts\/65583","targetHints":{"allow":["GET"]}}],"collection":[{"href":"https:\/\/bihavadis.com\/index.php\/wp-json\/wp\/v2\/posts"}],"about":[{"href":"https:\/\/bihavadis.com\/index.php\/wp-json\/wp\/v2\/types\/post"}],"author":[{"embeddable":true,"href":"https:\/\/bihavadis.com\/index.php\/wp-json\/wp\/v2\/users\/1"}],"replies":[{"embeddable":true,"href":"https:\/\/bihavadis.com\/index.php\/wp-json\/wp\/v2\/comments?post=65583"}],"version-history":[{"count":1,"href":"https:\/\/bihavadis.com\/index.php\/wp-json\/wp\/v2\/posts\/65583\/revisions"}],"predecessor-version":[{"id":65585,"href":"https:\/\/bihavadis.com\/index.php\/wp-json\/wp\/v2\/posts\/65583\/revisions\/65585"}],"wp:featuredmedia":[{"embeddable":true,"href":"https:\/\/bihavadis.com\/index.php\/wp-json\/wp\/v2\/media\/65584"}],"wp:attachment":[{"href":"https:\/\/bihavadis.com\/index.php\/wp-json\/wp\/v2\/media?parent=65583"}],"wp:term":[{"taxonomy":"category","embeddable":true,"href":"https:\/\/bihavadis.com\/index.php\/wp-json\/wp\/v2\/categories?post=65583"},{"taxonomy":"post_tag","embeddable":true,"href":"https:\/\/bihavadis.com\/index.php\/wp-json\/wp\/v2\/tags?post=65583"}],"curies":[{"name":"wp","href":"https:\/\/api.w.org\/{rel}","templated":true}]}}