{"id":65769,"date":"2026-03-08T09:42:07","date_gmt":"2026-03-08T09:42:07","guid":{"rendered":"https:\/\/bihavadis.com\/?p=65769"},"modified":"2026-03-08T09:42:07","modified_gmt":"2026-03-08T09:42:07","slug":"bagcilarda-kavga-kiraci-bicaklandi-hayatini-kaybetti","status":"publish","type":"post","link":"https:\/\/bihavadis.com\/index.php\/2026\/03\/08\/bagcilarda-kavga-kiraci-bicaklandi-hayatini-kaybetti\/","title":{"rendered":"Ba\u011fc\u0131lar&#8217;da Kavga: Kirac\u0131 B\u0131\u00e7akland\u0131, Hayat\u0131n\u0131 Kaybetti"},"content":{"rendered":"<p>\n<p> Ba\u011fc\u0131lar&#8217;da ev sahibi ve kirac\u0131 aras\u0131nda &#8216;evden \u00e7\u0131kma&#8217; tart\u0131\u015fmas\u0131na aileler de dahil oldu. Ev sahibi ailenin teklifiyle anla\u015fmak i\u00e7in bulu\u015fan taraflar aras\u0131nda kavga \u00e7\u0131kt\u0131. Kavgada ev sahibinin erkek karde\u015fi, evde 10 y\u0131ld\u0131r kirac\u0131 olan Neytullah Bilmez&#8217;in o\u011flu Aziz Lokman Bilmez&#8217;i (24) kalbinden b\u0131\u00e7aklad\u0131. Y\u00fczde 83 g\u00f6rme engelli oldu\u011fu \u00f6\u011frenilen Bilmez yo\u011fun bak\u0131ma al\u0131nd\u0131. 6 ay yo\u011fun bak\u0131mda tedavi g\u00f6ren ve d\u00fcn ak\u015fam hayat\u0131n\u0131 kaybetti. Aziz Lokman Bilmez&#8217;in a\u011fabeyi Bilal Bilmez &#8220;Biz de olay\u0131n tam fark\u0131nda de\u011filiz. Araban\u0131n i\u00e7ine girerken karde\u015fim &#8216;Ben b\u0131\u00e7akland\u0131m&#8217; diyor. Karde\u015fimi hastaneye g\u00f6t\u00fcrmemize izin vermediler. \u00d6n\u00fcm\u00fcz\u00fc kestiler, arabay\u0131 par\u00e7alad\u0131lar. Arkam\u0131zdan, &#8216;Bu \u00e7ocuk burada \u00f6lecek&#8217; ba\u011f\u0131r\u0131yorlard\u0131&#8221; dedi. <\/p>\n<p>Olay, 29 A\u011fustos 2025 tarihinde Ba\u011fc\u0131lar&#8217;da meydana geldi. Edinilen bilgiye g\u00f6re, ev sahibi Hasan Ceylan yakla\u015f\u0131k 10 y\u0131ld\u0131r kirac\u0131s\u0131 olan Bilmez ailesinin daireden \u00e7\u0131kmas\u0131n\u0131 istedi. Aile, s\u00fcre talep ederek evi tahliye edece\u011fini s\u00f6yledi taraflar aras\u0131nda anla\u015fma sa\u011fland\u0131. Olay g\u00fcn\u00fc di\u015f a\u011fr\u0131s\u0131 nedeniyle eczaneye giden kirac\u0131 Neytullah Bilmez, yolda ev sahibinin karde\u015fi Ahmet Ceylan ile kar\u015f\u0131la\u015ft\u0131. Ceylan, &#8216;Bu evden \u00e7\u0131kacaks\u0131n&#8221; diyerek ba\u011f\u0131rd\u0131. Neytullah Bilmez ise, &#8216;Muhatab\u0131m ev sahibi Hasan&#8217;d\u0131r&#8217; diye kar\u015f\u0131l\u0131k verdi. Ya\u015fanan tart\u0131\u015fma k\u0131sa s\u00fcrede kavgaya d\u00f6n\u00fc\u015ft\u00fc. Kirac\u0131 Neytullah Bilmez ev sahibinin karde\u015fi ve yan\u0131ndaki ki\u015filer taraf\u0131ndan sokak ortas\u0131nda darbedildi. Neytullah Bilmez ise o\u011flu Bilal Bilmez&#8217;i arayarak yard\u0131m istedi ve beraber eve gittiler. Ard\u0131ndan ev sahibi kirac\u0131n\u0131n evine gelerek olay\u0131n unutulmas\u0131n\u0131 ve tatl\u0131ya ba\u011flanmas\u0131n\u0131 istedi. Kirac\u0131 Bilmez ailesi ise olay\u0131n uzamamas\u0131 i\u00e7in ev sahibi Hasan Ceylan&#8217;\u0131n &#8220;Biz gidiyoruz, siz de arkam\u0131zdan geliyorsan\u0131z gelin yar\u0131m saat sonra bar\u0131\u015fal\u0131m, olay\u0131 tatl\u0131ya ba\u011flayal\u0131m&#8221; teklifini kabul etti.<\/p>\n<p>\u0130K\u0130 A\u0130LE BARI\u015eMAK \u0130\u00c7\u0130N BULU\u015eTU <\/p>\n<p>Kirac\u0131 ailenin konu\u015fmak i\u00e7in soka\u011fa gelmesinin ard\u0131ndan ev sahibi Hasan Ceylan&#8217;\u0131n karde\u015fi Ahmet Ceylan, Neytullah Bilmez &#8216;in karde\u015fi \u0130dris Bilmez&#8217;e elini kald\u0131rarak hakaret ve k\u00fcf\u00fcr etmeye ba\u015flad\u0131. Bar\u0131\u015fmak i\u00e7in biraraya gelen iki aile aras\u0131ndaki tart\u0131\u015fma kavgaya d\u00f6n\u00fc\u015ft\u00fc. <\/p>\n<p>BI\u00c7AKLADILAR; HASTANEYE G\u00d6T\u00dcR\u00dcLMES\u0130N D\u0130YE ARACIN \u00d6N\u00dcN\u00dc KEST\u0130LER<\/p>\n<p>\u0130ddiaya g\u00f6re, kavga s\u0131ras\u0131nda ev sahibinin di\u011fer karde\u015fi Fatih Ceylan Neytullah Bilmez&#8217;in o\u011flu Aziz Bilmez&#8217;i kalbinden b\u0131\u00e7aklad\u0131. Ailenin &#8220;\u00c7ocuk b\u0131\u00e7akland\u0131; b\u0131rak\u0131n hastaneye g\u00f6t\u00fcrelim&#8221; uyar\u0131lar\u0131na ra\u011fmen b\u0131\u00e7akl\u0131 sald\u0131rgan ve yan\u0131ndakiler yaral\u0131 gencin bulundu\u011fu arac\u0131n yolunu keserek camlar\u0131n\u0131 k\u0131rd\u0131; araca \u00e7eki\u00e7 f\u0131rlatt\u0131. \u0130ddiaya g\u00f6re b\u0131\u00e7akl\u0131 sald\u0131rgan Fatih Ceylan ve yan\u0131ndaki sald\u0131rganlar &#8220;Bu \u00e7ocuk burada \u00f6lecek, hastaneye gitmeyecek&#8221; diyerek arac\u0131 engelledi. A\u011f\u0131r yaral\u0131 olarak hastaneye kald\u0131r\u0131lan ve 30 A\u011fustos&#8217;tan bu yana yo\u011fun bak\u0131mda ya\u015fam m\u00fccadelesi veren Aziz Lokman Bilmez, d\u00fcn ak\u015fam saatlerinde hayat\u0131n\u0131 kaybetti. Y\u00fczde 83 g\u00f6rme engeli bulunan Aziz Lokman Bilmez&#8217;in ailesi o\u011fullar\u0131n\u0131n cenazesini Adli T\u0131p Kurumu&#8217;ndan ald\u0131. Aziz Lokman Bilmez&#8217;in annesi bayg\u0131nl\u0131k ge\u00e7irdi. Sald\u0131rgan Fatih Ceylan&#8217;\u0131n ise tutukland\u0131\u011f\u0131, Ahmet Ceylan ve Hasan Ceylan hakk\u0131nda ise adli kontrol h\u00fck\u00fcmleri uygulanarak ev hapsi karar\u0131 verildi\u011fi \u00f6\u011frenildi. <\/p>\n<p>&#8216;BABAM DARBED\u0130L\u0130NCE BEN\u0130 ARADI; OLAYI ANLAMAYA \u00c7ALI\u015eTIM&#8217; <\/p>\n<p>\u00d6len Aziz Lokman Bilmez&#8217;in a\u011fabeyi Bilal Bilmez, &#8220;6 ay \u00f6nce, bu olay\u0131n oldu\u011fu g\u00fcn; Ev sahibimiz babam\u0131 aray\u0131p dedi ki &#8216;Evimden \u00e7\u0131k\u0131n, biz ge\u00e7ece\u011fiz&#8217; Biz de dedik ki &#8216;bize biraz m\u00fchlet verin, bu depremde bu durumda biz yer bulamay\u0131z&#8217; Anla\u015ft\u0131k. Sonra babam\u0131n di\u015fi a\u011fr\u0131yor; babam eczaneye gidiyor. Eczaneden gelirken yol \u00fcst\u00fcnde ev sahibinin karde\u015fi babam\u0131n \u00f6n\u00fcne \u00e7\u0131k\u0131yor, d\u00fckkan\u0131n \u00f6n\u00fcne \u00e7\u0131k\u0131yor. \u00c7ekiyorlar babam\u0131 k\u00f6\u015feye. Babam &#8216;Bak benim di\u015fim a\u011fr\u0131yor, benim muhatab\u0131m ev sahibi. Sen karde\u015fisin, Benim muhatab\u0131m Hasan.&#8217; diyor Bunlar\u0131n aras\u0131nda git gel oluyor. Sonra babam diyor ki &#8216;Ben gidiyorum, benim di\u015fim a\u011fr\u0131yor.&#8217; Babam arkas\u0131n\u0131 d\u00f6nerken arkas\u0131ndan ev sahibinin karde\u015fi ba\u011f\u0131r\u0131yor &#8216;Sen bu evden \u00e7\u0131kacaks\u0131n.&#8217; diye ba\u011f\u0131r\u0131yor. Biz ev sahibiyle anla\u015fm\u0131\u015f\u0131z zaten. Babam da diyor ki &#8216;Ben eve gidiyorum, sen de gel o zaman.&#8217; Ondan sonra babam arkas\u0131n\u0131 d\u00f6n\u00fcyor, babam\u0131 orada d\u00f6v\u00fcyorlar. Babam\u0131n buralar\u0131 komple k\u0131pk\u0131rm\u0131z\u0131 olmu\u015f, mosmor olmu\u015f her taraf\u0131. Benim bildi\u011fim 1-2 ki\u015fi ona vuruyor. Babam da ya\u015fl\u0131 bir insan, \u00f6yle gen\u00e7 bir insan da de\u011fil. Babam darbedilince beni ar\u0131yor. Ben gidiyorum babam\u0131 al\u0131p evin kap\u0131s\u0131na b\u0131rak\u0131yorum. Orada olay\u0131 anlamaya \u00e7al\u0131\u015f\u0131yorum&#8221; dedi.<\/p>\n<p>&#8216;KARDE\u015e\u0130M &#8220;BI\u00c7AKLANDIM&#8221; DED\u0130; BI\u00c7AK KALBE 1,5 CM KADAR G\u0130RM\u0130\u015e&#8217; <\/p>\n<p>Bilmez, &#8220;Ev sahibi de o s\u0131rada bizim kap\u0131n\u0131n \u00f6n\u00fcne geliyor yan\u0131nda 2-3 ki\u015fiyle \u00f6z\u00fcr dilemek i\u00e7in. Biz diyoruz ki &#8216;B\u00f6yle bir \u015feyin \u00f6zr\u00fc olmaz. Biz \u015fikayet\u00e7i olmaya gidece\u011fiz&#8217; dedik. Ev sahibi de, &#8216;Karde\u015fim orada, gidin ne yap\u0131yorsan\u0131z yap\u0131n&#8217; diyor. &#8216;Biz vah\u015fi insanlar de\u011filiz, bizim \u00f6yle \u015feylerle i\u015fimiz yok. Biz darp raporu almaya gidece\u011fiz.&#8217;diyoruz. Arabaya binece\u011fimiz s\u0131rada bize dediler ki &#8216;Biz gidiyoruz, siz de arkam\u0131zdan geliyorsan\u0131z gelin yar\u0131m saat sonra bar\u0131\u015fal\u0131m, olay\u0131 tatl\u0131ya ba\u011flayal\u0131m&#8217; dediler. Biz de &#8216;Olay uzamas\u0131n bir\u015fey olmas\u0131n&#8217; Sonra biz oraya do\u011fru gittik. Biz daha arabadan inmeden, Hasan Ceylan&#8217;\u0131n karde\u015fi babam\u0131 d\u00f6ven ki\u015fi, amcam \u0130dris Bilmez&#8217;e elini kald\u0131rarak a\u011fza al\u0131nmayacak hakaretler, k\u00fcf\u00fcrler etti. El kol hareketleri yap\u0131yor k\u00fcfrediyor. &#8216;B\u0131\u00e7a\u011f\u0131m\u0131 getirin, silah\u0131m\u0131 getirin, ben bunlar\u0131 \u00f6ld\u00fcrece\u011fim&#8217; diyor. Biz de arabadan indik. Silah deyince biz de korktuk. Olay an\u0131 da \u00f6yle geli\u015fti. Karde\u015fim bizden bir ara ayr\u0131ld\u0131.Fatih Ceylan, onlar\u0131n k\u00fc\u00e7\u00fck karde\u015fi muhtemelen, i\u00e7eriden b\u0131\u00e7ak almaya gitmi\u015f. B\u0131\u00e7ak alm\u0131\u015f. Karde\u015fimle araban\u0131n arkas\u0131nda bo\u011fu\u015fuyorlarm\u0131\u015f, kalbinden b\u0131\u00e7aklad\u0131. Biz de olay\u0131n tam fark\u0131nda de\u011filiz. Araban\u0131n i\u00e7ine girerken karde\u015fim diyor ki &#8216;Ben b\u0131\u00e7akland\u0131m&#8217; Biz arabaya koyuyoruz karde\u015fimi. Tam biz \u00e7\u0131kmaya yakla\u015f\u0131yoruz, ba\u011f\u0131r\u0131yorum diyorum ki &#8216;Durun bak \u00e7ocuk b\u0131\u00e7aklanm\u0131\u015f&#8217; Dinlemiyorlar. Arabay\u0131 par\u00e7alad\u0131lar, \u00f6n\u00fcm\u00fcz\u00fc kestiler. Araban\u0131n \u00f6n\u00fcne \u00e7eki\u00e7 f\u0131rlat\u0131yorlar. Her\u015feyi yapt\u0131lar, ara\u00e7 parampar\u00e7a oldu. Ba\u011f\u0131r\u0131yorlard\u0131 arkam\u0131zdan &#8216;Bu \u00e7ocuk burada \u00f6lecek.&#8217; diyorlard\u0131. Vurmaya devam edip b\u0131rakmad\u0131lar hastaneye gidelim. Bu kira konular\u0131nda m\u00fcmk\u00fcn mertebe art\u0131k bir el ats\u0131nlar. Bir s\u00fcr\u00fc insan ma\u011fdur oldu bu konularda&#8221; dedi.<\/p>\n<p>&#8216;AZ\u0130Z MELEK G\u0130B\u0130 B\u0130R \u00c7OCUKTU&#8217; <\/p>\n<p>Aziz Lokman Bilmez &#8216;in day\u0131s\u0131 S\u00fcleyman Yaman ise, &#8220;Aziz 24 ya\u015f\u0131ndayd\u0131, \u00f6yle bir \u00e7ocuktu ki melek gibiydi. \u015eimdiye kadar b\u00fct\u00fcn b\u00f6lge biliyor, o \u00e7ocu\u011fun hi\u00e7 kimseye zarar\u0131 olmam\u0131\u015f. 10 y\u0131la yak\u0131n o evdeler kirac\u0131lar. Ev sahibi &#8216;\u00c7\u0131kacaks\u0131n\u0131z, ben gelece\u011fim&#8217; demi\u015f &#8216;Tamam \u00e7\u0131kaca\u011f\u0131z&#8217; demi\u015fler. &#8216;Bana birka\u00e7 g\u00fcn m\u00fcsaade edin ev bulay\u0131m&#8217; ev sahibi de &#8216;Tamam&#8217; demi\u015f m\u00fchlet vermi\u015fler. \u00c7ocu\u011fun babas\u0131 di\u015f hastanesine giderken yolunu kesmi\u015fler &#8216;Sen niye \u00e7\u0131kmad\u0131n&#8217; diye. Abim &#8216;Evimden \u00e7\u0131k, hemen \u00e7\u0131kacaks\u0131n e\u015fyan\u0131 d\u0131\u015far\u0131 ataca\u011f\u0131z&#8217; .\u00f6zlerine kar\u015f\u0131l\u0131k &#8216;Birka\u00e7 g\u00fcn m\u00fchlet vereceksiniz bana&#8217; demi\u015f, &#8216;Yok e\u015fyas\u0131n\u0131 hemen d\u0131\u015far\u0131 ataca\u011f\u0131z, soka\u011fa ataca\u011f\u0131z&#8217; demi\u015fler. O y\u00fczden kavga olmu\u015f. Aziz&#8217;in kalbine b\u0131\u00e7ak vurmu\u015flar. Amcas\u0131n\u0131n arabas\u0131yla hastaneye g\u00f6t\u00fcrecekler, bunlar \u00e7ete gibi yolu kesmi\u015fler, arabay\u0131 da parampar\u00e7a etmi\u015fler.&#8217;Bu \u00e7ocuk burada \u00f6lecek, hastaneye gitmeyecek&#8217; demi\u015fler. O zaman kan beyne gitmiyor, beyin kendini kilitliyor. 6 ayd\u0131r yo\u011fun bak\u0131mdayd\u0131. D\u00fcn ak\u015fam vefat etti. Birisi demi\u015f &#8216;Ben vurdum&#8217; o cezaevindedir, di\u011ferlerine ev hapsi verilmi\u015f. Evin sahibisin, tamam kirac\u0131ya &#8216;\u00c7\u0131k&#8217; diyorsun, m\u00fchlet vermiyorsun. &#8216;Ev sahibiyim ya bu kadar para vereceksin ya e\u015fyan\u0131 ayn\u0131 g\u00fcnden soka\u011fa ataca\u011f\u0131m&#8217; B\u00f6yle i\u015f mi olur. Bilerek katlettiler. Adalet Bakanl\u0131\u011f\u0131 el ats\u0131n bu durumlara. Heryerde maalesef bu ev sahibi kirac\u0131 olaylar\u0131 var&#8221; diye konu\u015ftu. <\/p>\n","protected":false},"excerpt":{"rendered":"<p>Ev sahibi ve kirac\u0131 aras\u0131ndaki tart\u0131\u015fma kavgaya d\u00f6n\u00fc\u015ft\u00fc; 24 ya\u015f\u0131ndaki Aziz Lokman Bilmez b\u0131\u00e7akland\u0131.<\/p>\n","protected":false},"author":1,"featured_media":65770,"comment_status":"open","ping_status":"open","sticky":false,"template":"","format":"standard","meta":{"footnotes":""},"categories":[9,4,13],"tags":[7500,3363,1618,3037,4400],"class_list":["post-65769","post","type-post","status-publish","format-standard","has-post-thumbnail","hentry","category-genel","category-gundem","category-son-dakika","tag-bilmez","tag-bicak","tag-ev-sahibi","tag-gel","tag-kardesi"],"_links":{"self":[{"href":"https:\/\/bihavadis.com\/index.php\/wp-json\/wp\/v2\/posts\/65769","targetHints":{"allow":["GET"]}}],"collection":[{"href":"https:\/\/bihavadis.com\/index.php\/wp-json\/wp\/v2\/posts"}],"about":[{"href":"https:\/\/bihavadis.com\/index.php\/wp-json\/wp\/v2\/types\/post"}],"author":[{"embeddable":true,"href":"https:\/\/bihavadis.com\/index.php\/wp-json\/wp\/v2\/users\/1"}],"replies":[{"embeddable":true,"href":"https:\/\/bihavadis.com\/index.php\/wp-json\/wp\/v2\/comments?post=65769"}],"version-history":[{"count":1,"href":"https:\/\/bihavadis.com\/index.php\/wp-json\/wp\/v2\/posts\/65769\/revisions"}],"predecessor-version":[{"id":65771,"href":"https:\/\/bihavadis.com\/index.php\/wp-json\/wp\/v2\/posts\/65769\/revisions\/65771"}],"wp:featuredmedia":[{"embeddable":true,"href":"https:\/\/bihavadis.com\/index.php\/wp-json\/wp\/v2\/media\/65770"}],"wp:attachment":[{"href":"https:\/\/bihavadis.com\/index.php\/wp-json\/wp\/v2\/media?parent=65769"}],"wp:term":[{"taxonomy":"category","embeddable":true,"href":"https:\/\/bihavadis.com\/index.php\/wp-json\/wp\/v2\/categories?post=65769"},{"taxonomy":"post_tag","embeddable":true,"href":"https:\/\/bihavadis.com\/index.php\/wp-json\/wp\/v2\/tags?post=65769"}],"curies":[{"name":"wp","href":"https:\/\/api.w.org\/{rel}","templated":true}]}}