{"id":65796,"date":"2026-03-08T10:03:07","date_gmt":"2026-03-08T10:03:07","guid":{"rendered":"https:\/\/bihavadis.com\/?p=65796"},"modified":"2026-03-08T10:03:07","modified_gmt":"2026-03-08T10:03:07","slug":"zohran-mamdani-sahur-oncesi-polislerle-bulustu-dua-etti","status":"publish","type":"post","link":"https:\/\/bihavadis.com\/index.php\/2026\/03\/08\/zohran-mamdani-sahur-oncesi-polislerle-bulustu-dua-etti\/","title":{"rendered":"Zohran Mamdani sahur \u00f6ncesi polislerle bulu\u015ftu, dua etti"},"content":{"rendered":"<p>T\u00fcm d\u00fcnyada Ramazan co\u015fkusu ya\u015fan\u0131yor&#8230;<\/p>\n<p>Ramazan ay\u0131n\u0131 \u0130slam alemi sevin\u00e7le kar\u015f\u0131larken,\u00a0New York&#8217;un se\u00e7ilmi\u015f ilk M\u00fcsl\u00fcman Belediye Ba\u015fkan\u0131 Zohran Mamdani de sahur \u00f6ncesi M\u00fcsl\u00fcman polis memurlar\u0131yla bir araya geldi.<\/p>\n<p><strong>DUA ETT\u0130<\/strong><\/p>\n<p>Mamdani, sahur \u00f6ncesi M\u00fcsl\u00fcman polis memurlar\u0131yla bulu\u015ftu.<\/p>\n<p>Sahura ba\u015flamadan \u00f6nce polis memurlar\u0131yla birlikte dua eden Mamdani, akabinde de polislerle sahurunu yapt\u0131.\u00a0<\/p>\n<p><img decoding=\"async\" src=\"https:\/\/bihavadis.com\/wp-content\/uploads\/2026\/03\/zohran-mamdani-sahur-oncesi-polislerle-bulustu-dua-etti-0-5QxPBYY2.jpg\"\/><\/p>\n<p><strong>KR\u0130Z MERKEZ\u0130NE G\u0130TT\u0130<\/strong><\/p>\n<p>Zohran Mamdani, kar f\u0131rt\u0131nas\u0131n\u0131n ya\u015fand\u0131\u011f\u0131 \u015fehirde sahurunu kriz merkezinde bulunan M\u00fcsl\u00fcman personelle a\u00e7t\u0131 ve bu vesileyle de kriz merkezini ziyaret etmi\u015f oldu.\u00a0<\/p>\n<p><strong>\u0130FTAR DAVETLER\u0130NE KATILIYOR<\/strong><\/p>\n<p>Mamdani, g\u00f6rev gelmesinin ard\u0131ndan ya\u015fanan ilk Ramazan ay\u0131nda \u015fehirdeki farkl\u0131 M\u00fcsl\u00fcman topluluklarla iftarlara kat\u0131l\u0131yor.\u00a0<\/p>\n<p><img decoding=\"async\" src=\"https:\/\/bihavadis.com\/wp-content\/uploads\/2026\/03\/zohran-mamdani-sahur-oncesi-polislerle-bulustu-dua-etti-1-GDN9Ciwh.jpg\"\/><\/p>\n<p><strong>\u0130LK G\u00d6\u00c7MEN M\u00dcSL\u00dcMAN BA\u015eKAN<\/strong><\/p>\n<p>Zohran Mamdani&#8217;yi se\u00e7im s\u00fcrecinde en \u00e7ok destekleyen siyaset\u00e7ilerden biri olan Temsilciler Meclisi \u00dcyesi Alexandria Ocasio-Cortez, yemin t\u00f6reninde yapt\u0131\u011f\u0131 konu\u015fmada, &#8220;<em><b>New York \u015fehri i\u00e7in yeni bir d\u00f6nemin ba\u015flang\u0131c\u0131&#8221; <\/b><\/em>oldu\u011funu dile getirmi\u015fti.\u00a0<\/p>\n<p>Cortez,<em><b> &#8220;New York&#8217;ta korku yerine cesareti se\u00e7tik. Az\u0131nl\u0131\u011f\u0131n ganimetleri yerine \u00e7o\u011funlu\u011fun refah\u0131n\u0131 se\u00e7tik.&#8221;<\/b><\/em> demi\u015fti.\u00a0<\/p>\n<p><em><b>&#8220;Zohran Mamdani, bu muhte\u015fem \u015fehrimizin ilk M\u00fcsl\u00fcman Belediye Ba\u015fkan\u0131 olacak.&#8221;<\/b><\/em> diyen Cortez, ayr\u0131ca Mamdani&#8217;nin bir g\u00f6\u00e7men \u015fehir olarak bilinen New York&#8217;un son 50 y\u0131ll\u0131k tarihinde &#8220;<em><b>bu g\u00f6revi \u00fcstlenen ilk g\u00f6\u00e7men belediye ba\u015fkan\u0131&#8221;<\/b><\/em> oldu\u011funa dikkati \u00e7ekmi\u015fti.\u00a0<\/p>\n<p><img decoding=\"async\" src=\"https:\/\/bihavadis.com\/wp-content\/uploads\/2026\/03\/zohran-mamdani-sahur-oncesi-polislerle-bulustu-dua-etti-2-g1YxHzdx.jpg\"\/> <\/p>\n<div> <span><strong>Kaynak:<\/strong> Ensonhaber Haber Merkezi<\/span> <\/div>\n","protected":false},"excerpt":{"rendered":"<p>T\u00fcm d\u00fcnyada Ramazan co\u015fkusu ya\u015fan\u0131yor&#8230; Ramazan ay\u0131n\u0131 \u0130slam alemi sevin\u00e7le kar\u015f\u0131larken,\u00a0New York&#8217;un se\u00e7ilmi\u015f ilk M\u00fcsl\u00fcman Belediye Ba\u015fkan\u0131 Zohran Mamdani de sahur \u00f6ncesi M\u00fcsl\u00fcman polis memurlar\u0131yla bir araya geldi. DUA ETT\u0130 Mamdani, sahur \u00f6ncesi &#8230;<\/p>\n","protected":false},"author":1,"featured_media":65797,"comment_status":"open","ping_status":"open","sticky":false,"template":"","format":"standard","meta":{"footnotes":""},"categories":[6],"tags":[1344,6848,5263],"class_list":["post-65796","post","type-post","status-publish","format-standard","has-post-thumbnail","hentry","category-dunya","tag-mamdani","tag-musluman","tag-sahur"],"_links":{"self":[{"href":"https:\/\/bihavadis.com\/index.php\/wp-json\/wp\/v2\/posts\/65796","targetHints":{"allow":["GET"]}}],"collection":[{"href":"https:\/\/bihavadis.com\/index.php\/wp-json\/wp\/v2\/posts"}],"about":[{"href":"https:\/\/bihavadis.com\/index.php\/wp-json\/wp\/v2\/types\/post"}],"author":[{"embeddable":true,"href":"https:\/\/bihavadis.com\/index.php\/wp-json\/wp\/v2\/users\/1"}],"replies":[{"embeddable":true,"href":"https:\/\/bihavadis.com\/index.php\/wp-json\/wp\/v2\/comments?post=65796"}],"version-history":[{"count":1,"href":"https:\/\/bihavadis.com\/index.php\/wp-json\/wp\/v2\/posts\/65796\/revisions"}],"predecessor-version":[{"id":65801,"href":"https:\/\/bihavadis.com\/index.php\/wp-json\/wp\/v2\/posts\/65796\/revisions\/65801"}],"wp:featuredmedia":[{"embeddable":true,"href":"https:\/\/bihavadis.com\/index.php\/wp-json\/wp\/v2\/media\/65797"}],"wp:attachment":[{"href":"https:\/\/bihavadis.com\/index.php\/wp-json\/wp\/v2\/media?parent=65796"}],"wp:term":[{"taxonomy":"category","embeddable":true,"href":"https:\/\/bihavadis.com\/index.php\/wp-json\/wp\/v2\/categories?post=65796"},{"taxonomy":"post_tag","embeddable":true,"href":"https:\/\/bihavadis.com\/index.php\/wp-json\/wp\/v2\/tags?post=65796"}],"curies":[{"name":"wp","href":"https:\/\/api.w.org\/{rel}","templated":true}]}}