{"id":6580,"date":"2026-01-30T17:27:06","date_gmt":"2026-01-30T17:27:06","guid":{"rendered":"https:\/\/bihavadis.com\/?p=6580"},"modified":"2026-01-30T17:27:06","modified_gmt":"2026-01-30T17:27:06","slug":"hakan-fidan-tom-barracki-kabul-etti","status":"publish","type":"post","link":"https:\/\/bihavadis.com\/index.php\/2026\/01\/30\/hakan-fidan-tom-barracki-kabul-etti\/","title":{"rendered":"Hakan Fidan, Tom Barrack&#8217;\u0131 kabul etti"},"content":{"rendered":"<p>Suriye&#8217;de tarihi g\u00fcnler&#8230;\u00a0<\/p>\n<p>10 Mart 2025&#8217;teki Suriye h\u00fck\u00fcmeti ve SDG aras\u0131ndaki entegrasyon mutabakat\u0131na uymayan ter\u00f6ristlere y\u00f6nelik b\u00fcy\u00fck bir operasyon ba\u015flat\u0131ld\u0131.<\/p>\n<p>Suriye ordusunun 16 Ocak\u2019ta F\u0131rat Nehri\u2019nin bat\u0131s\u0131ndaki b\u00f6lgelerde ba\u015flatt\u0131\u011f\u0131 operasyon daha sonra nehrin do\u011fusunda a\u015firetlerin de kat\u0131l\u0131m\u0131yla geni\u015fledi.<\/p>\n<p>\u00d6rg\u00fct i\u015fgalindeki topraklar\u0131n b\u00fcy\u00fck b\u00f6l\u00fcm\u00fc, Suriye y\u00f6netiminin kontrol\u00fcne girdi.<\/p>\n<p><strong>ANKARA&#8217;DA KR\u0130T\u0130K G\u00d6R\u00dc\u015eME<\/strong><\/p>\n<p>Bu s\u00fcre\u00e7te \u00f6nemli bir g\u00f6r\u00fc\u015fme ger\u00e7ekle\u015fti.<\/p>\n<p>D\u0131\u015fi\u015fleri Bakan\u0131 Hakan Fidan, ABD&#8217;nin Ankara B\u00fcy\u00fckel\u00e7isi ve Suriye \u00d6zel Temsilcisi Tom Barrack&#8217;\u0131 Ankara&#8217;da kabul etti.<\/p>\n<p>Diplomatik kaynaklar\u0131ndan edinilen bilgiye g\u00f6re, Bakan Fidan, ABD&#8217;nin Ankara B\u00fcy\u00fckel\u00e7isi ve Suriye \u00d6zel Temsilcisi Barrack ile Ankara&#8217;da bir araya geldi.<\/p>\n<p><img decoding=\"async\" src=\"https:\/\/bihavadis.com\/wp-content\/uploads\/2026\/01\/hakan-fidan-tom-barracki-kabul-etti-0-zYnWP5G3.jpg\"\/><\/p>\n<p><strong>SUR\u0130YE&#8217;DEK\u0130 SON DURUM ELE ALINDI<\/strong><\/p>\n<p>Bakan Fidan ve Tom Barrack g\u00f6r\u00fc\u015fmesinde, Suriye&#8217;de ya\u015fanan son durum ele al\u0131nd\u0131.<\/p>\n<p>SDG\/YPG&#8217;ye kar\u015f\u0131 operasyonlar, Suriye ordusu taraf\u0131ndan ba\u015far\u0131yla s\u00fcrd\u00fcr\u00fcld\u00fc.\u00a0<\/p>\n<p>\u0130kinci kez masaya oturan taraflar, yeni bir mutabakatla birlikte ate\u015fkeste anla\u015ft\u0131.<\/p>\n<p>T\u00fcm Suriye&#8217;yi kontrol alt\u0131na almak i\u00e7in harekete ge\u00e7en Suriye ordusu, SDG kontrol\u00fcndeki illeri tek tek kontrol alt\u0131na al\u0131yor.<\/p>\n","protected":false},"excerpt":{"rendered":"<p>Hakan Fidan, T\u00fcrkiye&#8217;nin ABD B\u00fcy\u00fckel\u00e7isi ve Suriye \u00d6zel Temsilcisi Tom Barrack&#8217;\u0131 kabul etti.<\/p>\n","protected":false},"author":1,"featured_media":6581,"comment_status":"open","ping_status":"open","sticky":false,"template":"","format":"standard","meta":{"footnotes":""},"categories":[9,13],"tags":[377,361],"class_list":["post-6580","post","type-post","status-publish","format-standard","has-post-thumbnail","hentry","category-genel","category-son-dakika","tag-ankara","tag-suriye"],"_links":{"self":[{"href":"https:\/\/bihavadis.com\/index.php\/wp-json\/wp\/v2\/posts\/6580","targetHints":{"allow":["GET"]}}],"collection":[{"href":"https:\/\/bihavadis.com\/index.php\/wp-json\/wp\/v2\/posts"}],"about":[{"href":"https:\/\/bihavadis.com\/index.php\/wp-json\/wp\/v2\/types\/post"}],"author":[{"embeddable":true,"href":"https:\/\/bihavadis.com\/index.php\/wp-json\/wp\/v2\/users\/1"}],"replies":[{"embeddable":true,"href":"https:\/\/bihavadis.com\/index.php\/wp-json\/wp\/v2\/comments?post=6580"}],"version-history":[{"count":1,"href":"https:\/\/bihavadis.com\/index.php\/wp-json\/wp\/v2\/posts\/6580\/revisions"}],"predecessor-version":[{"id":6583,"href":"https:\/\/bihavadis.com\/index.php\/wp-json\/wp\/v2\/posts\/6580\/revisions\/6583"}],"wp:featuredmedia":[{"embeddable":true,"href":"https:\/\/bihavadis.com\/index.php\/wp-json\/wp\/v2\/media\/6581"}],"wp:attachment":[{"href":"https:\/\/bihavadis.com\/index.php\/wp-json\/wp\/v2\/media?parent=6580"}],"wp:term":[{"taxonomy":"category","embeddable":true,"href":"https:\/\/bihavadis.com\/index.php\/wp-json\/wp\/v2\/categories?post=6580"},{"taxonomy":"post_tag","embeddable":true,"href":"https:\/\/bihavadis.com\/index.php\/wp-json\/wp\/v2\/tags?post=6580"}],"curies":[{"name":"wp","href":"https:\/\/api.w.org\/{rel}","templated":true}]}}