{"id":65802,"date":"2026-03-08T10:06:08","date_gmt":"2026-03-08T10:06:08","guid":{"rendered":"https:\/\/bihavadis.com\/?p=65802"},"modified":"2026-03-08T10:06:08","modified_gmt":"2026-03-08T10:06:08","slug":"bagcilarda-kariyer-ve-istihdam-bulusmasi","status":"publish","type":"post","link":"https:\/\/bihavadis.com\/index.php\/2026\/03\/08\/bagcilarda-kariyer-ve-istihdam-bulusmasi\/","title":{"rendered":"Ba\u011fc\u0131lar&#8217;da Kariyer ve \u0130stihdam Bulu\u015fmas\u0131"},"content":{"rendered":"<p>\n<p>BA\u011eCILAR Belediyesi, i\u015f arayanlarla i\u015f verenleri bir araya getirmek amac\u0131yla 2026 Kariyer ve \u0130stihdam Bulu\u015fmas\u0131 d\u00fczenlendi. Sa\u011fl\u0131ktan turizme kadar 6 farkl\u0131 sekt\u00f6rden 16 firman\u0131n kat\u0131ld\u0131\u011f\u0131 program istihdam f\u0131rsatlar\u0131n\u0131n art\u0131r\u0131lmas\u0131na y\u00f6nelik \u00f6nemli katk\u0131 sundu. \u0130stihdam konusunda vatanda\u015flar\u0131n yan\u0131nda olduklar\u0131n s\u00f6yleyen Ba\u011fc\u0131lar Belediye Ba\u015fkan\u0131 Yasin Y\u0131ld\u0131z, &#8220;2025 y\u0131l\u0131 boyunca 1750 vatanda\u015f\u0131m\u0131z\u0131n istihdam edilmesine vesile olduk&#8221; dedi.<\/p>\n<p> Ba\u011fc\u0131lar Belediyesi Kariyer Merkezi, i\u015f ihtiyac\u0131 olan il\u00e7e sakinlerini istihdam etmeye devam ediyor. Bu kapsamda 2026 Kariyer ve \u0130stihdam Bulu\u015fmas\u0131 ger\u00e7ekle\u015ftirildi. Ba\u015fkanl\u0131k Sahnesi&#8217;nde ger\u00e7ekle\u015ftiren etkinli\u011fe 6 farkl\u0131 sekt\u00f6rden 16 firma kat\u0131ld\u0131. <\/p>\n<p>HEM MAV\u0130 HEM BEYAZ YAKALILAR B\u0130R ARADA<\/p>\n<p>Kariyer bulu\u015fmas\u0131na sa\u011fl\u0131k, turizm, sanayi, g\u0131da, g\u00fcvenlik ve hizmet sekt\u00f6rlerinden temsilciler kat\u0131ld\u0131. Alan\u0131nda T\u00fcrkiye&#8217;nin en iyilerinden olan firmalar\u0131n insan kaynaklar\u0131 y\u00f6neticileri de bulu\u015fmada haz\u0131r bulundu. Ayr\u0131ca engelli personel al\u0131m\u0131 yapan firmalarda bulu\u015fmada yer ald\u0131. Etkinlik kapsam\u0131nda firmalar hem mavi yaka hem de beyaz yaka pozisyonlar i\u00e7in personel ihtiya\u00e7lar\u0131n\u0131 dile getirdi. Ayn\u0131 zamanda kat\u0131l\u0131mc\u0131lar CV&#8217;lerini do\u011frudan insan kaynaklar\u0131 yetkililerine iletme ve birebir g\u00f6r\u00fc\u015fme f\u0131rsat\u0131 buldu. <\/p>\n<p>\u0130HT\u0130YACA Y\u00d6NEL\u0130K G\u00d6R\u00dc\u015eMELER YAPILDI<\/p>\n<p>Etkinlikte firma y\u00f6neticileri taraf\u0131ndan personel ihtiyac\u0131na y\u00f6nelik g\u00f6r\u00fc\u015fmeler ger\u00e7ekle\u015ftirildi. Mavi yaka pozisyonlarda temizlik g\u00f6revlisi, a\u015f\u00e7\u0131 ve a\u015f\u00e7\u0131 yard\u0131mc\u0131s\u0131 gibi alanlarda yo\u011fun talep bulunurken; beyaz yaka adaylar ise mezun olduklar\u0131 b\u00f6l\u00fcmlere uygun idari i\u015fler pozisyonlar\u0131yla ilgilendi. Program sonras\u0131 insan kaynaklar\u0131 yetkilileri, uygun g\u00f6rd\u00fckleri adaylarla etkinlik sonras\u0131nda Kariyer Merkezi arac\u0131l\u0131\u011f\u0131yla ileti\u015fime ge\u00e7erek m\u00fclakat s\u00fcre\u00e7lerini s\u00fcrd\u00fcrecek.<\/p>\n<p>G\u00fcn\u00fcn \u00f6nemli etkinliklerinden biri, Ba\u015fak\u015fehir \u0130\u015eKUR Hizmet Merkezi \u015eube M\u00fcd\u00fcr\u00fc Ahmet Onur Erba\u015f taraf\u0131ndan ger\u00e7ekle\u015ftirilen &#8216;Okul bitti, peki \u015fimdi ne olacak?&#8217; temal\u0131 panel oldu. BKS Sahne&#8217;de yap\u0131lan s\u00f6yle\u015fiye \u00fcniversiteye haz\u0131rlanan gen\u00e7ler ile staj yapan \u00f6\u011frenciler kat\u0131ld\u0131. Panelde Erba\u015f, gen\u00e7lerin i\u015f hayat\u0131na ge\u00e7i\u015f s\u00fcrecine ili\u015fkin merak edilen sorular\u0131 yan\u0131tlad\u0131. <\/p>\n<p>&#8216;H\u0130ZMET SEKT\u00d6R\u00dcNDE PERSONEL \u0130HT\u0130YACI FAZLA&#8217;<\/p>\n<p>Kariyer bulu\u015fmalar\u0131n\u0131n \u00f6nemine vurgu yapan Erba\u015f &#8220;Hizmet sekt\u00f6r\u00fcnde personel arayan firmalar\u0131m\u0131z daha fazla. \u0130\u015f g\u00fcc\u00fc piyasas\u0131nda en \u00f6nemli problemlerden birisi de i\u015f verenle i\u015f arayan\u0131n bir araya gelememesi konusu. Bunun ba\u015fl\u0131ca sebepleri i\u015f verenle i\u015f arayan\u0131n bir araya gelmesinin maliyetli olmas\u0131. Onun i\u00e7in bu etkinliklerin \u00f6nemini bir kez daha anl\u0131yoruz&#8221; dedi.<\/p>\n<p>&#8216;\u0130\u015e SAH\u0130B\u0130 OLANLARIN MUTLULU\u011eU B\u0130Z\u0130 DE MUTLU ED\u0130YOR&#8217;<\/p>\n<p>\u0130stihdam a\u00e7\u0131s\u0131ndan mutluluk verici say\u0131lara ula\u015ft\u0131klar\u0131n\u0131 s\u00f6yleyen Ba\u011fc\u0131lar Belediye Ba\u015fkan\u0131 Yasin Y\u0131ld\u0131z, &#8220;Sosyal sorumluluk gere\u011fi her alanda oldu\u011fu gibi istihdam konusunda da hem\u015fehrilerimizin yan\u0131nday\u0131z. Ba\u011fc\u0131lar Belediyesi Kariyer Merkezimizin y\u00fcr\u00fctt\u00fc\u011f\u00fc g\u00f6r\u00fc\u015fmeler, m\u00fclakatlar ve SMS duyurular\u0131 sayesinde 2025 y\u0131l\u0131 boyunca 1750 vatanda\u015f\u0131m\u0131z\u0131n istihdam edilmesine vesile olduk. Bu y\u0131l d\u00fczenlenen kariyer bulu\u015fmas\u0131n\u0131n da hem i\u015fverenlere nitelikli personel temini hem de i\u015f arayanlar\u0131n \u00e7al\u0131\u015fma hayat\u0131na ad\u0131m atmas\u0131 a\u00e7\u0131s\u0131ndan \u00f6nemli bir etkisi olmas\u0131n\u0131 bekliyoruz&#8221; diye konu\u015ftu. <\/p>\n","protected":false},"excerpt":{"rendered":"<p>Ba\u011fc\u0131lar Belediyesi, 2026 Kariyer ve \u0130stihdam Bulu\u015fmas\u0131 ile i\u015f arayan ve verenleri bir araya getirdi.<\/p>\n","protected":false},"author":1,"featured_media":65803,"comment_status":"open","ping_status":"open","sticky":false,"template":"","format":"standard","meta":{"footnotes":""},"categories":[8],"tags":[3781,1120,395,416,111],"class_list":["post-65802","post","type-post","status-publish","format-standard","has-post-thumbnail","hentry","category-ekonomi","tag-araya","tag-firma","tag-is","tag-istihdam","tag-kariyer"],"_links":{"self":[{"href":"https:\/\/bihavadis.com\/index.php\/wp-json\/wp\/v2\/posts\/65802","targetHints":{"allow":["GET"]}}],"collection":[{"href":"https:\/\/bihavadis.com\/index.php\/wp-json\/wp\/v2\/posts"}],"about":[{"href":"https:\/\/bihavadis.com\/index.php\/wp-json\/wp\/v2\/types\/post"}],"author":[{"embeddable":true,"href":"https:\/\/bihavadis.com\/index.php\/wp-json\/wp\/v2\/users\/1"}],"replies":[{"embeddable":true,"href":"https:\/\/bihavadis.com\/index.php\/wp-json\/wp\/v2\/comments?post=65802"}],"version-history":[{"count":1,"href":"https:\/\/bihavadis.com\/index.php\/wp-json\/wp\/v2\/posts\/65802\/revisions"}],"predecessor-version":[{"id":65804,"href":"https:\/\/bihavadis.com\/index.php\/wp-json\/wp\/v2\/posts\/65802\/revisions\/65804"}],"wp:featuredmedia":[{"embeddable":true,"href":"https:\/\/bihavadis.com\/index.php\/wp-json\/wp\/v2\/media\/65803"}],"wp:attachment":[{"href":"https:\/\/bihavadis.com\/index.php\/wp-json\/wp\/v2\/media?parent=65802"}],"wp:term":[{"taxonomy":"category","embeddable":true,"href":"https:\/\/bihavadis.com\/index.php\/wp-json\/wp\/v2\/categories?post=65802"},{"taxonomy":"post_tag","embeddable":true,"href":"https:\/\/bihavadis.com\/index.php\/wp-json\/wp\/v2\/tags?post=65802"}],"curies":[{"name":"wp","href":"https:\/\/api.w.org\/{rel}","templated":true}]}}