{"id":65822,"date":"2026-03-08T10:21:06","date_gmt":"2026-03-08T10:21:06","guid":{"rendered":"https:\/\/bihavadis.com\/?p=65822"},"modified":"2026-03-08T10:21:06","modified_gmt":"2026-03-08T10:21:06","slug":"cocuklarin-akcigerlerinde-yanan-gorunmez-ates-astim","status":"publish","type":"post","link":"https:\/\/bihavadis.com\/index.php\/2026\/03\/08\/cocuklarin-akcigerlerinde-yanan-gorunmez-ates-astim\/","title":{"rendered":"\u00c7ocuklar\u0131n akci\u011ferlerinde yanan g\u00f6r\u00fcnmez ate\u015f: Ast\u0131m"},"content":{"rendered":"<p>G\u00f6r\u00fcnmeyen ama hi\u00e7 s\u00f6nmeyen bir yang\u0131n\u2026<\/p>\n<p>Ast\u0131m, \u00e7ocuklar\u0131n akci\u011ferlerinde tam olarak b\u00f6yle ilerliyor.<\/p>\n<p>\u015eikayetler azald\u0131\u011f\u0131nda hastal\u0131k ge\u00e7ti san\u0131lsa da solunum yollar\u0131ndaki kronik enflamasyon sessizce devam ediyor.<\/p>\n<p>Medipol Ac\u0131badem B\u00f6lge Hastanesi\u2019nden Do\u00e7. Dr. Serdar Al, bu gizli s\u00fcrecin erken d\u00f6nemde do\u011fru tedaviyle kontrol alt\u0131na al\u0131nmas\u0131 gerekti\u011fine dikkat \u00e7ekiyor.<\/p>\n<p><strong>\u201cSOLUNUM YOLLARINDA SESS\u0130Z B\u0130R YANGIN VAR\u201d<\/strong><\/p>\n<p>Ast\u0131m\u0131n yaln\u0131zca ataklarla s\u0131n\u0131rl\u0131 bir hastal\u0131k olmad\u0131\u011f\u0131n\u0131 vurgulayan Do\u00e7. Dr. Al, tabloyu \u00e7arp\u0131c\u0131 bir benzetmeyle anlat\u0131yor:<\/p>\n<p>Ast\u0131m; sadece \u00f6ks\u00fcr\u00fck, h\u0131r\u0131lt\u0131 ya da nefes darl\u0131\u011f\u0131yla seyreden bir hastal\u0131k de\u011fildir. \u015eik\u00e2yetler olmasa bile akci\u011ferlerde kronik ve s\u00fcre\u011fen bir enflamasyon devam eder. Solunum yollar\u0131nda s\u00fcrekli varl\u0131\u011f\u0131n\u0131 s\u00fcrd\u00fcren sessiz bir yang\u0131n gibidir. Bu yang\u0131n bazen alevlenir, bazen ise yaln\u0131zca duman\u0131yla kendini belli eder.<\/p>\n<p><img decoding=\"async\" src=\"https:\/\/bihavadis.com\/wp-content\/uploads\/2026\/03\/cocuklarin-akcigerlerinde-yanan-gorunmez-ates-astim-0-NOgAdlu9.jpg\"\/><\/p>\n<p><strong>UZUN S\u00dcREL\u0130 TEDAV\u0130 AKC\u0130\u011eERLER\u0130 KORUYOR<\/strong><\/p>\n<p>Do\u00e7. Dr. Al, ast\u0131m tedavisinde as\u0131l hedefin bu yang\u0131n\u0131 s\u00f6nd\u00fcrmek oldu\u011funu vurgulayarak, <em><b>\u201cAst\u0131m tedavisinde mutlaka o enflamasyonu bask\u0131layacak ila\u00e7lar yer almal\u0131. Aksi halde soluk yollar\u0131nda kal\u0131c\u0131 daralmalar geli\u015febilir ve bu durum ya\u015fam kalitesini ciddi \u015fekilde d\u00fc\u015f\u00fcr\u00fcr. <\/b><\/em><\/p>\n<p><em><b>Ast\u0131m tedavisindeki temel amac\u0131m\u0131z \u00e7ocuklar\u0131m\u0131z\u0131n g\u00fcnl\u00fck ya\u015famdan kopmamas\u0131d\u0131r. \u00c7ocuklar\u0131n spor yapabilmesi, beden e\u011fitimi derslerine rahat\u00e7a kat\u0131labilmesi ve uzun vadede akci\u011ferlerinin korunmas\u0131 en b\u00fcy\u00fck hedefimiz\u201d <\/b><\/em>diye konu\u015ftu.<\/p>\n<p><img decoding=\"async\" src=\"https:\/\/bihavadis.com\/wp-content\/uploads\/2026\/03\/cocuklarin-akcigerlerinde-yanan-gorunmez-ates-astim-1-8sJqZ7XG.jpg\"\/><\/p>\n<p><strong>BU \u00c7OCUKLARDA TEDAV\u0130 \u015eART<\/strong><\/p>\n<p>S\u0131k buhar tedavisi gerektiren, y\u0131lda \u00fc\u00e7ten fazla atak ya\u015fayan, a\u011f\u0131zdan ya da damardan kortizon almak zorunda kalan veya hastaneye yat\u0131\u015f\u0131 gereken \u00e7ocuklarda uzun vadeli koruyucu tedavilerin \u015fart oldu\u011funa dikkat \u00e7eken Do\u00e7. Dr. Al, <em><b>\u201cBu tedaviler normal bir ya\u015fam s\u00fcrd\u00fcrmek i\u00e7in kritiktir. \u00c7ocukluk \u00e7a\u011f\u0131nda genellikle alerjik ast\u0131m g\u00f6r\u00fcl\u00fcr. Erken d\u00f6nemde d\u00fczenli tedavi ve takip, ilerleyen ya\u015flarda KOAH gibi ciddi solunum hastal\u0131klar\u0131n\u0131n geli\u015fmesini \u00f6nlemede b\u00fcy\u00fck avantaj sa\u011flar\u201d <\/b><\/em>uyar\u0131s\u0131nda bulundu.<\/p>\n<div> <span><strong>Kaynak:<\/strong> Ensonhaber Haber Merkezi<\/span> <\/div>\n","protected":false},"excerpt":{"rendered":"<p>G\u00f6r\u00fcnmeyen ama hi\u00e7 s\u00f6nmeyen bir yang\u0131n\u2026 Ast\u0131m, \u00e7ocuklar\u0131n akci\u011ferlerinde tam olarak b\u00f6yle ilerliyor. \u015eikayetler azald\u0131\u011f\u0131nda hastal\u0131k ge\u00e7ti san\u0131lsa da solunum yollar\u0131ndaki kronik enflamasyon sessizce devam ediyor. Medipol Ac\u0131badem B\u00f6lge Hastanesi\u2019nden &#8230;<\/p>\n","protected":false},"author":1,"featured_media":65823,"comment_status":"open","ping_status":"open","sticky":false,"template":"","format":"standard","meta":{"footnotes":""},"categories":[11],"tags":[1129,577,600],"class_list":["post-65822","post","type-post","status-publish","format-standard","has-post-thumbnail","hentry","category-saglik","tag-astim","tag-tedavi","tag-yangin"],"_links":{"self":[{"href":"https:\/\/bihavadis.com\/index.php\/wp-json\/wp\/v2\/posts\/65822","targetHints":{"allow":["GET"]}}],"collection":[{"href":"https:\/\/bihavadis.com\/index.php\/wp-json\/wp\/v2\/posts"}],"about":[{"href":"https:\/\/bihavadis.com\/index.php\/wp-json\/wp\/v2\/types\/post"}],"author":[{"embeddable":true,"href":"https:\/\/bihavadis.com\/index.php\/wp-json\/wp\/v2\/users\/1"}],"replies":[{"embeddable":true,"href":"https:\/\/bihavadis.com\/index.php\/wp-json\/wp\/v2\/comments?post=65822"}],"version-history":[{"count":1,"href":"https:\/\/bihavadis.com\/index.php\/wp-json\/wp\/v2\/posts\/65822\/revisions"}],"predecessor-version":[{"id":65826,"href":"https:\/\/bihavadis.com\/index.php\/wp-json\/wp\/v2\/posts\/65822\/revisions\/65826"}],"wp:featuredmedia":[{"embeddable":true,"href":"https:\/\/bihavadis.com\/index.php\/wp-json\/wp\/v2\/media\/65823"}],"wp:attachment":[{"href":"https:\/\/bihavadis.com\/index.php\/wp-json\/wp\/v2\/media?parent=65822"}],"wp:term":[{"taxonomy":"category","embeddable":true,"href":"https:\/\/bihavadis.com\/index.php\/wp-json\/wp\/v2\/categories?post=65822"},{"taxonomy":"post_tag","embeddable":true,"href":"https:\/\/bihavadis.com\/index.php\/wp-json\/wp\/v2\/tags?post=65822"}],"curies":[{"name":"wp","href":"https:\/\/api.w.org\/{rel}","templated":true}]}}