{"id":6587,"date":"2026-01-30T17:33:07","date_gmt":"2026-01-30T17:33:07","guid":{"rendered":"https:\/\/bihavadis.com\/?p=6587"},"modified":"2026-01-30T17:33:07","modified_gmt":"2026-01-30T17:33:07","slug":"iran-disisleri-bakani-arakci-turkiyeye-geliyor","status":"publish","type":"post","link":"https:\/\/bihavadis.com\/index.php\/2026\/01\/30\/iran-disisleri-bakani-arakci-turkiyeye-geliyor\/","title":{"rendered":"\u0130ran D\u0131\u015fi\u015fleri Bakan\u0131 Arak\u00e7i T\u00fcrkiye&#8217;ye geliyor"},"content":{"rendered":"<p>ABD-\u0130ran krizinde T\u00fcrkiye devrede&#8230;<\/p>\n<p>ABD ile \u0130ran aras\u0131ndaki gerginlik t\u0131rman\u0131rken T\u00fcrkiye&#8217;nin diplomasi trafi\u011fi s\u00fcr\u00fcyor.<\/p>\n<p><strong>ARAK\u00c7\u0130 T\u00dcRK\u0130YE&#8217;YE GEL\u0130YOR<\/strong><\/p>\n<p>\u0130ran D\u0131\u015fi\u015fleri Bakan\u0131 Abbas Arak\u00e7i, yar\u0131n Ankara&#8217;ya gelecek.<\/p>\n<p>Arak\u00e7i&#8217;nin D\u0131\u015fi\u015fleri Bakan\u0131 Hakan Fidan&#8217;la ger\u00e7ekle\u015ftirece\u011fi g\u00f6r\u00fc\u015fmede, tansiyonun d\u00fc\u015f\u00fcr\u00fclmesi i\u00e7in diplomatik se\u00e7enekler masada olacak.<\/p>\n<p><img decoding=\"async\" src=\"https:\/\/bihavadis.com\/wp-content\/uploads\/2026\/01\/iran-disisleri-bakani-arakci-turkiyeye-geliyor-0-BklQflLC.jpg\"\/><\/p>\n<p><strong>ABD-\u0130RAN KR\u0130Z\u0130NDE SON DURUM<\/strong><\/p>\n<p>ABD-\u0130ran aras\u0131nda sular bir s\u00fcredir durulmuyor.<\/p>\n<p>ABD Ba\u015fkan\u0131 Donald Trump, sosyal medya platformu Truth \u00fczerinden d\u00fcn yine yeni mesaj verdi.<\/p>\n<p>Basra K\u00f6rfezi&#8217;ne konu\u015fland\u0131r\u0131lan USS Abraham Lincoln u\u00e7ak gemisine ve beraberindeki filoya at\u0131f yapan Trump,<b><em> &#8220;\u0130ran&#8217;a do\u011fru devasa bir armada geliyor. H\u0131zla, b\u00fcy\u00fck bir g\u00fc\u00e7, heves ve ama\u00e7la ilerliyor. Bu filo, Venezuela&#8217;ya g\u00f6nderilen filodan daha b\u00fcy\u00fck.&#8221;<\/em><\/b> ifadelerini kulland\u0131.<\/p>\n<p><img decoding=\"async\" src=\"https:\/\/bihavadis.com\/wp-content\/uploads\/2026\/01\/iran-disisleri-bakani-arakci-turkiyeye-geliyor-1-J4xwLAPj.jpg\"\/><\/p>\n<p><strong>\u0130RAN YANIT VERD\u0130: H\u0130\u00c7 OLMADI\u011eI G\u0130B\u0130 KAR\u015eILIK VER\u0130R\u0130Z<\/strong><\/p>\n<p>\u0130ran&#8217;\u0131n Birle\u015fmi\u015f Milletler Daimi Temsilcili\u011fi, X&#8217;ten payla\u015f\u0131lan a\u00e7\u0131klamayla, ABD Ba\u015fkan\u0131 Donald Trump&#8217;\u0131n \u00fclkelerine y\u00f6nelik askeri tehditlerine, Trump&#8217;\u0131n payla\u015f\u0131m\u0131n\u0131 al\u0131nt\u0131layarak yan\u0131t verdi.<\/p>\n<p>ABD&#8217;nin Irak ve Afganistan&#8217;a kar\u015f\u0131 a\u00e7t\u0131\u011f\u0131 sava\u015flarda 7 trilyon dolar ve binlerce asker kaybetti\u011fine dikkati \u00e7ekilen a\u00e7\u0131klamada, <em><b>&#8220;\u0130ran, kar\u015f\u0131l\u0131kl\u0131 sayg\u0131 ve \u00e7\u0131karlara dayal\u0131 diyalo\u011fa haz\u0131rd\u0131r ancak zorlan\u0131rsa kendini savunacak ve daha \u00f6nce hi\u00e7 olmad\u0131\u011f\u0131 gibi kar\u015f\u0131l\u0131k verecektir.&#8221; <\/b><\/em>ifadelerine yer verildi.<\/p>\n<p>\u0130ran D\u0131\u015fi\u015fleri Bakan\u0131 Abbas Arak\u00e7i, \u0130ran Silahl\u0131 Kuvvetleri&#8217;nin her t\u00fcrl\u00fc sald\u0131rganl\u0131\u011fa kar\u015f\u0131l\u0131k vermek \u00fczere eller tetikte bekledi\u011fini ifade etti.<\/p>\n<p>Arak\u00e7i, <em><b>&#8220;Tahran, \u0130ran\u2019\u0131n haklar\u0131n\u0131 g\u00fcvence alt\u0131na alan ve n\u00fckleer silahlar\u0131n olmayaca\u011f\u0131n\u0131 garanti eden adil bir n\u00fckleer anla\u015fmay\u0131 her zaman memnuniyetle kar\u015f\u0131lam\u0131\u015ft\u0131r.&#8221; <\/b><\/em>dedi.<\/p>\n","protected":false},"excerpt":{"rendered":"<p>ABD-\u0130ran krizinde T\u00fcrkiye devreye girdi. \u0130ran D\u0131\u015fi\u015fleri Bakan\u0131 Abbas Arak\u00e7i yar\u0131n Ankara&#8217;ya gelecek. G\u00f6r\u00fc\u015fmelerde b\u00f6lgedeki son durum ve k\u00fcresel geli\u015fmeler ele al\u0131nacak.<\/p>\n","protected":false},"author":1,"featured_media":6588,"comment_status":"open","ping_status":"open","sticky":false,"template":"","format":"standard","meta":{"footnotes":""},"categories":[9,13],"tags":[272,1545,271],"class_list":["post-6587","post","type-post","status-publish","format-standard","has-post-thumbnail","hentry","category-genel","category-son-dakika","tag-abd","tag-arakci","tag-iran"],"_links":{"self":[{"href":"https:\/\/bihavadis.com\/index.php\/wp-json\/wp\/v2\/posts\/6587","targetHints":{"allow":["GET"]}}],"collection":[{"href":"https:\/\/bihavadis.com\/index.php\/wp-json\/wp\/v2\/posts"}],"about":[{"href":"https:\/\/bihavadis.com\/index.php\/wp-json\/wp\/v2\/types\/post"}],"author":[{"embeddable":true,"href":"https:\/\/bihavadis.com\/index.php\/wp-json\/wp\/v2\/users\/1"}],"replies":[{"embeddable":true,"href":"https:\/\/bihavadis.com\/index.php\/wp-json\/wp\/v2\/comments?post=6587"}],"version-history":[{"count":1,"href":"https:\/\/bihavadis.com\/index.php\/wp-json\/wp\/v2\/posts\/6587\/revisions"}],"predecessor-version":[{"id":6591,"href":"https:\/\/bihavadis.com\/index.php\/wp-json\/wp\/v2\/posts\/6587\/revisions\/6591"}],"wp:featuredmedia":[{"embeddable":true,"href":"https:\/\/bihavadis.com\/index.php\/wp-json\/wp\/v2\/media\/6588"}],"wp:attachment":[{"href":"https:\/\/bihavadis.com\/index.php\/wp-json\/wp\/v2\/media?parent=6587"}],"wp:term":[{"taxonomy":"category","embeddable":true,"href":"https:\/\/bihavadis.com\/index.php\/wp-json\/wp\/v2\/categories?post=6587"},{"taxonomy":"post_tag","embeddable":true,"href":"https:\/\/bihavadis.com\/index.php\/wp-json\/wp\/v2\/tags?post=6587"}],"curies":[{"name":"wp","href":"https:\/\/api.w.org\/{rel}","templated":true}]}}