{"id":65934,"date":"2026-03-08T11:36:44","date_gmt":"2026-03-08T11:36:44","guid":{"rendered":"https:\/\/bihavadis.com\/?p=65934"},"modified":"2026-03-08T11:36:44","modified_gmt":"2026-03-08T11:36:44","slug":"zehra-macide-tanir-13-yilinda-anildi","status":"publish","type":"post","link":"https:\/\/bihavadis.com\/index.php\/2026\/03\/08\/zehra-macide-tanir-13-yilinda-anildi\/","title":{"rendered":"Zehra Macide Tan\u0131r 13. Y\u0131l\u0131nda An\u0131ld\u0131"},"content":{"rendered":"<p>T\u00fcrk E\u011fitim Vakf\u0131 (TEV), usta sanat\u00e7\u0131 ve ba\u011f\u0131\u015f\u00e7\u0131s\u0131 Zehra Macide Tan\u0131r&#8217;\u0131 vefat\u0131n\u0131n 13. y\u0131l d\u00f6n\u00fcm\u00fcnde kabri ba\u015f\u0131nda and\u0131.<\/p>\n<p>TEV&#8217;den yap\u0131lan a\u00e7\u0131klamaya g\u00f6re, Emirgan Mezarl\u0131\u011f\u0131&#8217;ndaki kabri ba\u015f\u0131nda d\u00fczenlenen anma program\u0131na sanat\u00e7\u0131n\u0131n sevenleri, vak\u0131f yetkilileri, ailesi ve dostlar\u0131 kat\u0131ld\u0131.<\/p>\n<p>Cumhuriyet tarihinin yeti\u015ftirdi\u011fi usta oyunculardan Tan\u0131r, sanata ve e\u011fitime b\u0131rakt\u0131\u011f\u0131 kal\u0131c\u0131 miras\u0131, gen\u00e7 ku\u015faklar\u0131n yolunu a\u00e7an deste\u011fi ve ad\u0131n\u0131 ya\u015fatan burs fonu arac\u0131l\u0131\u011f\u0131yla sayg\u0131yla hat\u0131rland\u0131.<\/p>\n<p>Bir \u00f6mre s\u0131\u011fan sahne yolculu\u011funda 50&#8217;nin \u00fczerinde tiyatro oyunu ve projede yer alan Tan\u0131r, t\u00fcm mal varl\u0131\u011f\u0131n\u0131 TEV&#8217;e ba\u011f\u0131\u015flam\u0131\u015ft\u0131.<\/p>\n","protected":false},"excerpt":{"rendered":"<p>TEV, usta sanat\u00e7\u0131 Zehra Macide Tan\u0131r&#8217;\u0131 vefat\u0131n\u0131n 13. y\u0131l\u0131nda anma program\u0131yla and\u0131.<\/p>\n","protected":false},"author":1,"featured_media":65935,"comment_status":"open","ping_status":"open","sticky":false,"template":"","format":"standard","meta":{"footnotes":""},"categories":[9,4,13],"tags":[],"class_list":["post-65934","post","type-post","status-publish","format-standard","has-post-thumbnail","hentry","category-genel","category-gundem","category-son-dakika"],"_links":{"self":[{"href":"https:\/\/bihavadis.com\/index.php\/wp-json\/wp\/v2\/posts\/65934","targetHints":{"allow":["GET"]}}],"collection":[{"href":"https:\/\/bihavadis.com\/index.php\/wp-json\/wp\/v2\/posts"}],"about":[{"href":"https:\/\/bihavadis.com\/index.php\/wp-json\/wp\/v2\/types\/post"}],"author":[{"embeddable":true,"href":"https:\/\/bihavadis.com\/index.php\/wp-json\/wp\/v2\/users\/1"}],"replies":[{"embeddable":true,"href":"https:\/\/bihavadis.com\/index.php\/wp-json\/wp\/v2\/comments?post=65934"}],"version-history":[{"count":1,"href":"https:\/\/bihavadis.com\/index.php\/wp-json\/wp\/v2\/posts\/65934\/revisions"}],"predecessor-version":[{"id":65936,"href":"https:\/\/bihavadis.com\/index.php\/wp-json\/wp\/v2\/posts\/65934\/revisions\/65936"}],"wp:featuredmedia":[{"embeddable":true,"href":"https:\/\/bihavadis.com\/index.php\/wp-json\/wp\/v2\/media\/65935"}],"wp:attachment":[{"href":"https:\/\/bihavadis.com\/index.php\/wp-json\/wp\/v2\/media?parent=65934"}],"wp:term":[{"taxonomy":"category","embeddable":true,"href":"https:\/\/bihavadis.com\/index.php\/wp-json\/wp\/v2\/categories?post=65934"},{"taxonomy":"post_tag","embeddable":true,"href":"https:\/\/bihavadis.com\/index.php\/wp-json\/wp\/v2\/tags?post=65934"}],"curies":[{"name":"wp","href":"https:\/\/api.w.org\/{rel}","templated":true}]}}