{"id":65963,"date":"2026-03-08T12:00:07","date_gmt":"2026-03-08T12:00:07","guid":{"rendered":"https:\/\/bihavadis.com\/?p=65963"},"modified":"2026-03-08T12:00:07","modified_gmt":"2026-03-08T12:00:07","slug":"yeni-cocuk-paketi-calismalari-basladi","status":"publish","type":"post","link":"https:\/\/bihavadis.com\/index.php\/2026\/03\/08\/yeni-cocuk-paketi-calismalari-basladi\/","title":{"rendered":"Yeni \u00c7ocuk Paketi \u00c7al\u0131\u015fmalar\u0131 Ba\u015flad\u0131"},"content":{"rendered":"<p>TBMM Su\u00e7a S\u00fcr\u00fcklenen \u00c7ocuklara \u0130li\u015fkin Ara\u015ft\u0131rma Komisyonu Ba\u015fkan\u0131 ve AK Parti \u0130stanbul Milletvekili M\u00fc\u015ferref Pervin Tuba Durgut, &#8220;Meseleyi t\u00fcm boyutlar\u0131yla, b\u00fct\u00fcn partilerin kat\u0131l\u0131m\u0131yla tart\u0131\u015farak kapsaml\u0131, bilimsel temele oturmu\u015f yeni bir \u00e7ocuk paketi haz\u0131rlayaca\u011f\u0131z.&#8221; dedi.<\/p>\n<p>Anadolu Ajans\u0131n\u0131n (AA) &#8220;K\u00fc\u00e7\u00fck Ya\u015f, B\u00fcy\u00fck Su\u00e7&#8221; ba\u015fl\u0131kl\u0131 dosya haberinin bu b\u00f6l\u00fcm\u00fcnde, TBMM Su\u00e7a S\u00fcr\u00fcklenen \u00c7ocuklara \u0130li\u015fkin Ara\u015ft\u0131rma Komisyonu Ba\u015fkan\u0131 Durgut, su\u00e7a s\u00fcr\u00fcklenen \u00e7ocuklara ve komisyon \u00e7al\u0131\u015fmalar\u0131na ili\u015fkin de\u011ferlendirmelerde bulundu.<\/p>\n<p>Uluslararas\u0131 ara\u015ft\u0131rmalar\u0131n, risk fakt\u00f6rlerinin su\u00e7a s\u00fcr\u00fcklenmeyi art\u0131rd\u0131\u011f\u0131n\u0131 g\u00f6sterdi\u011fini belirten Durgut, komisyon olarak \u00e7ok katmanl\u0131 konunun risk fakt\u00f6rlerini analiz etmek amac\u0131yla m\u00fcdahale ve politika \u00f6nerilerine y\u00f6nelik yol haritas\u0131 belirlediklerini bildirdi.<\/p>\n<p>Akademisyenleri, sivil toplum kurulu\u015flar\u0131n\u0131, kamu kurumlar\u0131n\u0131, bakanl\u0131klar\u0131 ve konunun t\u00fcm payda\u015flar\u0131n\u0131 komisyona davet ettiklerini aktaran Durgut, &#8220;Su\u00e7a s\u00fcr\u00fcklenmi\u015f \u00e7ocuklar\u0131 kapsayacak \u015fekilde bir anket \u00e7al\u0131\u015fmas\u0131yla risk fakt\u00f6rlerini analiz edece\u011fiz. Tespit etti\u011fimiz verilere y\u00f6nelik bir eylem plan\u0131, politika \u00f6nerileri paketi sunaca\u011f\u0131z. Bilimsel temelli, disiplinli bir \u00e7al\u0131\u015fma y\u00fcr\u00fct\u00fcyoruz.&#8221; diye konu\u015ftu.<\/p>\n<p>Durgut, komisyonda Aile ve Sosyal Hizmetler Bakan\u0131 Mahinur \u00d6zdemir G\u00f6kta\u015f&#8217;\u0131n sunum yapt\u0131\u011f\u0131n\u0131 an\u0131msatarak, bundan sonraki s\u00fcre\u00e7te Milli E\u011fitim, Adalet, Gen\u00e7lik ve Spor ile \u0130\u00e7i\u015fleri bakanl\u0131klar\u0131n\u0131n komisyona davet edilece\u011fini kaydetti.<\/p>\n<p>&#8220;T\u00fcm risk fakt\u00f6rlerine m\u00fcdahale eden kapsaml\u0131 bir paket \u00e7al\u0131\u015fmas\u0131 faydal\u0131 olacak&#8221;<\/p>\n<p>Saha ziyaretleri yapacaklar\u0131n\u0131 s\u00f6yleyen Durgut, &#8220;Ma\u011fdur aileleri ziyaret ederek onlar\u0131 dinleyece\u011fiz. Su\u00e7a s\u00fcr\u00fcklenmi\u015f \u00e7ocuklara hizmet verenlerle m\u00fczakerelerimiz, hizmet verenlerin sorunlar\u0131n\u0131 yerinde g\u00f6rmek, analiz etmek amac\u0131yla onlarla birebir g\u00f6r\u00fc\u015fmelerimiz olacak.&#8221; ifadelerini kulland\u0131.<\/p>\n<p>Durgut, 11. Yarg\u0131 Paketi&#8217;yle \u00f6rg\u00fct faaliyetleri kapsam\u0131nda \u00e7ocuklar\u0131 ara\u00e7 olarak kullanan \u00f6rg\u00fct y\u00f6neticilerine verilecek cezan\u0131n yar\u0131s\u0131ndan bir kat\u0131na kadar art\u0131r\u0131lmas\u0131na y\u00f6nelik d\u00fczenlemenin yasala\u015ft\u0131\u011f\u0131n\u0131 hat\u0131rlatt\u0131.<\/p>\n<p>Bu d\u00fczenlemeyi desteklediklerini dile getiren Durgut, \u00e7ocuklar\u0131n \u00e7eteler taraf\u0131ndan su\u00e7a te\u015fvik edildi\u011fini, kullan\u0131ld\u0131\u011f\u0131n\u0131 ve istismar edildi\u011fini vurgulad\u0131.<\/p>\n<p>M\u00fc\u015ferref Pervin Tuba Durgut, \u015funlar\u0131 kaydetti: <\/p>\n<p>&#8220;Yarg\u0131 Paketi&#8217;nde ba\u015fka cezalar\u0131n art\u0131r\u0131lmas\u0131na y\u00f6nelik de baz\u0131 uygulamalar \u00f6nerilmi\u015fti. Biz bu meseleyi t\u00fcm boyutlar\u0131yla, b\u00fct\u00fcn partilerin kat\u0131l\u0131m\u0131yla tart\u0131\u015farak kapsaml\u0131, bilimsel temele oturmu\u015f yeni bir \u00e7ocuk paketi haz\u0131rlayaca\u011f\u0131z. Burada elbette meselenin hukuki boyutu olacak ama \u00f6nleyici, rehabilite edici, bireysel, bireyler aras\u0131, organizasyonel, \u00e7evresel, t\u00fcm risk fakt\u00f6rlerine m\u00fcdahale eden kapsaml\u0131 bir paket \u00e7al\u0131\u015fmas\u0131 faydal\u0131 olacak diye d\u00fc\u015f\u00fcn\u00fcyoruz.&#8221;<\/p>\n<p>Sosyal medya ve dijital ba\u011f\u0131ml\u0131l\u0131k konular\u0131nda da a\u00e7\u0131klamalarda bulunan Durgut, \u00e7ocuklar\u0131n su\u00e7a s\u00fcr\u00fcklenmesinde dijital risk fakt\u00f6rlerinin \u00f6nemli bir mesele oldu\u011funun alt\u0131n\u0131 \u00e7izdi. Durgut, bu konunun ihmal edilemez ve m\u00fcdahale edilmesi gereken alan haline geldi\u011fini dile getirdi.<\/p>\n<p>Yeni \u00e7a\u011f\u0131n yeni sorunlar\u0131 da beraberinde getirdi\u011fine i\u015faret eden Durgut, \u015fu de\u011ferlendirmelerde bulundu: <\/p>\n<p>&#8220;Devlet burada norm belirleyici olmal\u0131. Belli ya\u015f\u0131n alt\u0131na k\u0131s\u0131tlamalar getirmek, b\u00fct\u00fcn \u00fclkelerde oldu\u011fu gibi bilimsel temele oturuyor. \u00c7ocuklar\u0131, gen\u00e7leri korumak, Anayasa&#8217;n\u0131n amir h\u00fckm\u00fcd\u00fcr. Dijital risklerden \u00e7ocuklar\u0131 korumak i\u00e7in devletin yapt\u0131r\u0131m\u0131 olmal\u0131. En k\u0131sa s\u00fcrede \u00e7al\u0131\u015fmalar\u0131m\u0131z\u0131 tamamlamay\u0131 planl\u0131yoruz. Bir taraftan komisyon \u00e7al\u0131\u015fmalar\u0131m\u0131za devam ederken, bir taraftan raporlama \u00e7al\u0131\u015fmalar\u0131m\u0131za da ba\u015flad\u0131k. Raporumuzu da en k\u0131sa s\u00fcrede telif etmeyi, bunun fikri takibini yapmay\u0131 d\u00fc\u015f\u00fcn\u00fcyoruz.&#8221;<\/p>\n","protected":false},"excerpt":{"rendered":"<p>Durgut, su\u00e7a s\u00fcr\u00fcklenen \u00e7ocuklara y\u00f6nelik yeni bir paket haz\u0131rlanaca\u011f\u0131n\u0131 a\u00e7\u0131klad\u0131.<\/p>\n","protected":false},"author":1,"featured_media":65964,"comment_status":"open","ping_status":"open","sticky":false,"template":"","format":"standard","meta":{"footnotes":""},"categories":[12],"tags":[378,242,7516,1061,7140],"class_list":["post-65963","post","type-post","status-publish","format-standard","has-post-thumbnail","hentry","category-siyaset","tag-calisma","tag-cocuk","tag-durgut","tag-komisyon","tag-suca"],"_links":{"self":[{"href":"https:\/\/bihavadis.com\/index.php\/wp-json\/wp\/v2\/posts\/65963","targetHints":{"allow":["GET"]}}],"collection":[{"href":"https:\/\/bihavadis.com\/index.php\/wp-json\/wp\/v2\/posts"}],"about":[{"href":"https:\/\/bihavadis.com\/index.php\/wp-json\/wp\/v2\/types\/post"}],"author":[{"embeddable":true,"href":"https:\/\/bihavadis.com\/index.php\/wp-json\/wp\/v2\/users\/1"}],"replies":[{"embeddable":true,"href":"https:\/\/bihavadis.com\/index.php\/wp-json\/wp\/v2\/comments?post=65963"}],"version-history":[{"count":1,"href":"https:\/\/bihavadis.com\/index.php\/wp-json\/wp\/v2\/posts\/65963\/revisions"}],"predecessor-version":[{"id":65965,"href":"https:\/\/bihavadis.com\/index.php\/wp-json\/wp\/v2\/posts\/65963\/revisions\/65965"}],"wp:featuredmedia":[{"embeddable":true,"href":"https:\/\/bihavadis.com\/index.php\/wp-json\/wp\/v2\/media\/65964"}],"wp:attachment":[{"href":"https:\/\/bihavadis.com\/index.php\/wp-json\/wp\/v2\/media?parent=65963"}],"wp:term":[{"taxonomy":"category","embeddable":true,"href":"https:\/\/bihavadis.com\/index.php\/wp-json\/wp\/v2\/categories?post=65963"},{"taxonomy":"post_tag","embeddable":true,"href":"https:\/\/bihavadis.com\/index.php\/wp-json\/wp\/v2\/tags?post=65963"}],"curies":[{"name":"wp","href":"https:\/\/api.w.org\/{rel}","templated":true}]}}