{"id":65966,"date":"2026-03-08T12:03:08","date_gmt":"2026-03-08T12:03:08","guid":{"rendered":"https:\/\/bihavadis.com\/?p=65966"},"modified":"2026-03-08T12:03:08","modified_gmt":"2026-03-08T12:03:08","slug":"malatyanin-200-yillik-tarihi-hani-zamana-direniyor","status":"publish","type":"post","link":"https:\/\/bihavadis.com\/index.php\/2026\/03\/08\/malatyanin-200-yillik-tarihi-hani-zamana-direniyor\/","title":{"rendered":"Malatya\u2019n\u0131n 200 y\u0131ll\u0131k tarihi han\u0131, zamana direniyor"},"content":{"rendered":"<p>Malatya\u2019n\u0131n Arapgir il\u00e7esinde yer alan Millet Han, tarihi ta\u015f duvarlar\u0131, ah\u015fap d\u00f6\u015femeleri ve ortas\u0131ndaki avlu ve \u015fad\u0131rvan\u0131yla ge\u00e7mi\u015ften g\u00fcn\u00fcm\u00fcze ayakta kalmay\u0131 s\u00fcrd\u00fcr\u00fcyor.<\/p>\n<p><strong>YAKLA\u015eIK 200 YILLIK TAR\u0130H<\/strong><\/p>\n<p>Kitabesi bulunmayan han\u0131n 1850\u2019li y\u0131llarda in\u015fa edildi\u011fi tahmin ediliyor. Kesme ta\u015flardan iki katl\u0131 olarak yap\u0131lan yap\u0131, ge\u00e7mi\u015fte \u00fcreticiler ve esnaf taraf\u0131ndan konaklama ve ticaret amac\u0131yla kullan\u0131lm\u0131\u015f, uzun y\u0131llar b\u00f6lge halk\u0131na hizmet etmi\u015f.<\/p>\n<p>Arapgir Belediyesi K\u00fclt\u00fcr ve Sosyal \u0130\u015fler M\u00fcd\u00fcr\u00fc Mesut Kavas, han\u0131n ta\u015f duvarlarla in\u015fa edildi\u011fini, ara b\u00f6lmelerde kerpi\u00e7, d\u00f6\u015femelerde ise ah\u015fap malzeme kullan\u0131ld\u0131\u011f\u0131n\u0131 belirtti.<\/p>\n<p><img decoding=\"async\" src=\"https:\/\/bihavadis.com\/wp-content\/uploads\/2026\/03\/malatyanin-200-yillik-tarihi-hani-zamana-direniyor-0-JPnfz1kM.jpg\"\/><\/p>\n<p><strong>RESTORE ED\u0130LEN TAR\u0130H\u0130 DOKU<\/strong><\/p>\n<p>K\u00fclt\u00fcr ve Turizm Bakanl\u0131\u011f\u0131 taraf\u0131ndan 2009-2011 y\u0131llar\u0131 aras\u0131nda asl\u0131na uygun \u015fekilde restore edilen han, restorasyonun ard\u0131ndan belediyeye teslim edildi. \u00dcst kat\u0131 butik otel, alt kat\u0131 ise il\u00e7eye \u00f6zg\u00fc y\u00f6resel yemeklerin sunuldu\u011fu restoran olarak hizmet vermeye ba\u015flad\u0131.<\/p>\n<p>Kavas, yap\u0131n\u0131n ah\u015fap olmas\u0131 nedeniyle son d\u00f6nemde m\u00fc\u015fteri kabul\u00fcn\u00fcn durduruldu\u011funu, ancak han\u0131n turizm a\u00e7\u0131s\u0131ndan \u00f6nemli bir durak olmaya devam etti\u011fini s\u00f6yledi.<\/p>\n<p><img decoding=\"async\" src=\"https:\/\/bihavadis.com\/wp-content\/uploads\/2026\/03\/malatyanin-200-yillik-tarihi-hani-zamana-direniyor-1-ZPCkaR1I.jpg\"\/><\/p>\n<p><strong>Z\u0130YARET\u00c7\u0130LER Y\u00d6RESEL LEZZETLERE \u0130LG\u0130 G\u00d6STER\u0130YOR<\/strong><\/p>\n<p>B\u00f6lgeye gelen ziyaret\u00e7iler, Millet Han\u2019\u0131 gezerek tarihi atmosferi deneyimliyor. Misafirler, \u00f6zellikle y\u00f6resel yemekler ve reyhan \u00e7ay\u0131 ile reyhan \u015ferbetine yo\u011fun ilgi g\u00f6steriyor.<\/p>\n<p>Kavas, han\u0131n tescilli bir yap\u0131 oldu\u011funu ve restorasyon \u00e7al\u0131\u015fmalar\u0131n\u0131n koruma kurulu kararlar\u0131 do\u011frultusunda ger\u00e7ekle\u015ftirildi\u011fini hat\u0131rlatarak, Millet Han\u2019\u0131n Arapgir\u2019in k\u00fclt\u00fcrel miraslar\u0131 aras\u0131nda \u00f6ne \u00e7\u0131kt\u0131\u011f\u0131n\u0131 vurgulad\u0131.<\/p>\n<p><img decoding=\"async\" src=\"https:\/\/bihavadis.com\/wp-content\/uploads\/2026\/03\/malatyanin-200-yillik-tarihi-hani-zamana-direniyor-2-ERrvHFLY.jpg\"\/><\/p>\n<p><img decoding=\"async\" src=\"https:\/\/bihavadis.com\/wp-content\/uploads\/2026\/03\/malatyanin-200-yillik-tarihi-hani-zamana-direniyor-3-gHsn33QM.jpg\"\/><\/p>\n<p><img decoding=\"async\" src=\"https:\/\/bihavadis.com\/wp-content\/uploads\/2026\/03\/malatyanin-200-yillik-tarihi-hani-zamana-direniyor-4-kHSc2G8A.jpg\"\/> <\/p>\n<div> <span><strong>Kaynak:<\/strong> \u0130hlas Haber Ajans\u0131 (\u0130HA)<\/span> <\/div>\n","protected":false},"excerpt":{"rendered":"<p>Malatya\u2019n\u0131n Arapgir il\u00e7esinde yer alan Millet Han, tarihi ta\u015f duvarlar\u0131, ah\u015fap d\u00f6\u015femeleri ve ortas\u0131ndaki avlu ve \u015fad\u0131rvan\u0131yla ge\u00e7mi\u015ften g\u00fcn\u00fcm\u00fcze ayakta kalmay\u0131 s\u00fcrd\u00fcr\u00fcyor. YAKLA\u015eIK 200 YILLIK TAR\u0130H Kitabesi bulunmayan han\u0131n 1850\u2019li y\u0131llarda in\u015fa &#8230;<\/p>\n","protected":false},"author":1,"featured_media":65967,"comment_status":"open","ping_status":"open","sticky":false,"template":"","format":"standard","meta":{"footnotes":""},"categories":[7],"tags":[],"class_list":["post-65966","post","type-post","status-publish","format-standard","has-post-thumbnail","hentry","category-egitim"],"_links":{"self":[{"href":"https:\/\/bihavadis.com\/index.php\/wp-json\/wp\/v2\/posts\/65966","targetHints":{"allow":["GET"]}}],"collection":[{"href":"https:\/\/bihavadis.com\/index.php\/wp-json\/wp\/v2\/posts"}],"about":[{"href":"https:\/\/bihavadis.com\/index.php\/wp-json\/wp\/v2\/types\/post"}],"author":[{"embeddable":true,"href":"https:\/\/bihavadis.com\/index.php\/wp-json\/wp\/v2\/users\/1"}],"replies":[{"embeddable":true,"href":"https:\/\/bihavadis.com\/index.php\/wp-json\/wp\/v2\/comments?post=65966"}],"version-history":[{"count":1,"href":"https:\/\/bihavadis.com\/index.php\/wp-json\/wp\/v2\/posts\/65966\/revisions"}],"predecessor-version":[{"id":65973,"href":"https:\/\/bihavadis.com\/index.php\/wp-json\/wp\/v2\/posts\/65966\/revisions\/65973"}],"wp:featuredmedia":[{"embeddable":true,"href":"https:\/\/bihavadis.com\/index.php\/wp-json\/wp\/v2\/media\/65967"}],"wp:attachment":[{"href":"https:\/\/bihavadis.com\/index.php\/wp-json\/wp\/v2\/media?parent=65966"}],"wp:term":[{"taxonomy":"category","embeddable":true,"href":"https:\/\/bihavadis.com\/index.php\/wp-json\/wp\/v2\/categories?post=65966"},{"taxonomy":"post_tag","embeddable":true,"href":"https:\/\/bihavadis.com\/index.php\/wp-json\/wp\/v2\/tags?post=65966"}],"curies":[{"name":"wp","href":"https:\/\/api.w.org\/{rel}","templated":true}]}}