{"id":65974,"date":"2026-03-08T12:06:06","date_gmt":"2026-03-08T12:06:06","guid":{"rendered":"https:\/\/bihavadis.com\/?p=65974"},"modified":"2026-03-08T12:06:06","modified_gmt":"2026-03-08T12:06:06","slug":"biga-kadin-kooperatifinden-geleneksel-peynir-uretimi","status":"publish","type":"post","link":"https:\/\/bihavadis.com\/index.php\/2026\/03\/08\/biga-kadin-kooperatifinden-geleneksel-peynir-uretimi\/","title":{"rendered":"Biga Kad\u0131n Kooperatifi&#8217;nden Geleneksel Peynir \u00dcretimi"},"content":{"rendered":"<p>\u00c7\u0130\u011eDEM ALYANAK\/SEV\u0130 G\u00d6ZAY ASLAN &#8211; \u00c7anakkale&#8217;nin Biga il\u00e7esinde faaliyet g\u00f6steren Biga Kad\u0131n \u00c7evre, K\u00fclt\u00fcr ve \u0130\u015fletme Kooperatifi (B\u0130KAD) \u00fcyesi kad\u0131nlar, kadim tariflerle ve geleneksel y\u00f6ntemlerle \u00fcrettikleri 13 \u00e7e\u015fit y\u00f6resel peyniri &#8220;Ecek\u00f6y&#8221; markas\u0131yla gelece\u011fe ta\u015f\u0131yor.<\/p>\n<p>B\u0130KAD orta\u011f\u0131 kad\u0131nlar, Kad\u0131n Eme\u011fini De\u011ferlendirme Vakf\u0131 \u00f6nc\u00fcl\u00fc\u011f\u00fcnde, TANAP Sosyal ve \u00c7evresel Yat\u0131r\u0131m Programlar\u0131 kapsam\u0131nda finanse edilen, k\u0131rsalda ya\u015fayan kad\u0131nlar\u0131n, yerel kalk\u0131nmada liderliklerinin g\u00fc\u00e7lendirilmesinin ama\u00e7land\u0131\u011f\u0131 projede 2018 y\u0131l\u0131nda &#8220;Ecek\u00f6y&#8221; markas\u0131yla peynir \u00fcretimine ba\u015flad\u0131.<\/p>\n<p>G\u00fcm\u00fc\u015f\u00e7ay Belediyesi, S\u00fcrd\u00fcr\u00fclebilirlik Akademisi ile Biga Kaymakaml\u0131\u011f\u0131 i\u015fbirli\u011fiyle hayata ge\u00e7irilen proje kapsam\u0131nda k\u00f6ylerde bilgilendirme toplant\u0131lar\u0131, g\u00fc\u00e7lendirme ve i\u015f geli\u015ftirme e\u011fitimleri ger\u00e7ekle\u015ftirildi. \u00c7anakkale Onsekiz Mart \u00dcniversitesi Biga Meslek Y\u00fcksekokulu b\u00fcnyesinde de mesleki at\u00f6lyeler ve uygulamal\u0131 e\u011fitimler d\u00fczenlendi.<\/p>\n<p>Bu \u00e7al\u0131\u015fmalar\u0131n ard\u0131ndan kad\u0131nlar\u0131n liderli\u011finde &#8220;\u00e7i\u011f s\u00fct ve s\u00fct \u00fcr\u00fcnleri&#8221; i\u015fleme tesisi kuruldu.<\/p>\n<p>Bigal\u0131 kad\u0131nlar, yerelden do\u011fan lezzetleri daha geni\u015f kitlelere ula\u015ft\u0131rmak hedefiyle \u00e7\u0131kt\u0131klar\u0131 bu yolda, 6 y\u0131ld\u0131r katk\u0131s\u0131z ve geleneksel y\u00f6ntemlerle aralar\u0131nda \u00e7\u0131br\u0131ka otlu rulo peynir, sepet peyniri ve \u00e7\u00f6rek otlu peynirin de bulundu\u011fu 13 \u00e7e\u015fit peynir \u00fcretiyor.<\/p>\n<p>Y\u0131lda 110 ton s\u00fct i\u015fleme kapasitesi<\/p>\n<p>B\u0130KAD Ba\u015fkan\u0131 ve peynir ustas\u0131 Asuman Tunca, AA muhabirine, s\u00fct\u00fc peynire \u00e7evirdiklerinde daha fazla gelir elde edebileceklerinin fark\u0131na varan \u00fcretici kad\u0131nlar\u0131n, kooperatif \u00e7at\u0131s\u0131 alt\u0131nda kurulan at\u00f6lyede bir araya geldi\u011fini s\u00f6yledi.<\/p>\n<p>Kad\u0131nlara hayvan sa\u011fl\u0131\u011f\u0131ndan hayvanlar\u0131n nas\u0131l beslenmesi gerekti\u011fine, hijyen e\u011fitiminden s\u00fct kalitesine kadar bir\u00e7ok konuda e\u011fitim verdiklerini anlatan Tunca, 2018&#8217;den 2020 y\u0131l\u0131na kadar AR-GE \u00e7al\u0131\u015fmalar\u0131n\u0131 yapt\u0131klar\u0131n\u0131, ard\u0131ndan \u00fcr\u00fcn sat\u0131\u015f\u0131na ba\u015flad\u0131klar\u0131n\u0131 ifade etti.<\/p>\n<p>\u00c7i\u011f s\u00fct i\u015fletme onay belgesine de sahip kad\u0131n kooperatifi olduklar\u0131n\u0131 belirten Tunca, &#8220;Sadece peynir \u00fcretimi yapan ilk kooperatifiz. \u00dcr\u00fcnlerimiz tamamen do\u011fal, katk\u0131s\u0131z ve geleneksel. Atalar\u0131m\u0131zdan bize miras kalan peynir tariflerini g\u00fcn\u00fcm\u00fcze uyarlayarak hijyenik \u015fartlarda \u00fcretiyoruz. Y\u0131ll\u0131k 110 ton s\u00fct i\u015fleme kapasitesine sahibiz.&#8221; diye konu\u015ftu.<\/p>\n<p>Asuman Tunca, 53 ortakl\u0131 B\u0130KAD&#8217;da &#8220;Ecek\u00f6y&#8221; markas\u0131yla \u00fcretimlerin d\u00f6nemsel olarak 7-8 kad\u0131n taraf\u0131ndan y\u00fcr\u00fct\u00fcld\u00fc\u011f\u00fcn\u00fc aktararak, &#8220;Bundan sonraki hedefimiz daha fazla kad\u0131na istihdam sa\u011flamak, \u00fcretim kapasitemizi geli\u015ftirmek, kad\u0131nlar\u0131 ekonomik olarak daha fazla g\u00fc\u00e7lendirmek.&#8221; dedi.<\/p>\n<p>Tunca, baz\u0131 zincir marketlerde \u00fcr\u00fcnlerinin sat\u0131\u015fa sunuldu\u011funu kaydetti.<\/p>\n<p>&#8220;Ecek\u00f6y bizim \u00e7ocu\u011fumuz gibi oldu&#8221;<\/p>\n<p>Kad\u0131nlardan Latife \u015eahin ise annesinden ve kay\u0131nvalidesinden \u00f6\u011frendi\u011fi \u00c7erkes peyniri tarifini &#8220;Ecek\u00f6y&#8221; markas\u0131na kazand\u0131rd\u0131\u011f\u0131n\u0131 anlatt\u0131.<\/p>\n<p>Daha \u00f6nce tarlada \u00e7al\u0131\u015fan bir kad\u0131n oldu\u011funu vurgulayan \u015eahin, &#8220;Ecek\u00f6y ile tan\u0131\u015ft\u0131ktan sonra peynir \u00fcretmeye karar verdim. \u00c7ok \u015fey \u00f6\u011frendim ve burada kald\u0131m.&#8221; ifadelerini kulland\u0131.<\/p>\n<p>\u00dcretimin tamam\u0131n\u0131 geleneksel y\u00f6ntemlerle ger\u00e7ekle\u015ftirdiklerini dile getiren \u015eahin, &#8220;Biga s\u00fct kalitesiyle \u00f6ne \u00e7\u0131k\u0131yor. S\u00fct\u00fcm\u00fcz hep ba\u015fka yerlere gidip peynir oluyordu. &#8216;Neden burada \u00fcretmiyoruz?&#8217; sorusuyla yola \u00e7\u0131kt\u0131k. Peynir bizi bir arada tutan ortak payda oldu. Ecek\u00f6y bizim \u00e7ocu\u011fumuz gibi.&#8221; diye konu\u015ftu.<\/p>\n<p>\u015eahin, ihracat\u00e7\u0131 bir firma arac\u0131l\u0131\u011f\u0131yla Bel\u00e7ika&#8217;ya da \u00fcr\u00fcn g\u00f6nderdiklerini, so\u011fuk zincir tedarikiyle \u00e7evrim i\u00e7i sat\u0131\u015f yapt\u0131klar\u0131n\u0131 kaydetti.<\/p>\n<p>\u00c7\u0131br\u0131ka otlu rulo peynir co\u011frafi i\u015faret yolunda<\/p>\n<p>Kooperatifte iki y\u0131ld\u0131r g\u0131da m\u00fchendisi olarak \u00e7al\u0131\u015fan Cahide \u00c7akmak ise \u00fcr\u00fcnlerin izlenebilirli\u011fi a\u00e7\u0131s\u0131ndan b\u00f6lgenin s\u00fctlerini i\u015flemenin \u00f6nemine dikkati \u00e7ekti.<\/p>\n<p>Toplama merkezinden al\u0131nan s\u00fctlerin analizlerden ge\u00e7irildi\u011fini anlatan \u00c7akmak, &#8220;Katk\u0131 ve koruyucu i\u00e7ermeyen s\u00fctler artizan \u00fcretim y\u00f6ntemiyle peynire d\u00f6n\u00fc\u015ft\u00fcr\u00fcl\u00fcyor. Makinede yap\u0131lan tek i\u015flem past\u00f6rizasyon. Di\u011fer t\u00fcm a\u015famalar kad\u0131nlar\u0131m\u0131z\u0131n el eme\u011fi.&#8221; dedi.<\/p>\n<p>\u00c7akmak, Biga&#8217;n\u0131n Manav, \u00c7erkes ve Pomak k\u00fclt\u00fcrlerinin bulu\u015ftu\u011fu bir b\u00f6lge oldu\u011funa i\u015faret ederek Pomaklar\u0131n beraberinde getirdi\u011fi \u00e7\u0131br\u0131ka otunun, co\u011frafi i\u015faret ba\u015fvuru s\u00fcreci devam eden rulo peynir \u00fcretiminde kullan\u0131ld\u0131\u011f\u0131n\u0131 belirtti.<\/p>\n<p>Cahide \u00c7akmak, katk\u0131 maddesi kullanmadan raf \u00f6mr\u00fcn\u00fc uzatmaya y\u00f6nelik \u00e7al\u0131\u015fmalar y\u00fcr\u00fctt\u00fcklerini, bu nedenle antimikrobiyal \u00f6zelli\u011fe sahip \u00e7\u0131br\u0131ka otundan yararland\u0131klar\u0131n\u0131 s\u00f6zlerine ekledi.<\/p>\n","protected":false},"excerpt":{"rendered":"<p>Biga Kad\u0131n Kooperatifi, &#8216;Ecek\u00f6y&#8217; markas\u0131yla 13 \u00e7e\u015fit y\u00f6resel peynir \u00fcretiyor, kad\u0131nlar\u0131n ekonomisini g\u00fc\u00e7lendiriyor.<\/p>\n","protected":false},"author":1,"featured_media":65975,"comment_status":"open","ping_status":"open","sticky":false,"template":"","format":"standard","meta":{"footnotes":""},"categories":[8],"tags":[395,380,2592,1970,375],"class_list":["post-65974","post","type-post","status-publish","format-standard","has-post-thumbnail","hentry","category-ekonomi","tag-is","tag-kadin","tag-peynir","tag-sut","tag-uretim"],"_links":{"self":[{"href":"https:\/\/bihavadis.com\/index.php\/wp-json\/wp\/v2\/posts\/65974","targetHints":{"allow":["GET"]}}],"collection":[{"href":"https:\/\/bihavadis.com\/index.php\/wp-json\/wp\/v2\/posts"}],"about":[{"href":"https:\/\/bihavadis.com\/index.php\/wp-json\/wp\/v2\/types\/post"}],"author":[{"embeddable":true,"href":"https:\/\/bihavadis.com\/index.php\/wp-json\/wp\/v2\/users\/1"}],"replies":[{"embeddable":true,"href":"https:\/\/bihavadis.com\/index.php\/wp-json\/wp\/v2\/comments?post=65974"}],"version-history":[{"count":1,"href":"https:\/\/bihavadis.com\/index.php\/wp-json\/wp\/v2\/posts\/65974\/revisions"}],"predecessor-version":[{"id":65976,"href":"https:\/\/bihavadis.com\/index.php\/wp-json\/wp\/v2\/posts\/65974\/revisions\/65976"}],"wp:featuredmedia":[{"embeddable":true,"href":"https:\/\/bihavadis.com\/index.php\/wp-json\/wp\/v2\/media\/65975"}],"wp:attachment":[{"href":"https:\/\/bihavadis.com\/index.php\/wp-json\/wp\/v2\/media?parent=65974"}],"wp:term":[{"taxonomy":"category","embeddable":true,"href":"https:\/\/bihavadis.com\/index.php\/wp-json\/wp\/v2\/categories?post=65974"},{"taxonomy":"post_tag","embeddable":true,"href":"https:\/\/bihavadis.com\/index.php\/wp-json\/wp\/v2\/tags?post=65974"}],"curies":[{"name":"wp","href":"https:\/\/api.w.org\/{rel}","templated":true}]}}