{"id":66013,"date":"2026-03-08T12:36:17","date_gmt":"2026-03-08T12:36:17","guid":{"rendered":"https:\/\/bihavadis.com\/?p=66013"},"modified":"2026-03-08T12:36:17","modified_gmt":"2026-03-08T12:36:17","slug":"gazzede-filistinliler-ramazanda-da-mezarliklarda-hayatta-kaliyor","status":"publish","type":"post","link":"https:\/\/bihavadis.com\/index.php\/2026\/03\/08\/gazzede-filistinliler-ramazanda-da-mezarliklarda-hayatta-kaliyor\/","title":{"rendered":"Gazze\u2019de Filistinliler, Ramazan\u2019da da mezarl\u0131klarda hayatta kal\u0131yor"},"content":{"rendered":"<p>Gazze\u2019nin g\u00fcneyindeki Han Yunus\u2019ta, \u0130srail\u2019in sald\u0131r\u0131lar\u0131nda evleri y\u0131k\u0131lan ve s\u0131\u011f\u0131nacak yer bulamayan Filistinliler, ramazan ay\u0131nda mezarl\u0131klarda kurduklar\u0131 \u00e7ad\u0131rlarda ya\u015famlar\u0131n\u0131 s\u00fcrd\u00fcrmeye \u00e7al\u0131\u015f\u0131yor.<\/p>\n<p><strong>&#8220;AKREP, YILAN VES\u0130NEKLERDEN \u00c7OK \u00c7EK\u0130YORUZ&#8221;<\/strong><\/p>\n<p>45 ya\u015f\u0131ndaki Mazin Yunus, 10 ki\u015filik ailesiyle birlikte 8 ayd\u0131r mezarl\u0131kta ya\u015f\u0131yor. Ekim 2023\u2019te \u0130srail sald\u0131r\u0131lar\u0131 s\u0131ras\u0131nda Bat\u0131 \u015eeria\u2019n\u0131n El Halil b\u00f6lgesinde hapse at\u0131lan Yunus, serbest kald\u0131ktan sonra Gazze\u2019ye d\u00f6nd\u00fc.<\/p>\n<p><img decoding=\"async\" src=\"https:\/\/bihavadis.com\/wp-content\/uploads\/2026\/03\/gazzede-filistinliler-ramazanda-da-mezarliklarda-hayatta-kaliyor-0-aO9RG1O6.jpg\"\/><\/p>\n<p>Mezarl\u0131kta ya\u015fam\u0131n zorluklar\u0131n\u0131 anlatan Yunus, \u015funlar\u0131 s\u00f6yledi:<\/p>\n<p>Akrep, y\u0131lan ve sineklerden \u00e7ok \u00e7ekiyoruz. Mezarlar\u0131n aras\u0131nda ya\u015f\u0131yoruz ve korkuyoruz. Uykudan uyan\u0131yorum, besmele \u00e7ekiyorum. Cami yak\u0131nda olmas\u0131na ra\u011fmen sabah namaz\u0131 i\u00e7in giderken korkuyorum. \u00c7ocuklar gece tuvalete gitmek istedi\u011finde korktuklar\u0131 i\u00e7in bizi uyand\u0131r\u0131yor.<\/p>\n<p><img decoding=\"async\" src=\"https:\/\/bihavadis.com\/wp-content\/uploads\/2026\/03\/gazzede-filistinliler-ramazanda-da-mezarliklarda-hayatta-kaliyor-1-b4BmQROW.jpg\"\/><\/p>\n<p><strong>&#8220;MEZARDA YA\u015eAMAYI \u0130STEM\u0130YORUZ AMA MECBURUZ&#8221;<\/strong><\/p>\n<p>64 ya\u015f\u0131ndaki Hitam el-Galban, k\u0131z\u0131 ve torunlar\u0131yla birlikte mezarl\u0131kta \u00e7ad\u0131rda kal\u0131yor. Galban, evlerinin y\u0131k\u0131ld\u0131\u011f\u0131n\u0131 ve temel ihtiya\u00e7lar\u0131 kar\u015f\u0131layacak malzeme bulamad\u0131klar\u0131n\u0131 ifade etti:<\/p>\n<p><em><b>&#8220;Mezarl\u0131kta ya\u015famay\u0131 istemiyoruz, buna mecburuz. Yata\u011f\u0131m yok, yast\u0131\u011f\u0131m yok, gaz yok, yoruldum art\u0131k. \u015eu an burada oturuyorum ama so\u011fuktan titriyorum.&#8221;<\/b><\/em><\/p>\n<p><img decoding=\"async\" src=\"https:\/\/bihavadis.com\/wp-content\/uploads\/2026\/03\/gazzede-filistinliler-ramazanda-da-mezarliklarda-hayatta-kaliyor-2-uuHrMMus.jpg\"\/><\/p>\n<p><strong>ZOR KO\u015eULLARDA RAMAZAN<\/strong><\/p>\n<p>\u0130srail sald\u0131r\u0131lar\u0131 sonras\u0131 Gazze\u2019de evlerin y\u00fczde 90\u2019\u0131 y\u0131k\u0131l\u0131rken, 2 milyondan fazla Filistinli yerinden oldu. Yer bulamayan aileler, \u00e7ad\u0131rlar\u0131n\u0131 mezarl\u0131klara kurarak iftar ve sahurlar\u0131n\u0131 kabirlerin aras\u0131nda yap\u0131yor.<\/p>\n<p>Uzmanlar, Gazze\u2019nin i\u015fgal alt\u0131ndaki alanlar\u0131n\u0131n yar\u0131s\u0131ndan fazlas\u0131nda ya\u015fam ko\u015fullar\u0131n\u0131n zor oldu\u011funu ve Filistinlilerin hayatta kalabilmek i\u00e7in her t\u00fcrl\u00fc alan\u0131 bar\u0131nak olarak kulland\u0131\u011f\u0131n\u0131 belirtiyor.<\/p>\n<p>Bu tablo, b\u00f6lgedeki insani kriz ve yerinden edilen Filistinlilerin ramazan ay\u0131ndaki hayatta kalma m\u00fccadelesini g\u00f6zler \u00f6n\u00fcne seriyor.<\/p>\n<p><img decoding=\"async\" src=\"https:\/\/bihavadis.com\/wp-content\/uploads\/2026\/03\/gazzede-filistinliler-ramazanda-da-mezarliklarda-hayatta-kaliyor-3-SyXgSpg3.jpg\"\/><\/p>\n<p><img decoding=\"async\" src=\"https:\/\/bihavadis.com\/wp-content\/uploads\/2026\/03\/gazzede-filistinliler-ramazanda-da-mezarliklarda-hayatta-kaliyor-4-EnGHy2aX.jpg\"\/><\/p>\n<p><img decoding=\"async\" src=\"https:\/\/bihavadis.com\/wp-content\/uploads\/2026\/03\/gazzede-filistinliler-ramazanda-da-mezarliklarda-hayatta-kaliyor-5-DKJ59iPi.jpg\"\/><\/p>\n<p><img decoding=\"async\" src=\"https:\/\/bihavadis.com\/wp-content\/uploads\/2026\/03\/gazzede-filistinliler-ramazanda-da-mezarliklarda-hayatta-kaliyor-6-lkgeu97I.jpg\"\/><\/p>\n<p><img decoding=\"async\" src=\"https:\/\/bihavadis.com\/wp-content\/uploads\/2026\/03\/gazzede-filistinliler-ramazanda-da-mezarliklarda-hayatta-kaliyor-7-EpSgyzSj.jpg\"\/><\/p>\n<p><img decoding=\"async\" src=\"https:\/\/bihavadis.com\/wp-content\/uploads\/2026\/03\/gazzede-filistinliler-ramazanda-da-mezarliklarda-hayatta-kaliyor-8-N4C3e4by.jpg\"\/><\/p>\n<p><img decoding=\"async\" src=\"https:\/\/bihavadis.com\/wp-content\/uploads\/2026\/03\/gazzede-filistinliler-ramazanda-da-mezarliklarda-hayatta-kaliyor-9-kba9IMwd.jpg\"\/><\/p>\n<p><img decoding=\"async\" src=\"https:\/\/bihavadis.com\/wp-content\/uploads\/2026\/03\/gazzede-filistinliler-ramazanda-da-mezarliklarda-hayatta-kaliyor-10-rKkaNEhi.jpg\"\/><\/p>\n<p><img decoding=\"async\" src=\"https:\/\/bihavadis.com\/wp-content\/uploads\/2026\/03\/gazzede-filistinliler-ramazanda-da-mezarliklarda-hayatta-kaliyor-11-W78HkIbB.jpg\"\/><\/p>\n<p><img decoding=\"async\" src=\"https:\/\/bihavadis.com\/wp-content\/uploads\/2026\/03\/gazzede-filistinliler-ramazanda-da-mezarliklarda-hayatta-kaliyor-12-chan77W4.jpg\"\/><\/p>\n<p><img decoding=\"async\" src=\"https:\/\/bihavadis.com\/wp-content\/uploads\/2026\/03\/gazzede-filistinliler-ramazanda-da-mezarliklarda-hayatta-kaliyor-13-4nZvwduA.jpg\"\/><\/p>\n<p><img decoding=\"async\" src=\"https:\/\/bihavadis.com\/wp-content\/uploads\/2026\/03\/gazzede-filistinliler-ramazanda-da-mezarliklarda-hayatta-kaliyor-14-xZ9GzSi5.jpg\"\/><\/p>\n<p><img decoding=\"async\" src=\"https:\/\/bihavadis.com\/wp-content\/uploads\/2026\/03\/gazzede-filistinliler-ramazanda-da-mezarliklarda-hayatta-kaliyor-15-1HeWVRAm.jpg\"\/><\/p>\n<p><img decoding=\"async\" src=\"https:\/\/bihavadis.com\/wp-content\/uploads\/2026\/03\/gazzede-filistinliler-ramazanda-da-mezarliklarda-hayatta-kaliyor-16-byQAs9Br.jpg\"\/><\/p>\n<p><img decoding=\"async\" src=\"https:\/\/bihavadis.com\/wp-content\/uploads\/2026\/03\/gazzede-filistinliler-ramazanda-da-mezarliklarda-hayatta-kaliyor-17-ffK1q8Pi.jpg\"\/> <\/p>\n<div> <span><strong>Kaynak:<\/strong> Anadolu Ajans\u0131 (AA)<\/span> <\/div>\n","protected":false},"excerpt":{"rendered":"<p>Gazze\u2019nin g\u00fcneyindeki Han Yunus\u2019ta, \u0130srail\u2019in sald\u0131r\u0131lar\u0131nda evleri y\u0131k\u0131lan ve s\u0131\u011f\u0131nacak yer bulamayan Filistinliler, ramazan ay\u0131nda mezarl\u0131klarda kurduklar\u0131 \u00e7ad\u0131rlarda ya\u015famlar\u0131n\u0131 s\u00fcrd\u00fcrmeye \u00e7al\u0131\u015f\u0131yor. &#8220;AKREP, YILAN VES\u0130NEKLERDEN \u00c7OK \u00c7EK\u0130YORUZ&#8221; 45 &#8230;<\/p>\n","protected":false},"author":1,"featured_media":66014,"comment_status":"open","ping_status":"open","sticky":false,"template":"","format":"standard","meta":{"footnotes":""},"categories":[6],"tags":[390,569],"class_list":["post-66013","post","type-post","status-publish","format-standard","has-post-thumbnail","hentry","category-dunya","tag-gaz","tag-yasam"],"_links":{"self":[{"href":"https:\/\/bihavadis.com\/index.php\/wp-json\/wp\/v2\/posts\/66013","targetHints":{"allow":["GET"]}}],"collection":[{"href":"https:\/\/bihavadis.com\/index.php\/wp-json\/wp\/v2\/posts"}],"about":[{"href":"https:\/\/bihavadis.com\/index.php\/wp-json\/wp\/v2\/types\/post"}],"author":[{"embeddable":true,"href":"https:\/\/bihavadis.com\/index.php\/wp-json\/wp\/v2\/users\/1"}],"replies":[{"embeddable":true,"href":"https:\/\/bihavadis.com\/index.php\/wp-json\/wp\/v2\/comments?post=66013"}],"version-history":[{"count":1,"href":"https:\/\/bihavadis.com\/index.php\/wp-json\/wp\/v2\/posts\/66013\/revisions"}],"predecessor-version":[{"id":66033,"href":"https:\/\/bihavadis.com\/index.php\/wp-json\/wp\/v2\/posts\/66013\/revisions\/66033"}],"wp:featuredmedia":[{"embeddable":true,"href":"https:\/\/bihavadis.com\/index.php\/wp-json\/wp\/v2\/media\/66014"}],"wp:attachment":[{"href":"https:\/\/bihavadis.com\/index.php\/wp-json\/wp\/v2\/media?parent=66013"}],"wp:term":[{"taxonomy":"category","embeddable":true,"href":"https:\/\/bihavadis.com\/index.php\/wp-json\/wp\/v2\/categories?post=66013"},{"taxonomy":"post_tag","embeddable":true,"href":"https:\/\/bihavadis.com\/index.php\/wp-json\/wp\/v2\/tags?post=66013"}],"curies":[{"name":"wp","href":"https:\/\/api.w.org\/{rel}","templated":true}]}}