{"id":66055,"date":"2026-03-08T12:51:09","date_gmt":"2026-03-08T12:51:09","guid":{"rendered":"https:\/\/bihavadis.com\/?p=66055"},"modified":"2026-03-08T12:51:09","modified_gmt":"2026-03-08T12:51:09","slug":"yagli-gureste-cumhurbaskanligi-kupasinin-ilki-eylulde-verilecek","status":"publish","type":"post","link":"https:\/\/bihavadis.com\/index.php\/2026\/03\/08\/yagli-gureste-cumhurbaskanligi-kupasinin-ilki-eylulde-verilecek\/","title":{"rendered":"Ya\u011fl\u0131 g\u00fcre\u015fte Cumhurba\u015fkanl\u0131\u011f\u0131 Kupas\u0131&#8217;n\u0131n ilki eyl\u00fclde verilecek"},"content":{"rendered":"<p>\n<p>T\u00dcRK\u0130YE Geleneksel G\u00fcre\u015fler Federasyonu Ba\u015fkan\u0131 \u0130brahim T\u00fcrki\u015f, ilk kez d\u00fczenlenecek Cumhurba\u015fkanl\u0131\u011f\u0131 Kupas\u0131&#8217;n\u0131n Elmal\u0131&#8217;daki lig finalinin ard\u0131ndan eyl\u00fcl ay\u0131 sonunda yap\u0131lmas\u0131n\u0131n planland\u0131\u011f\u0131n\u0131 a\u00e7\u0131klad\u0131. T\u00fcrki\u015f, &#8220;Cumhurba\u015fkanl\u0131\u011f\u0131 Kupas\u0131&#8217;n\u0131 \u0130stanbul ya da Antalya&#8217;da d\u00fczenlemeyi planl\u0131yoruz ve Cumhurba\u015fkan\u0131m\u0131z\u0131 \u00f6zellikle final b\u00f6l\u00fcm\u00fcnde yan\u0131m\u0131zda g\u00f6rmek istiyoruz&#8221; dedi.<\/p>\n<p> T\u00fcrkiye Geleneksel G\u00fcre\u015fler Federasyonu Ba\u015fkan\u0131 \u0130brahim T\u00fcrki\u015f, ilk kez d\u00fczenlenecek Cumhurba\u015fkanl\u0131\u011f\u0131 Kupas\u0131, lig s\u00fcreci, gen\u00e7lerin g\u00fcre\u015fe ilgisi, K\u0131rkp\u0131nar organizasyonu ve doping konular\u0131nda \u00f6nemli a\u00e7\u0131klamalarda bulundu. Cumhurba\u015fkanl\u0131\u011f\u0131 Kupas\u0131 i\u00e7in \u00e7al\u0131\u015fmalar\u0131n devam etti\u011fini kaydeden T\u00fcrkiye Geleneksel G\u00fcre\u015fler Federasyonu Ba\u015fkan\u0131 \u0130brahim T\u00fcrki\u015f, &#8220;Daha \u00f6nce yapt\u0131\u011f\u0131m\u0131z duyuruda organizasyonun nisan m\u0131, eyl\u00fcl m\u00fc olaca\u011f\u0131 konusunda bir de\u011ferlendirme s\u00fcreci oldu\u011funu ifade etmi\u015ftik. Elmal\u0131&#8217;da ligin finali yap\u0131ld\u0131ktan sonra yakla\u015f\u0131k 15 g\u00fcnl\u00fck bir s\u00fcrede, eyl\u00fcl ay\u0131n\u0131n sonuna do\u011fru Cumhurba\u015fkanl\u0131\u011f\u0131 Kupas\u0131&#8217;n\u0131 ger\u00e7ekle\u015ftirmeyi planl\u0131yoruz. Tarih a\u015fa\u011f\u0131 yukar\u0131 netle\u015fti, ancak organizasyonun nerede yap\u0131laca\u011f\u0131 hen\u00fcz belli de\u011fil. Bu noktada Cumhurba\u015fkan\u0131m\u0131z Recep Tayyip Erdo\u011fan&#8217;\u0131n program\u0131n\u0131 da dikkate almak istiyoruz. Cumhurba\u015fkanl\u0131\u011f\u0131 Kupas\u0131&#8217;nda Say\u0131n Cumhurba\u015fkan\u0131m\u0131z\u0131 \u00f6zellikle final b\u00f6l\u00fcm\u00fcnde yan\u0131m\u0131zda g\u00f6rmek arzusunday\u0131z. \u0130stanbul ya da Antalya&#8217;da d\u00fczenlemeyi planl\u0131yoruz&#8221; dedi. <\/p>\n<p>BELED\u0130YELERDEN YA\u011eLI G\u00dcRE\u015eE \u0130LG\u0130 <\/p>\n<p>Ya\u011fl\u0131 g\u00fcre\u015f lig s\u00fcrecini de\u011ferlendiren T\u00fcrki\u015f, &#8220;Bir\u00e7ok belediyemiz ligde yer almak istiyor ancak takvim uygun olmad\u0131\u011f\u0131 i\u00e7in hepsini dahil etmemiz m\u00fcmk\u00fcn de\u011fil. Bu nedenle bir eleme ve de\u011ferlendirme s\u00fcreci y\u00fcr\u00fct\u00fcyoruz. \u015eu anda Ege B\u00f6lgesi ligde temsil edilmiyor ve bu bizim i\u00e7in \u00f6nemli bir eksiklik. Ege, ya\u011fl\u0131 g\u00fcre\u015f a\u00e7\u0131s\u0131ndan \u00e7ok g\u00fc\u00e7l\u00fc bir b\u00f6lge. Adaylar\u0131m\u0131z var. B\u00fcy\u00fck ihtimalle bu eksikli\u011fi giderece\u011fiz. \u0130\u00e7 Anadolu&#8217;dan da talepler var ancak mevcut etaplarla tarih uyumu hen\u00fcz sa\u011flanabilmi\u015f de\u011fil. Bu konuda \u00e7al\u0131\u015fmalar\u0131m\u0131z s\u00fcr\u00fcyor&#8221; diye konu\u015ftu. <\/p>\n<p>&#8216;GEN\u00c7 NESL\u0130N G\u00dcRE\u015eE KAZANDIRILMASI \u0130\u00c7\u0130N \u00c7ABA G\u00d6STER\u0130YORUZ&#8217;<\/p>\n<p>K\u0131rkp\u0131nar ve T\u00fcrkiye Ya\u011fl\u0131 G\u00fcre\u015f Ligi&#8217;nin \u00f6neminden bahseden \u0130brahim T\u00fcrki\u015f, &#8220;K\u0131rkp\u0131nar&#8217;\u0131 ve ligi bir b\u00fct\u00fcn olarak, bir reklam ve pazarlama platformu olarak de\u011ferlendiriyoruz. Bununla ilgili ciddi projelerimiz var. \u00d6n\u00fcm\u00fczdeki g\u00fcnlerde belediye ba\u015fkanlar\u0131m\u0131zla birlikte ortak bir platform olu\u015fturarak bunu kamuoyuyla payla\u015fabiliriz. Amac\u0131m\u0131z hem ligimize hem de K\u0131rkp\u0131nar&#8217;a ciddi bir kaynak sa\u011flamak. Bunu ba\u015fard\u0131\u011f\u0131m\u0131zda lig \u00e7ok daha farkl\u0131 bir noktaya ta\u015f\u0131nacak. Gen\u00e7lerin ya\u011fl\u0131 g\u00fcre\u015fe ilgisi bizim i\u00e7in \u00e7ok \u00f6nemli. Son y\u0131llarda gen\u00e7 neslin g\u00fcre\u015fe yeniden kazand\u0131r\u0131lmas\u0131 i\u00e7in yo\u011fun \u00e7aba g\u00f6steriyoruz. Pop\u00fcler k\u00fclt\u00fcrle ba\u011f kurmaya \u00e7al\u0131\u015f\u0131yoruz. Antalya&#8217;da, gen\u00e7lerin ya\u011fl\u0131 g\u00fcre\u015fe y\u00f6nelimi ciddi \u015fekilde artt\u0131&#8221; dedi.<\/p>\n<p>&#8216;SEY\u0130RC\u0130 OLARAK TAK\u0130P EDEN B\u0130Z\u0130M BA\u015e TACIMIZDIR&#8217;<\/p>\n<p>665. K\u0131rkp\u0131nar A\u011fas\u0131 Ufuk \u00d6z\u00fcnl\u00fc&#8217;n\u00fcn g\u00fcre\u015f m\u00fcsabakalar\u0131na y\u0131llard\u0131r ayn\u0131 ki\u015filerin gitmesi nedeniyle yeni ve gen\u00e7 izleyicilere yer a\u00e7\u0131lmas\u0131 gerekti\u011fini ifade etti\u011fi yorumunun tepkiyle kar\u015f\u0131land\u0131\u011f\u0131n\u0131 ancak bu durumun yanl\u0131\u015f anla\u015f\u0131ld\u0131\u011f\u0131n\u0131 kaydeden \u0130brahim T\u00fcrki\u015f, bu konuda \u015funlar\u0131 s\u00f6yledi: <\/p>\n<p>&#8220;Son d\u00f6nemde K\u0131rkp\u0131nar a\u011fam\u0131zla ilgili yap\u0131lan baz\u0131 ele\u015ftiriler var. R\u00f6portaj\u0131n tamam\u0131 izlenmeden yap\u0131lan yorumlar yanl\u0131\u015f bir alg\u0131 olu\u015fturdu. A\u011fam\u0131z\u0131n eski g\u00fcre\u015f izleyicilerini istemedi\u011fi gibi bir d\u00fc\u015f\u00fcnce kesinlikle s\u00f6z konusu de\u011fildir. Aksine, K\u0131rkp\u0131nar seyircisinin daha rahat ko\u015fullarda g\u00fcre\u015f izlemesi i\u00e7in b\u00fcy\u00fck bir \u00e7aba vard\u0131r. Ge\u00e7en y\u0131l g\u00fcre\u015f sahas\u0131nda seyircilerin daha iyi \u015fartlarda izleme yapabilmesi i\u00e7in ciddi \u00e7al\u0131\u015fmalar y\u00fcr\u00fct\u00fcld\u00fc. Bu \u00e7al\u0131\u015fmalar\u0131 \u00e7ok b\u00fcy\u00fck \u00f6l\u00e7\u00fcde a\u011fam\u0131z Ufuk \u00d6z\u00fcnl\u00fc yapt\u0131. Seyirciyi bu kadar \u00f6nemseyen ve ciddi emekler veren bir ki\u015finin onlar\u0131 istememesi gibi bir \u015fey olabilir mi, asla b\u00f6yle bir durum yok. Ortada tamamen bir yanl\u0131\u015f anla\u015f\u0131lma var, bu nedenle ata sporumuz ya\u011fl\u0131 g\u00fcre\u015f severleri \u00fczecek tart\u0131\u015fmalar\u0131 uzatman\u0131n hi\u00e7bir faydas\u0131n\u0131n olmad\u0131\u011f\u0131n\u0131 d\u00fc\u015f\u00fcn\u00fcyorum. Y\u0131llard\u0131r seyirci olarak takip eden insanlar\u0131m\u0131z bizim ba\u015f tac\u0131m\u0131zd\u0131r. Ancak K\u0131rkp\u0131nar&#8217;\u0131n, ger\u00e7ekten g\u00fcre\u015fle ilgisi olan, ligleri takip eden, eme\u011fi olan insanlarla daha nitelikli bir organizasyon haline gelmesini istiyoruz. Bunu sa\u011flad\u0131\u011f\u0131m\u0131zda K\u0131rkp\u0131nar ve Lig \u00e7ok daha farkl\u0131 noktaya ta\u015f\u0131nm\u0131\u015f olacak&#8221;<\/p>\n<p>&#8216;DOP\u0130NGE KAR\u015eI GE\u00c7\u0130T YOK&#8217;<\/p>\n<p>T\u00fcrki\u015f, m\u00fcsabakalarda dopinge de ge\u00e7it vermeyeceklerini belirterek, \u015f\u00f6yle dedi: <\/p>\n<p>&#8220;Doping konusunda ise tavr\u0131m\u0131z nettir. Geleneksel bir federasyon olmam\u0131za ra\u011fmen art\u0131k uluslararas\u0131 bir yap\u0131ya sahibiz. D\u00fcnya Etnospor Birli\u011fi ve D\u00fcnya G\u00fcre\u015f Birli\u011fi \u00fcyeliklerimiz var. Uluslararas\u0131 standartlara uymak zorunday\u0131z. Sporcular\u0131m\u0131z\u0131n sa\u011fl\u0131\u011f\u0131n\u0131 korumak ve hak edenin kazanmas\u0131n\u0131 sa\u011flamak i\u00e7in dopingle m\u00fccadelede \u00e7ok kararl\u0131y\u0131z. Ge\u00e7en g\u00fcnlerde ilk kez ba\u015fpehlivanlar\u0131m\u0131z\u0131n tamam\u0131n\u0131 doping havuz sistemine ald\u0131k. T\u00fcrkiye Dopingle M\u00fccadele Komisyonu&#8217;nun havuzunda yer alan sporcular\u0131n yakla\u015f\u0131k y\u00fczde 50&#8217;si federasyonumuza ba\u011fl\u0131 sporculardan olu\u015fuyor. Bu da konuya ne kadar ciddi yakla\u015ft\u0131\u011f\u0131m\u0131z\u0131n g\u00f6stergesidir. Bu konuda geri ad\u0131m atmam\u0131z s\u00f6z konusu de\u011fildir. Dopinge kar\u015f\u0131 ge\u00e7it yok&#8221; <\/p>\n<p>\n","protected":false},"excerpt":{"rendered":"<p>T\u00dcRK\u0130YE Geleneksel G\u00fcre\u015fler Federasyonu Ba\u015fkan\u0131 \u0130brahim T\u00fcrki\u015f, ilk kez d\u00fczenlenecek Cumhurba\u015fkanl\u0131\u011f\u0131 Kupas\u0131&#8217;n\u0131n Elmal\u0131&#8217;daki lig finalinin ard\u0131ndan eyl\u00fcl ay\u0131 sonunda yap\u0131lmas\u0131n\u0131n planland\u0131\u011f\u0131n\u0131 a\u00e7\u0131klad\u0131.<\/p>\n","protected":false},"author":1,"featured_media":66056,"comment_status":"open","ping_status":"open","sticky":false,"template":"","format":"standard","meta":{"footnotes":""},"categories":[14],"tags":[469,7527,500,7526,597],"class_list":["post-66055","post","type-post","status-publish","format-standard","has-post-thumbnail","hentry","category-spor","tag-bas","tag-doping","tag-gures","tag-kirkpinar","tag-lig"],"_links":{"self":[{"href":"https:\/\/bihavadis.com\/index.php\/wp-json\/wp\/v2\/posts\/66055","targetHints":{"allow":["GET"]}}],"collection":[{"href":"https:\/\/bihavadis.com\/index.php\/wp-json\/wp\/v2\/posts"}],"about":[{"href":"https:\/\/bihavadis.com\/index.php\/wp-json\/wp\/v2\/types\/post"}],"author":[{"embeddable":true,"href":"https:\/\/bihavadis.com\/index.php\/wp-json\/wp\/v2\/users\/1"}],"replies":[{"embeddable":true,"href":"https:\/\/bihavadis.com\/index.php\/wp-json\/wp\/v2\/comments?post=66055"}],"version-history":[{"count":1,"href":"https:\/\/bihavadis.com\/index.php\/wp-json\/wp\/v2\/posts\/66055\/revisions"}],"predecessor-version":[{"id":66057,"href":"https:\/\/bihavadis.com\/index.php\/wp-json\/wp\/v2\/posts\/66055\/revisions\/66057"}],"wp:featuredmedia":[{"embeddable":true,"href":"https:\/\/bihavadis.com\/index.php\/wp-json\/wp\/v2\/media\/66056"}],"wp:attachment":[{"href":"https:\/\/bihavadis.com\/index.php\/wp-json\/wp\/v2\/media?parent=66055"}],"wp:term":[{"taxonomy":"category","embeddable":true,"href":"https:\/\/bihavadis.com\/index.php\/wp-json\/wp\/v2\/categories?post=66055"},{"taxonomy":"post_tag","embeddable":true,"href":"https:\/\/bihavadis.com\/index.php\/wp-json\/wp\/v2\/tags?post=66055"}],"curies":[{"name":"wp","href":"https:\/\/api.w.org\/{rel}","templated":true}]}}