{"id":66146,"date":"2026-03-08T13:36:15","date_gmt":"2026-03-08T13:36:15","guid":{"rendered":"https:\/\/bihavadis.com\/?p=66146"},"modified":"2026-03-08T13:36:15","modified_gmt":"2026-03-08T13:36:15","slug":"izmir-orman-yanginlari-iddialari-yanlis","status":"publish","type":"post","link":"https:\/\/bihavadis.com\/index.php\/2026\/03\/08\/izmir-orman-yanginlari-iddialari-yanlis\/","title":{"rendered":"\u0130zmir Orman Yang\u0131nlar\u0131 \u0130ddialar\u0131 Yanl\u0131\u015f"},"content":{"rendered":"<p>\n<p>\u0130ZM\u0130R Orman B\u00f6lge M\u00fcd\u00fcrl\u00fc\u011f\u00fc&#8217;nden yap\u0131lan a\u00e7\u0131klamada, \u0130zmir Kar\u015f\u0131yaka-Yamanlar&#8217;daki orman yang\u0131nlar\u0131n\u0131n ard\u0131ndan yanan alanlar\u0131n a\u011fa\u00e7land\u0131r\u0131lmad\u0131\u011f\u0131, orman vasf\u0131ndan \u00e7\u0131kar\u0131larak yap\u0131la\u015fmaya ve ranta a\u00e7\u0131ld\u0131\u011f\u0131 y\u00f6n\u00fcndeki iddialar\u0131n ger\u00e7e\u011fi yans\u0131tmad\u0131\u011f\u0131 belirtildi.<\/p>\n<p>Yamanlar Da\u011f\u0131&#8217;ndaki TRT vericisinin alt taraf\u0131nda 13 A\u011fustos 2024&#8217;te saat 21.30 s\u0131ralar\u0131nda yang\u0131n \u00e7\u0131kt\u0131. Yang\u0131n, 15 A\u011fustos&#8217;ta g\u00fc\u00e7l\u00fckle s\u00f6nd\u00fcr\u00fcld\u00fc. Ancak ayn\u0131 g\u00fcn saat 21.00 s\u0131ralar\u0131nda s\u00f6nd\u00fcr\u00fclen alanda bulunan b\u00fcy\u00fck odun ve k\u00fct\u00fcklerde, h\u0131z\u0131 70-80 kilometreyi bulan r\u00fczgar\u0131n etkisiyle alevler tekrar canland\u0131 ve yang\u0131n geni\u015f bir alana yay\u0131ld\u0131. B\u00f6lgede 17 ev yand\u0131, 105 ev bo\u015falt\u0131ld\u0131, 44 i\u015f yeri de tahliye edildi. Kar\u015f\u0131yaka&#8217;da \u00e7\u0131kan, Bayrakl\u0131 ile \u00c7i\u011fli il\u00e7e s\u0131n\u0131rlar\u0131na da yay\u0131lan orman yang\u0131n\u0131 nedeniyle kentin bir\u00e7ok noktas\u0131 duman alt\u0131nda kald\u0131. 5 g\u00fcnde kontrol alt\u0131na al\u0131nan yang\u0131nda 2 bin 196 hektar alan zarar g\u00f6rd\u00fc. <\/p>\n<p>\u0130zmir Orman B\u00f6lge M\u00fcd\u00fcrl\u00fc\u011f\u00fc&#8217;nden yap\u0131lan a\u00e7\u0131klamada, \u0130zmir Kar\u015f\u0131yaka-Yamanlar&#8217;da \u00e7\u0131kan orman yang\u0131nlar\u0131n\u0131n ard\u0131ndan yanan alanlar\u0131n a\u011fa\u00e7land\u0131r\u0131lmad\u0131\u011f\u0131, orman vasf\u0131ndan \u00e7\u0131kar\u0131larak yap\u0131la\u015fmaya ve ranta a\u00e7\u0131ld\u0131\u011f\u0131 y\u00f6n\u00fcndeki iddialar\u0131n ger\u00e7e\u011fi yans\u0131tmad\u0131\u011f\u0131 belirtildi. <\/p>\n<p>&#8216;BU \u0130DD\u0130ALAR GER\u00c7E\u011e\u0130 YANSITMAMAKTADIR&#8217;<\/p>\n<p>\u0130zmir Orman B\u00f6lge M\u00fcd\u00fcrl\u00fc\u011f\u00fc sanal medya hesab\u0131ndan yap\u0131lan a\u00e7\u0131klamada, &#8220;Baz\u0131 bas\u0131n yay\u0131n organlar\u0131 ve sosyal medya hesaplar\u0131nda, \u0130zmir Kar\u015f\u0131yaka-Yamanlar&#8217;da meydana gelen orman yang\u0131nlar\u0131n\u0131n ard\u0131ndan yanan alanlar\u0131n a\u011fa\u00e7land\u0131r\u0131lmad\u0131\u011f\u0131, orman vasf\u0131ndan \u00e7\u0131kar\u0131larak yap\u0131la\u015fmaya ve ranta a\u00e7\u0131ld\u0131\u011f\u0131 y\u00f6n\u00fcnde payla\u015f\u0131mlar yap\u0131lmaktad\u0131r. Bu iddialar ger\u00e7e\u011fi yans\u0131tmamaktad\u0131r. Yang\u0131ndan etkilenen alanlarda a\u011fa\u00e7land\u0131rma, gen\u00e7le\u015ftirme ve rehabilitasyon \u00e7al\u0131\u015fmalar\u0131 planland\u0131\u011f\u0131 \u015fekilde tamamlanm\u0131\u015ft\u0131r. Sahada bak\u0131m ve koruma faaliyetleri, alan yeniden tam ye\u015fil \u00f6rt\u00fcs\u00fcne kavu\u015funcaya kadar kesintisiz s\u00fcrd\u00fcr\u00fclmektedir&#8221; denildi.<\/p>\n<p>&#8216;ORMANLARIMIZ ANAYASA&#8217;NIN \u0130LG\u0130L\u0130 H\u00dcKM\u00dc \u0130LE G\u00dcVENCE ALTINDADIR&#8217;<\/p>\n<p>Benzer iddialar\u0131n daha \u00f6nce de yalanland\u0131\u011f\u0131 belirtilen a\u00e7\u0131klaman\u0131n devam\u0131nda, &#8220;Kamuoyunda g\u00fcndeme getirilen &#8216;Orman s\u0131n\u0131rlar\u0131 d\u0131\u015f\u0131na \u00e7\u0131karma&#8217; s\u00fcreci, yang\u0131ndan sonra ba\u015flat\u0131lm\u0131\u015f bir s\u00fcre\u00e7 de\u011fildir. S\u00f6z konusu i\u015flem, deprem sonras\u0131nda ortaya \u00e7\u0131kan konut ihtiyac\u0131na ba\u011fl\u0131 olarak ilgili mevzuat \u00e7er\u00e7evesinde ba\u015flat\u0131lm\u0131\u015f, yarg\u0131 s\u00fcrecinde belirtilen usule ili\u015fkin hususlar giderilerek yeniden yay\u0131mlanm\u0131\u015ft\u0131r. Bu nedenle, &#8216;Yang\u0131ndan sonra yanan orman alanlar\u0131n\u0131n orman s\u0131n\u0131rlar\u0131 d\u0131\u015f\u0131na \u00e7\u0131kar\u0131ld\u0131\u011f\u0131&#8217; iddias\u0131 do\u011fru de\u011fildir. Olaylar\u0131n kronolojisi ve hukuki s\u00fcre\u00e7 bu iddiay\u0131 a\u00e7\u0131k\u00e7a yalanlamaktad\u0131r. Ormanlar\u0131m\u0131z Anayasa&#8217;n\u0131n ilgili h\u00fckm\u00fc ile g\u00fcvence alt\u0131ndad\u0131r. Mevzuat gere\u011fi, orman s\u0131n\u0131rlar\u0131 d\u0131\u015f\u0131na \u00e7\u0131kar\u0131lan alanlar\u0131n kar\u015f\u0131l\u0131\u011f\u0131nda yeni orman tesisi amac\u0131yla Orman Genel M\u00fcd\u00fcrl\u00fc\u011f\u00fcm\u00fcze en az iki kat\u0131 alan tahsis edilmekte ve bu alanlarda ormanla\u015ft\u0131rma \u00e7al\u0131\u015fmalar\u0131 titizlikle y\u00fcr\u00fct\u00fclmektedir. Ayn\u0131 iddia daha \u00f6nce de g\u00fcndeme getirilmi\u015f, bu iddialar 02.09.2024 tarihinde Orman Genel M\u00fcd\u00fcrl\u00fc\u011f\u00fc sosyal medya hesaplar\u0131m\u0131zdan yan\u0131tlanm\u0131\u015ft\u0131r. Buna ra\u011fmen ayn\u0131 iddialar\u0131n tekrar dola\u015f\u0131ma sokulmas\u0131 kamuoyunu yan\u0131ltmaktad\u0131r. Kamuoyunun do\u011fru bilgilendirilmesi maksad\u0131yla bilgilerinize sunulur&#8221; ifadelerine yer verildi. <\/p>\n","protected":false},"excerpt":{"rendered":"<p>\u0130zmir Orman B\u00f6lge M\u00fcd\u00fcrl\u00fc\u011f\u00fc, yanan alanlar\u0131n a\u011fa\u00e7land\u0131r\u0131lmad\u0131\u011f\u0131 iddialar\u0131n\u0131 yalanlad\u0131.<\/p>\n","protected":false},"author":1,"featured_media":66147,"comment_status":"open","ping_status":"open","sticky":false,"template":"","format":"standard","meta":{"footnotes":""},"categories":[9,4,13],"tags":[382,2809,978,5296,600],"class_list":["post-66146","post","type-post","status-publish","format-standard","has-post-thumbnail","hentry","category-genel","category-gundem","category-son-dakika","tag-alan","tag-iddialar","tag-izmir","tag-orman","tag-yangin"],"_links":{"self":[{"href":"https:\/\/bihavadis.com\/index.php\/wp-json\/wp\/v2\/posts\/66146","targetHints":{"allow":["GET"]}}],"collection":[{"href":"https:\/\/bihavadis.com\/index.php\/wp-json\/wp\/v2\/posts"}],"about":[{"href":"https:\/\/bihavadis.com\/index.php\/wp-json\/wp\/v2\/types\/post"}],"author":[{"embeddable":true,"href":"https:\/\/bihavadis.com\/index.php\/wp-json\/wp\/v2\/users\/1"}],"replies":[{"embeddable":true,"href":"https:\/\/bihavadis.com\/index.php\/wp-json\/wp\/v2\/comments?post=66146"}],"version-history":[{"count":1,"href":"https:\/\/bihavadis.com\/index.php\/wp-json\/wp\/v2\/posts\/66146\/revisions"}],"predecessor-version":[{"id":66148,"href":"https:\/\/bihavadis.com\/index.php\/wp-json\/wp\/v2\/posts\/66146\/revisions\/66148"}],"wp:featuredmedia":[{"embeddable":true,"href":"https:\/\/bihavadis.com\/index.php\/wp-json\/wp\/v2\/media\/66147"}],"wp:attachment":[{"href":"https:\/\/bihavadis.com\/index.php\/wp-json\/wp\/v2\/media?parent=66146"}],"wp:term":[{"taxonomy":"category","embeddable":true,"href":"https:\/\/bihavadis.com\/index.php\/wp-json\/wp\/v2\/categories?post=66146"},{"taxonomy":"post_tag","embeddable":true,"href":"https:\/\/bihavadis.com\/index.php\/wp-json\/wp\/v2\/tags?post=66146"}],"curies":[{"name":"wp","href":"https:\/\/api.w.org\/{rel}","templated":true}]}}