{"id":66149,"date":"2026-03-08T13:39:08","date_gmt":"2026-03-08T13:39:08","guid":{"rendered":"https:\/\/bihavadis.com\/?p=66149"},"modified":"2026-03-08T13:39:08","modified_gmt":"2026-03-08T13:39:08","slug":"brezilyada-sel-felaketi-can-kaybi-30a-yukseldi","status":"publish","type":"post","link":"https:\/\/bihavadis.com\/index.php\/2026\/03\/08\/brezilyada-sel-felaketi-can-kaybi-30a-yukseldi\/","title":{"rendered":"Brezilya\u2019da sel felaketi: Can kayb\u0131 30\u2019a y\u00fckseldi"},"content":{"rendered":"<p>Brezilya\u2019n\u0131n Minas Gerais eyaletinde \u00fc\u00e7 g\u00fcn s\u00fcren yo\u011fun ya\u011f\u0131\u015flar, sel ve toprak kaymalar\u0131na neden oldu. Nehirlerin ta\u015fmas\u0131yla yerle\u015fim yerleri sular alt\u0131nda kal\u0131rken, devrilen a\u011fa\u00e7lar binalara zarar verdi, baz\u0131 evler heyelanda s\u00fcr\u00fcklendi ve binlerce ki\u015fi evsiz kald\u0131.<\/p>\n<p>En \u00e7ok hasar Juiz de Fora ve Uba \u015fehirlerinde meydana gelirken, Juiz de Fora\u2019da acil durum ilan edildi.<\/p>\n<p><strong>CAN KAYBI 30&#8217;A Y\u00dcKSELD\u0130<\/strong><\/p>\n<p>\u0130tfaiye yetkilileri, felakette ya\u015fam\u0131n\u0131 yitirenlerin say\u0131s\u0131n\u0131n 30\u2019a y\u00fckseldi\u011fini, 39 kay\u0131p i\u00e7in ise arama \u00e7al\u0131\u015fmalar\u0131n\u0131n s\u00fcrd\u00fc\u011f\u00fcn\u00fc a\u00e7\u0131klad\u0131. Federal h\u00fck\u00fcmet, b\u00f6lgeye \u00e7ok say\u0131da sa\u011fl\u0131k ve kurtarma personeli ile asker sevk etti.<\/p>\n<p><img decoding=\"async\" src=\"https:\/\/bihavadis.com\/wp-content\/uploads\/2026\/03\/brezilyada-sel-felaketi-can-kaybi-30a-yukseldi-0-5dkTMqed.jpg\"\/><\/p>\n<p><strong>BA\u015eSA\u011eLI\u011eI VE YARDIM MESAJLARI<\/strong><\/p>\n<p>Minas Gerais Valisi Romeu Zema, eyalette \u00fc\u00e7 g\u00fcnl\u00fck yas ilan ederken Brezilya Devlet Ba\u015fkan\u0131 Luiz Inacio Lula da Silva, sosyal medyadan ba\u015fsa\u011fl\u0131\u011f\u0131 dileklerini iletti. Lula da Silva, <b><em>\u201c\u00d6nceli\u011fimiz insani yard\u0131m\u0131, temel hizmetlerin yeniden sa\u011flanmas\u0131n\u0131, yerinden edilmi\u015f insanlara yard\u0131m ula\u015ft\u0131rmay\u0131 ve yeniden yap\u0131lanmay\u0131 desteklemektir.\u201d<\/em><\/b> ifadelerini kulland\u0131.<\/p>\n<p><img decoding=\"async\" src=\"https:\/\/bihavadis.com\/wp-content\/uploads\/2026\/03\/brezilyada-sel-felaketi-can-kaybi-30a-yukseldi-1-wj2Awuuf.jpg\"\/> <\/p>\n<div> <span><strong>Kaynak:<\/strong> \u0130hlas Haber Ajans\u0131 (\u0130HA)<\/span> <\/div>\n","protected":false},"excerpt":{"rendered":"<p>Brezilya\u2019n\u0131n Minas Gerais eyaletinde \u00fc\u00e7 g\u00fcn s\u00fcren yo\u011fun ya\u011f\u0131\u015flar, sel ve toprak kaymalar\u0131na neden oldu. Nehirlerin ta\u015fmas\u0131yla yerle\u015fim yerleri sular alt\u0131nda kal\u0131rken, devrilen a\u011fa\u00e7lar binalara zarar verdi, baz\u0131 evler heyelanda s\u00fcr\u00fcklendi ve binlerce &#8230;<\/p>\n","protected":false},"author":1,"featured_media":66150,"comment_status":"open","ping_status":"open","sticky":false,"template":"","format":"standard","meta":{"footnotes":""},"categories":[6],"tags":[],"class_list":["post-66149","post","type-post","status-publish","format-standard","has-post-thumbnail","hentry","category-dunya"],"_links":{"self":[{"href":"https:\/\/bihavadis.com\/index.php\/wp-json\/wp\/v2\/posts\/66149","targetHints":{"allow":["GET"]}}],"collection":[{"href":"https:\/\/bihavadis.com\/index.php\/wp-json\/wp\/v2\/posts"}],"about":[{"href":"https:\/\/bihavadis.com\/index.php\/wp-json\/wp\/v2\/types\/post"}],"author":[{"embeddable":true,"href":"https:\/\/bihavadis.com\/index.php\/wp-json\/wp\/v2\/users\/1"}],"replies":[{"embeddable":true,"href":"https:\/\/bihavadis.com\/index.php\/wp-json\/wp\/v2\/comments?post=66149"}],"version-history":[{"count":1,"href":"https:\/\/bihavadis.com\/index.php\/wp-json\/wp\/v2\/posts\/66149\/revisions"}],"predecessor-version":[{"id":66153,"href":"https:\/\/bihavadis.com\/index.php\/wp-json\/wp\/v2\/posts\/66149\/revisions\/66153"}],"wp:featuredmedia":[{"embeddable":true,"href":"https:\/\/bihavadis.com\/index.php\/wp-json\/wp\/v2\/media\/66150"}],"wp:attachment":[{"href":"https:\/\/bihavadis.com\/index.php\/wp-json\/wp\/v2\/media?parent=66149"}],"wp:term":[{"taxonomy":"category","embeddable":true,"href":"https:\/\/bihavadis.com\/index.php\/wp-json\/wp\/v2\/categories?post=66149"},{"taxonomy":"post_tag","embeddable":true,"href":"https:\/\/bihavadis.com\/index.php\/wp-json\/wp\/v2\/tags?post=66149"}],"curies":[{"name":"wp","href":"https:\/\/api.w.org\/{rel}","templated":true}]}}