{"id":66171,"date":"2026-03-08T13:54:07","date_gmt":"2026-03-08T13:54:07","guid":{"rendered":"https:\/\/bihavadis.com\/?p=66171"},"modified":"2026-03-08T13:54:07","modified_gmt":"2026-03-08T13:54:07","slug":"cumhurbaskani-erdogan-emekliler-icin-inisiyatif-kullanabilir-iste-konusulan-rakam","status":"publish","type":"post","link":"https:\/\/bihavadis.com\/index.php\/2026\/03\/08\/cumhurbaskani-erdogan-emekliler-icin-inisiyatif-kullanabilir-iste-konusulan-rakam\/","title":{"rendered":"Cumhurba\u015fkan\u0131 Erdo\u011fan, emekliler i\u00e7in inisiyatif kullanabilir! \u0130\u015fte konu\u015fulan rakam"},"content":{"rendered":"<p>SSK ve BA\u011e-KUR emeklileri 2026 y\u0131l\u0131n\u0131n ilk 6 ay\u0131 i\u00e7in y\u00fczde 12,19 oran\u0131nda zam al\u0131rken, en d\u00fc\u015f\u00fck emekli ayl\u0131\u011f\u0131 y\u00fczde 18,4 art\u0131\u015fla 20 bin liraya y\u00fckseltildi. Maa\u015f art\u0131\u015flar\u0131n\u0131n ard\u0131ndan milyonlarca emekli, Ramazan Bayram\u0131 \u00f6ncesi bayram ikramiyelerine zam yap\u0131l\u0131p yap\u0131lmayaca\u011f\u0131n\u0131 merak ediyor.<\/p>\n<p><b>\u0130SA KARAKA\u015e: ORTADA NET B\u0130R \u00c7ALI\u015eMA YOK<\/b><\/p>\n<p>SGK Ba\u015f Uzman\u0131 \u0130sa Karaka\u015f, TGRT Haber canl\u0131 yay\u0131n\u0131nda emekli ikramiyelerine ili\u015fkin de\u011ferlendirmelerde bulundu. Karaka\u015f, \u015fu an i\u00e7in netle\u015fmi\u015f bir \u00e7al\u0131\u015fma olmad\u0131\u011f\u0131n\u0131 belirterek, bu konuda belirleyici olan\u0131n ekonomi y\u00f6netimi oldu\u011funu ifade etti. <\/p>\n<p><b>KUL\u0130SLERDE Y\u00dcZDE 25 VE Y\u00dcZDE 50 FORM\u00dcL\u00dc<\/b><\/p>\n<p>Ankara kulislerinde konu\u015fulan senaryolara de\u011finen Karaka\u015f; mevcut 4 bin liral\u0131k ikramiyenin y\u00fczde 25 ile y\u00fczde 50 aras\u0131nda art\u0131r\u0131lmas\u0131n\u0131n g\u00fcndemde oldu\u011funu s\u00f6yledi. Y\u00fczde 25&#8217;lik art\u0131\u015f form\u00fcl\u00fcne g\u00f6re emekli ikramiyesinin 5 bin liraya \u00e7\u0131kabilece\u011fi dile getiriliyor.<\/p>\n<p><b>ERDO\u011eAN FAKT\u00d6R\u00dc DETAYI<\/b><\/p>\n<p>Cumhurba\u015fkan\u0131 Recep Tayyip Erdo\u011fan&#8217;\u0131n inisiyatif kullanabilece\u011fine dikkat \u00e7eken Karaka\u015f, bu durumda ikramiye tutar\u0131n\u0131n 5 bin 500 liraya, hatta 6 bin liraya kadar y\u00fckseltilebilece\u011fini belirtti.<\/p>\n<p><b>6 B\u0130N L\u0130RA KURBAN BAYRAMI&#8217;NA KALAB\u0130L\u0130R<\/b><\/p>\n<p>Bir di\u011fer senaryoya g\u00f6re ise Ramazan Bayram\u0131&#8217;nda ikramiyenin 5 bin lira olarak \u00f6denmesi, Kurban Bayram\u0131&#8217;nda ise 6 bin liraya \u00e7\u0131kar\u0131lmas\u0131 ihtimali bulunuyor. Karaka\u015f, beklentinin genel olarak 5 bin ile 6 bin lira aras\u0131nda \u015fekillendi\u011fini s\u00f6yledi.<\/p>\n<p><b>&#8220;1 MAA\u015e \u0130KRAM\u0130YE GER\u00c7EK\u00c7\u0130 DE\u011e\u0130L&#8221;<\/b><\/p>\n<p>&#8220;1 maa\u015f ikramiye&#8221; iddialar\u0131na da de\u011finen Karaka\u015f, bu t\u00fcr s\u00f6ylemlerin ger\u00e7e\u011fi yans\u0131tmad\u0131\u011f\u0131n\u0131 vurgulayarak, emekli ikramiyelerinin 5-6 bin lira band\u0131nda olmas\u0131n\u0131n beklendi\u011fini ifade etti.<\/p>\n","protected":false},"excerpt":{"rendered":"<p>Emekli ikramiyeleriyle ilgili Ankara kulislerinde y\u00fczde 25 ila y\u00fczde 50 zam senaryolar\u0131 konu\u015fulurken, SGK Ba\u015f Uzman\u0131 \u0130sa Karaka\u015f; Ramazan Bayram\u0131 i\u00e7in 5 bin, Cumhurba\u015fkan\u0131 Erdo\u011fan&#8217;\u0131n inisiyatifiyle ise 5 bin 500 ila 6 bin lira ihtimalinin g\u00fcndemde oldu\u011funu belirtti.<\/p>\n","protected":false},"author":1,"featured_media":66172,"comment_status":"open","ping_status":"open","sticky":false,"template":"","format":"standard","meta":{"footnotes":""},"categories":[12],"tags":[698,845,6217,7530,801],"class_list":["post-66171","post","type-post","status-publish","format-standard","has-post-thumbnail","hentry","category-siyaset","tag-bayram","tag-emekli","tag-ikramiye","tag-karakas","tag-lira"],"_links":{"self":[{"href":"https:\/\/bihavadis.com\/index.php\/wp-json\/wp\/v2\/posts\/66171","targetHints":{"allow":["GET"]}}],"collection":[{"href":"https:\/\/bihavadis.com\/index.php\/wp-json\/wp\/v2\/posts"}],"about":[{"href":"https:\/\/bihavadis.com\/index.php\/wp-json\/wp\/v2\/types\/post"}],"author":[{"embeddable":true,"href":"https:\/\/bihavadis.com\/index.php\/wp-json\/wp\/v2\/users\/1"}],"replies":[{"embeddable":true,"href":"https:\/\/bihavadis.com\/index.php\/wp-json\/wp\/v2\/comments?post=66171"}],"version-history":[{"count":1,"href":"https:\/\/bihavadis.com\/index.php\/wp-json\/wp\/v2\/posts\/66171\/revisions"}],"predecessor-version":[{"id":66173,"href":"https:\/\/bihavadis.com\/index.php\/wp-json\/wp\/v2\/posts\/66171\/revisions\/66173"}],"wp:featuredmedia":[{"embeddable":true,"href":"https:\/\/bihavadis.com\/index.php\/wp-json\/wp\/v2\/media\/66172"}],"wp:attachment":[{"href":"https:\/\/bihavadis.com\/index.php\/wp-json\/wp\/v2\/media?parent=66171"}],"wp:term":[{"taxonomy":"category","embeddable":true,"href":"https:\/\/bihavadis.com\/index.php\/wp-json\/wp\/v2\/categories?post=66171"},{"taxonomy":"post_tag","embeddable":true,"href":"https:\/\/bihavadis.com\/index.php\/wp-json\/wp\/v2\/tags?post=66171"}],"curies":[{"name":"wp","href":"https:\/\/api.w.org\/{rel}","templated":true}]}}