{"id":66190,"date":"2026-03-08T14:09:07","date_gmt":"2026-03-08T14:09:07","guid":{"rendered":"https:\/\/bihavadis.com\/?p=66190"},"modified":"2026-03-08T14:09:07","modified_gmt":"2026-03-08T14:09:07","slug":"cagri-hakan-balta-resmen-fenerbahcede-ilk-antrenmanina-cikti","status":"publish","type":"post","link":"https:\/\/bihavadis.com\/index.php\/2026\/03\/08\/cagri-hakan-balta-resmen-fenerbahcede-ilk-antrenmanina-cikti\/","title":{"rendered":"\u00c7a\u011fr\u0131 Hakan Balta resmen Fenerbah\u00e7e&#8217;de: \u0130lk antrenman\u0131na \u00e7\u0131kt\u0131!"},"content":{"rendered":"<p>Galatasaray altyap\u0131s\u0131nda yeti\u015fen ve kul\u00fcb\u00fcn efsane isimlerinden Hakan Balta&#8217;n\u0131n o\u011flu olan Hakan \u00c7a\u011fr\u0131 Balta, kariyeri i\u00e7in ses getirecek bir ad\u0131m att\u0131.<\/p>\n<p>17 ya\u015f\u0131ndaki gen\u00e7 futbolcu, Galatasaray&#8217;dan gelen s\u00f6zle\u015fme teklifini kabul etmedi ve tak\u0131mdan ayr\u0131lma karar\u0131 alm\u0131\u015ft\u0131.<\/p>\n<p>Fenerbah\u00e7e&#8217;yle Galatasaray&#8217;\u0131 kar\u015f\u0131 kar\u015f\u0131ya getiren transfer sonu\u00e7land\u0131&#8230;<\/p>\n<p><strong>FLORYA&#8217;DAN KADIK\u00d6Y&#8217;E UZANAN YOLCULUK&#8230;<\/strong><\/p>\n<p>Bu kapsamda Fenerbah\u00e7e, kadrosunu eski Galatasarayl\u0131 Hakan Balta&#8217;n\u0131n o\u011flu \u00c7a\u011fr\u0131 Hakan Balta ile g\u00fc\u00e7lendirdi.<\/p>\n<p>Yeni transfer, Nottingham Forest ma\u00e7\u0131 \u00f6ncesinde Fenerbah\u00e7e formas\u0131yla ilk antrenman\u0131na \u00e7\u0131kt\u0131.<\/p>\n<p>Teknik heyet ve tak\u0131m arkada\u015flar\u0131yla tan\u0131\u015fan gen\u00e7 oyuncunun olduk\u00e7a istekli oldu\u011fu g\u00f6zlendi.<\/p>\n<p><img decoding=\"async\" src=\"https:\/\/bihavadis.com\/wp-content\/uploads\/2026\/03\/cagri-hakan-balta-resmen-fenerbahcede-ilk-antrenmanina-cikti-0-nXL39dHl.jpg\"\/><\/p>\n<p><strong>FENERBAH\u00c7E&#8217;YLE \u0130LK ANTRENMANINA \u00c7IKTI<\/strong><\/p>\n<p>Fenerbah\u00e7e&#8217;de \u00c7a\u011fr\u0131 Hakan Balta&#8217;n\u0131n k\u0131sa s\u00fcrede tak\u0131ma adapte edilmesi ve performans\u0131na g\u00f6re ma\u00e7 kadrolar\u0131nda de\u011ferlendirilmesi bekleniyor.<\/p>\n<p>Sar\u0131-lacivertliler, ezeli rakibi Galatasaray&#8217;a bu transfer i\u00e7in 3-4 Milyon TL yeti\u015ftiricilik bedeli ve sonraki transferden de y\u00fczde 10 pay \u00f6deyecek.<\/p>\n<p>Galatasaray&#8217;\u0131n U19 tak\u0131m\u0131nda bu sezon 21 ma\u00e7ta s\u00fcre bulan \u00c7a\u011fr\u0131 Balta, 6 kez a\u011flar\u0131 havaland\u0131rd\u0131.<\/p>\n<p><img decoding=\"async\" src=\"https:\/\/bihavadis.com\/wp-content\/uploads\/2026\/03\/cagri-hakan-balta-resmen-fenerbahcede-ilk-antrenmanina-cikti-1-A19PWS3Z.jpg\"\/><\/p>\n<p><img decoding=\"async\" src=\"https:\/\/bihavadis.com\/wp-content\/uploads\/2026\/03\/cagri-hakan-balta-resmen-fenerbahcede-ilk-antrenmanina-cikti-2-54lX8sK3.jpg\"\/> <\/p>\n<div> <span><strong>Kaynak:<\/strong> Ensonhaber Haber Merkezi<\/span> <\/div>\n","protected":false},"excerpt":{"rendered":"<p>Galatasaray altyap\u0131s\u0131nda yeti\u015fen ve kul\u00fcb\u00fcn efsane isimlerinden Hakan Balta&#8217;n\u0131n o\u011flu olan Hakan \u00c7a\u011fr\u0131 Balta, kariyeri i\u00e7in ses getirecek bir ad\u0131m att\u0131. 17 ya\u015f\u0131ndaki gen\u00e7 futbolcu, Galatasaray&#8217;dan gelen s\u00f6zle\u015fme teklifini kabul etmedi ve tak\u0131mdan &#8230;<\/p>\n","protected":false},"author":1,"featured_media":66191,"comment_status":"open","ping_status":"open","sticky":false,"template":"","format":"standard","meta":{"footnotes":""},"categories":[14],"tags":[2265,1858,496,4934],"class_list":["post-66190","post","type-post","status-publish","format-standard","has-post-thumbnail","hentry","category-spor","tag-balta","tag-fenerbahce","tag-galatasaray","tag-hakan"],"_links":{"self":[{"href":"https:\/\/bihavadis.com\/index.php\/wp-json\/wp\/v2\/posts\/66190","targetHints":{"allow":["GET"]}}],"collection":[{"href":"https:\/\/bihavadis.com\/index.php\/wp-json\/wp\/v2\/posts"}],"about":[{"href":"https:\/\/bihavadis.com\/index.php\/wp-json\/wp\/v2\/types\/post"}],"author":[{"embeddable":true,"href":"https:\/\/bihavadis.com\/index.php\/wp-json\/wp\/v2\/users\/1"}],"replies":[{"embeddable":true,"href":"https:\/\/bihavadis.com\/index.php\/wp-json\/wp\/v2\/comments?post=66190"}],"version-history":[{"count":1,"href":"https:\/\/bihavadis.com\/index.php\/wp-json\/wp\/v2\/posts\/66190\/revisions"}],"predecessor-version":[{"id":66195,"href":"https:\/\/bihavadis.com\/index.php\/wp-json\/wp\/v2\/posts\/66190\/revisions\/66195"}],"wp:featuredmedia":[{"embeddable":true,"href":"https:\/\/bihavadis.com\/index.php\/wp-json\/wp\/v2\/media\/66191"}],"wp:attachment":[{"href":"https:\/\/bihavadis.com\/index.php\/wp-json\/wp\/v2\/media?parent=66190"}],"wp:term":[{"taxonomy":"category","embeddable":true,"href":"https:\/\/bihavadis.com\/index.php\/wp-json\/wp\/v2\/categories?post=66190"},{"taxonomy":"post_tag","embeddable":true,"href":"https:\/\/bihavadis.com\/index.php\/wp-json\/wp\/v2\/tags?post=66190"}],"curies":[{"name":"wp","href":"https:\/\/api.w.org\/{rel}","templated":true}]}}